{"id":53916,"date":"2023-09-24T14:06:17","date_gmt":"2023-09-24T14:06:17","guid":{"rendered":"https:\/\/lestracesdelinfo.com\/?p=53916"},"modified":"2023-09-24T14:06:20","modified_gmt":"2023-09-24T14:06:20","slug":"niger-pour-lex-president-issoufou-une-intervention-militaire-serait-une-faute","status":"publish","type":"post","link":"https:\/\/lestracesdelinfo.com\/index.php\/2023\/09\/24\/niger-pour-lex-president-issoufou-une-intervention-militaire-serait-une-faute\/","title":{"rendered":"Niger: pour l&rsquo;ex-pr\u00e9sident Issoufou, une intervention militaire serait une \u00abfaute\u00bb"},"content":{"rendered":"\n<figure class=\"wp-block-image\"><img decoding=\"async\" src=\"https:\/\/www.arabnews.fr\/sites\/default\/files\/styles\/670x395\/public\/2023-09\/8QN7MC-preview.jpg?h=e5aec6c8&amp;itok=CoeQV0Ws\" alt=\"L'ancien pr\u00e9sident du Niger Mahamadou Issoufou (2011-2021), discret depuis le coup d'Etat du 26 juillet, a estim\u00e9 samedi qu'une intervention militaire ext\u00e9rieure contre son pays pour r\u00e9tablir l'ordre constitutionnel serait une faute. (AFP)\"\/><\/figure>\n\n\n\n<p>    <strong>Source :\u00a0<a rel=\"noreferrer noopener\" href=\"https:\/\/www.arabnews.fr\/node\/427381\/international\" target=\"_blank\">Arabnews &#8211; Arabie Saoudite<\/a><\/strong>   <\/p>\n\n\n\n<p>L&rsquo;ancien pr\u00e9sident du Niger Mahamadou Issoufou (2011-2021), discret depuis le coup d&rsquo;Etat du 26 juillet, a estim\u00e9 samedi qu&rsquo;une intervention militaire ext\u00e9rieure contre son pays pour r\u00e9tablir l&rsquo;ordre constitutionnel serait une faute. (AFP)<\/p>\n\n\n\n<p>Short Url<\/p>\n\n\n\n<p><a href=\"https:\/\/arab.news\/jzyyw\">arab.news<\/a><\/p>\n\n\n\n<p>AFP<\/p>\n\n\n\n<p>NIAMEY:&nbsp;L&rsquo;ancien pr\u00e9sident du Niger Mahamadou Issoufou (2011-2021), discret depuis<a href=\"https:\/\/arab.news\/6fqvc\">&nbsp;le coup d&rsquo;Etat du 26 juillet,<\/a>&nbsp;a estim\u00e9 samedi qu&rsquo;une intervention militaire ext\u00e9rieure contre son pays pour r\u00e9tablir l&rsquo;ordre constitutionnel serait une \u00ab\u00a0faute\u00a0\u00bb, appelant \u00e0 une \u00ab\u00a0solution n\u00e9goci\u00e9e\u00a0\u00bb.<\/p>\n\n\n\n<p>\u00ab\u00a0Toujours pr\u00e9occup\u00e9 par la grave crise que conna\u00eet mon pays, le Niger, je r\u00e9affirme que seule une solution n\u00e9goci\u00e9e ouvrira la voie au retour rapide \u00e0 un ordre d\u00e9mocratique stable\u00a0\u00bb, a affirm\u00e9 M. Issoufou dans une s\u00e9rie de publications sur X (anciennement Twitter).<\/p>\n\n\n\n<p>\u00ab\u00a0Une intervention militaire ext\u00e9rieure, dont les cons\u00e9quences humaines et mat\u00e9rielles sont incalculables, y sera une source d&rsquo;instabilit\u00e9 durable (&#8230;) Plus qu&rsquo;une erreur, y recourir serait une faute. Je suis s\u00fbr que les chefs d&rsquo;Etat de la Cedeao puiseront dans leur immense sagesse pour ne pas commettre une telle faute\u00a0\u00bb, a-t-il ajout\u00e9.<\/p>\n\n\n\n<p>La communaut\u00e9 \u00e9conomique des Etats d&rsquo;Afrique de l&rsquo;ouest (Cedeao) menace depuis plusieurs semaines les auteurs du putsch d&rsquo;une intervention militaire pour r\u00e9tablir le pr\u00e9sident renvers\u00e9, Mohamed Bazoum, qui avait succ\u00e9d\u00e9 \u00e0 M. Issoufou.<\/p>\n\n\n\n<p>Elle avait annonc\u00e9 que le jour et les modalit\u00e9s de l&rsquo;op\u00e9ration avaient \u00e9t\u00e9 d\u00e9cid\u00e9s, priorisant toutefois la voie diplomatique.<\/p>\n\n\n\n<p>Soutenue par plusieurs pays occidentaux, dont la France, l&rsquo;organisation ouest-africaine reste d\u00e9sormais relativement silencieuse sur la question d&rsquo;une \u00e9ventuelle intervention.<\/p>\n\n\n\n<p><a href=\"https:\/\/arab.news\/wmjxv\">Depuis le coup d&rsquo;Etat<\/a>, plusieurs publications sur les r\u00e9seaux sociaux ont \u00e9voqu\u00e9 le r\u00f4le suppos\u00e9 de Mahamadou Issoufou dans le coup d&rsquo;Etat du 26 juillet.<\/p>\n\n\n\n<p>\u00ab\u00a0Archi-faux\u00a0\u00bb, avait r\u00e9pondu M. Issoufou dans une interview \u00e0 Jeune Afrique, le 17 ao\u00fbt, appelant \u00e0 la lib\u00e9ration de M. Bazoum et sa \u00ab\u00a0restauration dans ses fonctions\u00a0\u00bb.<\/p>\n","protected":false},"excerpt":{"rendered":"<p>Source :\u00a0Arabnews &#8211; Arabie Saoudite L&rsquo;ancien pr\u00e9sident du Niger Mahamadou Issoufou (2011-2021), discret depuis le coup d&rsquo;Etat du 26 juillet, a estim\u00e9 samedi qu&rsquo;une intervention militaire ext\u00e9rieure contre son pays pour r\u00e9tablir l&rsquo;ordre constitutionnel serait une faute. (AFP) Short Url arab.news AFP NIAMEY:&nbsp;L&rsquo;ancien pr\u00e9sident du Niger Mahamadou Issoufou (2011-2021), discret depuis&nbsp;le coup d&rsquo;Etat du 26 [&hellip;]<\/p>\n","protected":false},"author":2,"featured_media":53917,"comment_status":"open","ping_status":"open","sticky":false,"template":"","format":"standard","meta":{"footnotes":""},"categories":[1],"tags":[],"class_list":["post-53916","post","type-post","status-publish","format-standard","has-post-thumbnail","hentry","category-aucun"],"_links":{"self":[{"href":"https:\/\/lestracesdelinfo.com\/index.php\/wp-json\/wp\/v2\/posts\/53916","targetHints":{"allow":["GET"]}}],"collection":[{"href":"https:\/\/lestracesdelinfo.com\/index.php\/wp-json\/wp\/v2\/posts"}],"about":[{"href":"https:\/\/lestracesdelinfo.com\/index.php\/wp-json\/wp\/v2\/types\/post"}],"author":[{"embeddable":true,"href":"https:\/\/lestracesdelinfo.com\/index.php\/wp-json\/wp\/v2\/users\/2"}],"replies":[{"embeddable":true,"href":"https:\/\/lestracesdelinfo.com\/index.php\/wp-json\/wp\/v2\/comments?post=53916"}],"version-history":[{"count":1,"href":"https:\/\/lestracesdelinfo.com\/index.php\/wp-json\/wp\/v2\/posts\/53916\/revisions"}],"predecessor-version":[{"id":53918,"href":"https:\/\/lestracesdelinfo.com\/index.php\/wp-json\/wp\/v2\/posts\/53916\/revisions\/53918"}],"wp:featuredmedia":[{"embeddable":true,"href":"https:\/\/lestracesdelinfo.com\/index.php\/wp-json\/wp\/v2\/media\/53917"}],"wp:attachment":[{"href":"https:\/\/lestracesdelinfo.com\/index.php\/wp-json\/wp\/v2\/media?parent=53916"}],"wp:term":[{"taxonomy":"category","embeddable":true,"href":"https:\/\/lestracesdelinfo.com\/index.php\/wp-json\/wp\/v2\/categories?post=53916"},{"taxonomy":"post_tag","embeddable":true,"href":"https:\/\/lestracesdelinfo.com\/index.php\/wp-json\/wp\/v2\/tags?post=53916"}],"curies":[{"name":"wp","href":"https:\/\/api.w.org\/{rel}","templated":true}]}}