{"id":53928,"date":"2023-09-25T07:51:46","date_gmt":"2023-09-25T07:51:46","guid":{"rendered":"https:\/\/lestracesdelinfo.com\/?p=53928"},"modified":"2023-09-25T07:51:50","modified_gmt":"2023-09-25T07:51:50","slug":"le-president-de-la-republique-appelle-les-ulemas-a-promouvoir-les-valeurs-de-fraternite-et-de-solidarite","status":"publish","type":"post","link":"https:\/\/lestracesdelinfo.com\/index.php\/2023\/09\/25\/le-president-de-la-republique-appelle-les-ulemas-a-promouvoir-les-valeurs-de-fraternite-et-de-solidarite\/","title":{"rendered":"Le Pr\u00e9sident de la R\u00e9publique appelle les Ul\u00e9mas \u00e0 promouvoir les valeurs de fraternit\u00e9 et de solidarit\u00e9"},"content":{"rendered":"\n<figure class=\"wp-block-image\"><a href=\"https:\/\/ami.mr\/fr\/wp-content\/uploads\/2023\/09\/333.jpg\"><img decoding=\"async\" src=\"https:\/\/ami.mr\/fr\/wp-content\/uploads\/2023\/09\/333-750x430.jpg\" alt=\"\"\/><\/a><\/figure>\n\n\n\n<p><strong>AM<\/strong>I  Son Excellence le Pr\u00e9sident de la R\u00e9publique, Monsieur Mohamed Ould Cheikh El Ghazouani, a affirm\u00e9 que le r\u00f4le des universitaires, des cheikhs et des leaders d\u2019opinion est essentiel pour \u0153uvrer \u00e0 aplanir les divisions, rapprocher les nations et les peuples, et diffuser les valeurs de fraternit\u00e9 et de solidarit\u00e9, les appelant \u00e0 renforcer ce r\u00f4le, notamment \u00e0 la lumi\u00e8re des d\u00e9fis et des crises auxquels sont confront\u00e9s le continent africain et le monde en g\u00e9n\u00e9ral.<\/p>\n\n\n\n<p>Au cours de sa supervision de l\u2019ouverture de la trente-sixi\u00e8me session de la Conf\u00e9rence internationale sur la biographie du Proph\u00e8te, aujourd\u2019hui samedi, au Palais des Conf\u00e9rences de Nouakchott, Son Excellence a accueilli les savants, cheikhs et chercheurs qui ont r\u00e9pondu \u00e0 l\u2019appel \u00e0 c\u00e9l\u00e9brer la biographie du Proph\u00e8te Mohamed que la paix et la b\u00e9n\u00e9diction soient sur lui.<\/p>\n\n\n\n<p>Il a \u00e9galement \u00e9voqu\u00e9 le r\u00f4le des \u00e9rudits mauritaniens dans la diffusion des sciences islamiques et des valeurs religieuses, faisant observer que ce r\u00f4le est aujourd\u2019hui indispensable pour pr\u00e9server la coh\u00e9sion des soci\u00e9t\u00e9s et la paix dans le monde. Voici une traduction du discours int\u00e9gral du Pr\u00e9sident de la R\u00e9publique :<\/p>\n\n\n\n<p>\u00ab Au nom d\u2019Allah le Cl\u00e9ment le Mis\u00e9ricordieux,<\/p>\n\n\n\n<p>Paix et salut sur son honorable Proph\u00e8te,<\/p>\n\n\n\n<p>\u2013 Monsieur le Premier ministre ;<\/p>\n\n\n\n<p>\u2013 Messieurs les membres du Gouvernement ;<\/p>\n\n\n\n<p>\u2013 Excellence le secr\u00e9taire g\u00e9n\u00e9ral de la Ligue islamique mondiale, Dr. Mohamedd Abdel Kerim Al-Issa ;<\/p>\n\n\n\n<p>\u2013 Excellences membres accr\u00e9dit\u00e9s du corps diplomatique ;<\/p>\n\n\n\n<p>\u2013 -Monsieur le pr\u00e9sident de l\u2019Association Culturelle Islamique de Mauritanie et d\u2019Afrique de l\u2019Ouest ;<\/p>\n\n\n\n<p>\u2013 Honorable assistance ;<\/p>\n\n\n\n<p>Au moment o\u00f9 nous somme \u00e0 la veille de l\u2019anniversaire de la naissance du Proph\u00e8te (PSL), je voudrais tout d\u2019abord, souhaiter la bienvenue \u00e0 nos distingu\u00e9s invit\u00e9s, les \u00e9minents et \u00e9minents savants, cheikhs et chercheurs qui, en d\u00e9pit de l\u2019\u00e9loignement, ont r\u00e9pondu \u00e0 l\u2019appel pour c\u00e9l\u00e9brer, ici, la S\u00eera du plus illustre des envoy\u00e9s d\u2019Allah, de l\u2019Imam des Messagers, notre Ma\u00eetre et Proph\u00e8te Mohamed, que la paix et la b\u00e9n\u00e9diction soient sur lui.<\/p>\n\n\n\n<p>Il n\u2019est pas du tout surprenant qu\u2019ils re\u00e7oivent un tel appel de la part de leurs fr\u00e8res de la R\u00e9publique Islamique de Mauritanie, car les habitants de cette terre sont p\u00e9tris de l\u2019amour sinc\u00e8re qu\u2019ils vouent au Proph\u00e8te, que la paix et la b\u00e9n\u00e9diction soient sur lui, sont attach\u00e9s \u00e0 sa Sunna qu\u2019ils entretiennent par la pr\u00e9dication, l\u2019\u00e9tude et l\u2019enseignement.<\/p>\n\n\n\n<p>Ils ont toujours perp\u00e9tu\u00e9 la glorification de sa S\u00eera \u00e0 laquelle ils se sont constamment conform\u00e9s, mus en cela par leur ferme conviction que le Coran est la ligne directrice de ses actes et de son comportement, paix et b\u00e9n\u00e9dictions sur lui. La vie du Proph\u00e8te (PSL), a exprim\u00e9 de fa\u00e7on vivante la v\u00e9rit\u00e9 et l\u2019essence du message sublime de tol\u00e9rance, et des insignes et \u00e9ternelles valeurs dont il \u00e9tait porteur.<\/p>\n\n\n\n<p>Je voudrais \u00e9galement remercier les responsables du Rassemblement culturel islamique pour les grands efforts qu\u2019ils d\u00e9ploient au service de la vivification de l\u2019honorable S\u00eera du Proph\u00e8te.<\/p>\n\n\n\n<p>Je les f\u00e9licite \u00e9galement pour avoir choisi avec succ\u00e8s le r\u00f4le des savants et des cheikhs dans la r\u00e9conciliation et le renforcement des liens entre les peuples et les nations, comme th\u00e8me de cette trente-sixi\u00e8me \u00e9dition de la Conf\u00e9rence internationale sur la biographie du Proph\u00e8te.<\/p>\n\n\n\n<p>Aujourd\u2019hui, nous avons cruellement besoin de renforcer ce r\u00f4le, \u00e0 la lumi\u00e8re des graves crises et des p\u00e9rilleux d\u00e9fis auxquels notre continent africain et le monde en g\u00e9n\u00e9ral sont confront\u00e9s.<\/p>\n\n\n\n<p>Mesdames, Messieurs ;<\/p>\n\n\n\n<p>La naissance des soci\u00e9t\u00e9s humaines et la formation des communaut\u00e9s repose \u00e0 l\u2019origine et essentiellement sur une volont\u00e9 commune de coexister, fond\u00e9e sur l\u2019\u00e9quit\u00e9, la tol\u00e9rance, la mod\u00e9ration, l\u2019acceptation de la diff\u00e9rence et la coop\u00e9ration, dans la fraternit\u00e9 et la solidarit\u00e9.<\/p>\n\n\n\n<p>Autant ces valeurs \u00e9lev\u00e9es, qui sont l\u2019essence de notre v\u00e9ritable religion, repr\u00e9sentent une n\u00e9cessit\u00e9 imp\u00e9rative au sein des composantes d\u2019une m\u00eame soci\u00e9t\u00e9, autant elles sont \u00e9galement indispensable entre les soci\u00e9t\u00e9s, les nations et les peuples.<\/p>\n\n\n\n<p>Il n\u2019\u00e9chappe \u00e0 personne que notre continent et le monde en g\u00e9n\u00e9ral vivent une situation marqu\u00e9e par la pr\u00e9valence de la violence, de l\u2019extr\u00e9misme, du terrorisme, des troubles sociaux et des conflits arm\u00e9s, qui s\u00e8ment la d\u00e9vastation et menacent la p\u00e9rennit\u00e9 des \u00c9tats et des soci\u00e9t\u00e9s. Ces ph\u00e9nom\u00e8nes sont dus, en grande partie, \u00e0 l\u2019absence de ces valeurs dans le comportement social et dans les relations entre les \u00c9tats et entre les peuples.<\/p>\n\n\n\n<p>C\u2019est pourquoi un grand effort doit \u00eatre d\u00e9ploy\u00e9 pour diffuser les valeurs de fraternit\u00e9, de tol\u00e9rance et de mod\u00e9ration, au sein des soci\u00e9t\u00e9s.<\/p>\n\n\n\n<p>Cet effort ne sera efficace que dans la mesure o\u00f9 nous parviendrons \u00e0 triompher de l\u2019extr\u00e9misme, le fanatisme et le jusqu\u2019au-boutisme, dont le discours imp\u00e9tueux alimente les actes de violence.<\/p>\n\n\n\n<p>C\u2019est pourquoi, dans le cadre de notre strat\u00e9gie de lutte contre ces ph\u00e9nom\u00e8nes, nos savants ont commenc\u00e9 \u00e0 corriger les conceptions de notre jeunesse qui avaient \u00e9t\u00e9 tromp\u00e9es par les adeptes du discours de l\u2019extr\u00e9misme, au travers de la diffusion de la culture de paix et de mod\u00e9ration, et des valeurs authentiques de l\u2019Islam, et en opposant aux mensonges et aux interpr\u00e9tations destructrices et d\u00e9viantes la force de l\u2019argumentaire th\u00e9ologique puis\u00e9 des sources de la religion.<\/p>\n\n\n\n<p>Pour soutenir leurs efforts et renforcer leur r\u00f4le dans ce domaine, nous avons tenu \u00e0 augmenter sensiblement le nombre des Mahadras agr\u00e9\u00e9es et \u00e0 recruter davantage d\u2019imams, au moment o\u00f9 nous avons institu\u00e9 un prix pour la m\u00e9morisation du Saint Coran et la compr\u00e9hension des textes jurisprudentiels, et nous avons cr\u00e9\u00e9 la Grande Mahdara chinguitienne et une maison pour le Saint Coran.<\/p>\n\n\n\n<p>Nous continuons \u00e9galement \u00e0 \u0153uvrer pour \u00e9radiquer les faux st\u00e9r\u00e9otypes de notre h\u00e9ritage social qui entrent en conflit avec les objectifs de la charia et les exigences de la loi et nuisent \u00e0 la coh\u00e9sion sociale. Certaines personnes l\u2019utilisent comme un moyen de d\u00e9former notre vraie religion et servir des desseins inavou\u00e9s.<\/p>\n\n\n\n<p>Dans tous les forums internationaux, nous avons constamment affirm\u00e9 notre rejet et notre d\u00e9nonciation de toutes les tendances qui alimentent la haine, telles que l\u2019islamophobie et les tendances racistes comparables, et avons appel\u00e9 \u00e0 la primaut\u00e9 du dialogue et \u00e0 la r\u00e9solution des diff\u00e9rends par des moyens pacifiques, tout en \u00e9tant toujours soucieux de renforcer la liens d\u2019amiti\u00e9 et de fraternit\u00e9 entre les pays et les peuples.<\/p>\n\n\n\n<p>Dans ce contexte, notre pays a vu l\u2019organisation de nombreuses conf\u00e9rences, s\u00e9minaires et manifestations, visant \u00e0 diffuser la culture de la paix et les valeurs de tol\u00e9rance et de mod\u00e9ration.<\/p>\n\n\n\n<p>Mesdames, Messieurs ;<\/p>\n\n\n\n<p>Le r\u00f4le des universitaires, des cheikhs et des leaders d\u2019opinion est essentiel pour aplanir les divisions, rapprocher les nations et les peuples et diffuser les valeurs de fraternit\u00e9 et de solidarit\u00e9.<\/p>\n\n\n\n<p>Alors que je m\u2019appuie grandement, dans ce contexte, sur les r\u00e9sultats de cette trente-sixi\u00e8me session de la Conf\u00e9rence internationale sur la biographie du Proph\u00e8te, j\u2019annonce, avec la b\u00e9n\u00e9diction d\u2019Allah, son ouverture, en souhaitant bonne chance et succ\u00e8s \u00e0 ses travaux.<\/p>\n\n\n\n<p>Je vous remercie.<\/p>\n\n\n\n<p>Que la paix, la mis\u00e9ricorde et les b\u00e9n\u00e9dictions d\u2019Allah soient sur vous \u00bb.<\/p>\n","protected":false},"excerpt":{"rendered":"<p>AMI Son Excellence le Pr\u00e9sident de la R\u00e9publique, Monsieur Mohamed Ould Cheikh El Ghazouani, a affirm\u00e9 que le r\u00f4le des universitaires, des cheikhs et des leaders d\u2019opinion est essentiel pour \u0153uvrer \u00e0 aplanir les divisions, rapprocher les nations et les peuples, et diffuser les valeurs de fraternit\u00e9 et de solidarit\u00e9, les appelant \u00e0 renforcer ce [&hellip;]<\/p>\n","protected":false},"author":2,"featured_media":53929,"comment_status":"open","ping_status":"open","sticky":false,"template":"","format":"standard","meta":{"footnotes":""},"categories":[1],"tags":[],"class_list":["post-53928","post","type-post","status-publish","format-standard","has-post-thumbnail","hentry","category-aucun"],"_links":{"self":[{"href":"https:\/\/lestracesdelinfo.com\/index.php\/wp-json\/wp\/v2\/posts\/53928","targetHints":{"allow":["GET"]}}],"collection":[{"href":"https:\/\/lestracesdelinfo.com\/index.php\/wp-json\/wp\/v2\/posts"}],"about":[{"href":"https:\/\/lestracesdelinfo.com\/index.php\/wp-json\/wp\/v2\/types\/post"}],"author":[{"embeddable":true,"href":"https:\/\/lestracesdelinfo.com\/index.php\/wp-json\/wp\/v2\/users\/2"}],"replies":[{"embeddable":true,"href":"https:\/\/lestracesdelinfo.com\/index.php\/wp-json\/wp\/v2\/comments?post=53928"}],"version-history":[{"count":1,"href":"https:\/\/lestracesdelinfo.com\/index.php\/wp-json\/wp\/v2\/posts\/53928\/revisions"}],"predecessor-version":[{"id":53930,"href":"https:\/\/lestracesdelinfo.com\/index.php\/wp-json\/wp\/v2\/posts\/53928\/revisions\/53930"}],"wp:featuredmedia":[{"embeddable":true,"href":"https:\/\/lestracesdelinfo.com\/index.php\/wp-json\/wp\/v2\/media\/53929"}],"wp:attachment":[{"href":"https:\/\/lestracesdelinfo.com\/index.php\/wp-json\/wp\/v2\/media?parent=53928"}],"wp:term":[{"taxonomy":"category","embeddable":true,"href":"https:\/\/lestracesdelinfo.com\/index.php\/wp-json\/wp\/v2\/categories?post=53928"},{"taxonomy":"post_tag","embeddable":true,"href":"https:\/\/lestracesdelinfo.com\/index.php\/wp-json\/wp\/v2\/tags?post=53928"}],"curies":[{"name":"wp","href":"https:\/\/api.w.org\/{rel}","templated":true}]}}