{"id":53931,"date":"2023-09-25T07:55:48","date_gmt":"2023-09-25T07:55:48","guid":{"rendered":"https:\/\/lestracesdelinfo.com\/?p=53931"},"modified":"2023-09-25T07:55:52","modified_gmt":"2023-09-25T07:55:52","slug":"larabie-saoudite-condamne-les-provocations-des-extremistes-a-la-mosquee-al-aqsa","status":"publish","type":"post","link":"https:\/\/lestracesdelinfo.com\/index.php\/2023\/09\/25\/larabie-saoudite-condamne-les-provocations-des-extremistes-a-la-mosquee-al-aqsa\/","title":{"rendered":"L&rsquo;Arabie saoudite condamne les provocations des extr\u00e9mistes \u00e0 la mosqu\u00e9e Al-Aqsa"},"content":{"rendered":"\n<figure class=\"wp-block-image\"><img decoding=\"async\" src=\"https:\/\/www.arabnews.fr\/sites\/default\/files\/styles\/670x395\/public\/2023-09\/4018881-1645438333_0.jpeg?h=dd408114&amp;itok=nuCk-Oo9\" alt=\"Vue du complexe de la mosqu\u00e9e Al-Aqsa et de son D\u00f4me du Rocher dans la vieille ville de J\u00e9rusalem (Photo, AFP).\"\/><\/figure>\n\n\n\n<p>Vue du complexe de la mosqu\u00e9e Al-Aqsa et de son D\u00f4me du Rocher dans la vieille ville de J\u00e9rusalem (Photo, AFP).<\/p>\n\n\n\n<ul class=\"wp-block-list\">\n<li>Le minist\u00e8re a r\u00e9it\u00e9r\u00e9 la position de l&rsquo;Arabie saoudite visant \u00e0 mettre fin \u00e0 l&rsquo;occupation isra\u00e9lienne des territoires palestiniens<\/li>\n\n\n\n<li>Il a \u00e9galement exprim\u00e9 son soutien au fait que le peuple palestinien puisse \u00e9tablir son \u00c9tat ind\u00e9pendant sur les fronti\u00e8res de 1967<\/li>\n<\/ul>\n\n\n\n<p>RIYAD: L&rsquo;Arabie saoudite a condamn\u00e9 dimanche les pratiques provocatrices continues men\u00e9es par un groupe d&rsquo;extr\u00e9mistes \u00e0 la&nbsp;<a href=\"https:\/\/www.arabnews.fr\/node\/391656\/monde-arabe\">mosqu\u00e9e Al-Aqsa<\/a>&nbsp;sous la protection des forces isra\u00e9liennes, a rapport\u00e9 l&rsquo;agence de presse saoudienne.<\/p>\n\n\n\n<p>Le minist\u00e8re des Affaires \u00e9trang\u00e8res du Royaume a exprim\u00e9 son regret face aux pratiques des autorit\u00e9s isra\u00e9liennes qui sapent les efforts de paix internationaux et contredisent les principes et les normes internationaux relatifs au respect des sanctuaires religieux.<\/p>\n\n\n\n<p>Le minist\u00e8re a r\u00e9it\u00e9r\u00e9 la position ferme du Royaume en faveur du peuple palestinien et de toutes les actions visant \u00e0 mettre fin \u00e0 l&rsquo;occupation isra\u00e9lienne des territoires palestiniens.<\/p>\n\n\n\n<p>Il a \u00e9galement exprim\u00e9 son soutien \u00e0 une solution juste et globale&nbsp;<a href=\"https:\/\/www.arabnews.fr\/node\/426731\/monde-arabe\">de la question palestinienne<\/a>, permettant au peuple palestinien d&rsquo;\u00e9tablir son \u00c9tat palestinien ind\u00e9pendant sur les fronti\u00e8res de 1967, avec J\u00e9rusalem-Est comme capitale.<\/p>\n\n\n\n<p>Isra\u00ebl s&rsquo;est empar\u00e9 de la Cisjordanie, de J\u00e9rusalem-Est et de la bande de Gaza lors de la guerre du Moyen-Orient en 1967. Les Palestiniens cherchent \u00e0 obtenir ces territoires pour y \u00e9tablir l&rsquo;\u00c9tat ind\u00e9pendant auquel ils aspirent.<\/p>\n\n\n\n<p><em>Ce texte est la traduction d&rsquo;un article paru sur Arabnews.com<\/em><\/p>\n","protected":false},"excerpt":{"rendered":"<p>Vue du complexe de la mosqu\u00e9e Al-Aqsa et de son D\u00f4me du Rocher dans la vieille ville de J\u00e9rusalem (Photo, AFP). RIYAD: L&rsquo;Arabie saoudite a condamn\u00e9 dimanche les pratiques provocatrices continues men\u00e9es par un groupe d&rsquo;extr\u00e9mistes \u00e0 la&nbsp;mosqu\u00e9e Al-Aqsa&nbsp;sous la protection des forces isra\u00e9liennes, a rapport\u00e9 l&rsquo;agence de presse saoudienne. Le minist\u00e8re des Affaires \u00e9trang\u00e8res [&hellip;]<\/p>\n","protected":false},"author":2,"featured_media":53932,"comment_status":"open","ping_status":"open","sticky":false,"template":"","format":"standard","meta":{"footnotes":""},"categories":[1],"tags":[],"class_list":["post-53931","post","type-post","status-publish","format-standard","has-post-thumbnail","hentry","category-aucun"],"_links":{"self":[{"href":"https:\/\/lestracesdelinfo.com\/index.php\/wp-json\/wp\/v2\/posts\/53931","targetHints":{"allow":["GET"]}}],"collection":[{"href":"https:\/\/lestracesdelinfo.com\/index.php\/wp-json\/wp\/v2\/posts"}],"about":[{"href":"https:\/\/lestracesdelinfo.com\/index.php\/wp-json\/wp\/v2\/types\/post"}],"author":[{"embeddable":true,"href":"https:\/\/lestracesdelinfo.com\/index.php\/wp-json\/wp\/v2\/users\/2"}],"replies":[{"embeddable":true,"href":"https:\/\/lestracesdelinfo.com\/index.php\/wp-json\/wp\/v2\/comments?post=53931"}],"version-history":[{"count":1,"href":"https:\/\/lestracesdelinfo.com\/index.php\/wp-json\/wp\/v2\/posts\/53931\/revisions"}],"predecessor-version":[{"id":53933,"href":"https:\/\/lestracesdelinfo.com\/index.php\/wp-json\/wp\/v2\/posts\/53931\/revisions\/53933"}],"wp:featuredmedia":[{"embeddable":true,"href":"https:\/\/lestracesdelinfo.com\/index.php\/wp-json\/wp\/v2\/media\/53932"}],"wp:attachment":[{"href":"https:\/\/lestracesdelinfo.com\/index.php\/wp-json\/wp\/v2\/media?parent=53931"}],"wp:term":[{"taxonomy":"category","embeddable":true,"href":"https:\/\/lestracesdelinfo.com\/index.php\/wp-json\/wp\/v2\/categories?post=53931"},{"taxonomy":"post_tag","embeddable":true,"href":"https:\/\/lestracesdelinfo.com\/index.php\/wp-json\/wp\/v2\/tags?post=53931"}],"curies":[{"name":"wp","href":"https:\/\/api.w.org\/{rel}","templated":true}]}}