{"id":53934,"date":"2023-09-26T07:04:05","date_gmt":"2023-09-26T07:04:05","guid":{"rendered":"https:\/\/lestracesdelinfo.com\/?p=53934"},"modified":"2023-09-26T07:04:08","modified_gmt":"2023-09-26T07:04:08","slug":"mecontent-de-certains-articles-le-burkina-suspend-la-diffusion-de-jeune-afrique","status":"publish","type":"post","link":"https:\/\/lestracesdelinfo.com\/index.php\/2023\/09\/26\/mecontent-de-certains-articles-le-burkina-suspend-la-diffusion-de-jeune-afrique\/","title":{"rendered":"M\u00e9content de certains articles, le Burkina suspend la diffusion de Jeune Afrique"},"content":{"rendered":"\n<p><\/p>\n\n\n\n<figure class=\"wp-block-image size-large\"><img loading=\"lazy\" decoding=\"async\" width=\"1024\" height=\"682\" src=\"https:\/\/lestracesdelinfo.com\/wp-content\/uploads\/2023\/09\/8ba889b88b1b0b2557804a0fdd8e1a3e5738df34ea6a625a742f195122db2726-1-1024x682.webp\" alt=\"\" class=\"wp-image-53935\" srcset=\"https:\/\/lestracesdelinfo.com\/wp-content\/uploads\/2023\/09\/8ba889b88b1b0b2557804a0fdd8e1a3e5738df34ea6a625a742f195122db2726-1-1024x682.webp 1024w, https:\/\/lestracesdelinfo.com\/wp-content\/uploads\/2023\/09\/8ba889b88b1b0b2557804a0fdd8e1a3e5738df34ea6a625a742f195122db2726-1-300x200.webp 300w, https:\/\/lestracesdelinfo.com\/wp-content\/uploads\/2023\/09\/8ba889b88b1b0b2557804a0fdd8e1a3e5738df34ea6a625a742f195122db2726-1-768x511.webp 768w, https:\/\/lestracesdelinfo.com\/wp-content\/uploads\/2023\/09\/8ba889b88b1b0b2557804a0fdd8e1a3e5738df34ea6a625a742f195122db2726-1.webp 1194w\" sizes=\"auto, (max-width: 1024px) 100vw, 1024px\" \/><\/figure>\n\n\n\n<p>Le Figaro &#8211; Le Burkina Faso a annonc\u00e9 lundi soir la suspension de \u00abtous les supports de diffusion\u00bb du m\u00e9dia Jeune Afrique, qui compte un journal papier et un site internet, apr\u00e8s la parution d&rsquo;articles \u00e9voquant des tensions au sein de l&rsquo;arm\u00e9e burkinab\u00e8.<br><br>Le \u00abgouvernement de transition\u00bb a \u00abainsi d\u00e9cid\u00e9 en toute responsabilit\u00e9 de la suspension jusqu&rsquo;\u00e0 nouvel ordre de tous les supports de diffusion de Jeune Afrique au Burkina Faso \u00e0 compter de ce lundi 25 septembre\u00bb, a-t-il \u00e9crit dans un communiqu\u00e9, d\u00e9non\u00e7ant une volont\u00e9 \u00abde jeter un discr\u00e9dit inacceptable sur les Forces arm\u00e9es nationales\u00bb.<br><\/p>\n\n\n\n<p>Le Figaro avec AFP<\/p>\n","protected":false},"excerpt":{"rendered":"<p>Le Figaro &#8211; Le Burkina Faso a annonc\u00e9 lundi soir la suspension de \u00abtous les supports de diffusion\u00bb du m\u00e9dia Jeune Afrique, qui compte un journal papier et un site internet, apr\u00e8s la parution d&rsquo;articles \u00e9voquant des tensions au sein de l&rsquo;arm\u00e9e burkinab\u00e8. Le \u00abgouvernement de transition\u00bb a \u00abainsi d\u00e9cid\u00e9 en toute responsabilit\u00e9 de la [&hellip;]<\/p>\n","protected":false},"author":2,"featured_media":53936,"comment_status":"open","ping_status":"open","sticky":false,"template":"","format":"standard","meta":{"footnotes":""},"categories":[1],"tags":[],"class_list":["post-53934","post","type-post","status-publish","format-standard","has-post-thumbnail","hentry","category-aucun"],"_links":{"self":[{"href":"https:\/\/lestracesdelinfo.com\/index.php\/wp-json\/wp\/v2\/posts\/53934","targetHints":{"allow":["GET"]}}],"collection":[{"href":"https:\/\/lestracesdelinfo.com\/index.php\/wp-json\/wp\/v2\/posts"}],"about":[{"href":"https:\/\/lestracesdelinfo.com\/index.php\/wp-json\/wp\/v2\/types\/post"}],"author":[{"embeddable":true,"href":"https:\/\/lestracesdelinfo.com\/index.php\/wp-json\/wp\/v2\/users\/2"}],"replies":[{"embeddable":true,"href":"https:\/\/lestracesdelinfo.com\/index.php\/wp-json\/wp\/v2\/comments?post=53934"}],"version-history":[{"count":1,"href":"https:\/\/lestracesdelinfo.com\/index.php\/wp-json\/wp\/v2\/posts\/53934\/revisions"}],"predecessor-version":[{"id":53937,"href":"https:\/\/lestracesdelinfo.com\/index.php\/wp-json\/wp\/v2\/posts\/53934\/revisions\/53937"}],"wp:featuredmedia":[{"embeddable":true,"href":"https:\/\/lestracesdelinfo.com\/index.php\/wp-json\/wp\/v2\/media\/53936"}],"wp:attachment":[{"href":"https:\/\/lestracesdelinfo.com\/index.php\/wp-json\/wp\/v2\/media?parent=53934"}],"wp:term":[{"taxonomy":"category","embeddable":true,"href":"https:\/\/lestracesdelinfo.com\/index.php\/wp-json\/wp\/v2\/categories?post=53934"},{"taxonomy":"post_tag","embeddable":true,"href":"https:\/\/lestracesdelinfo.com\/index.php\/wp-json\/wp\/v2\/tags?post=53934"}],"curies":[{"name":"wp","href":"https:\/\/api.w.org\/{rel}","templated":true}]}}