{"id":53944,"date":"2023-09-26T07:37:28","date_gmt":"2023-09-26T07:37:28","guid":{"rendered":"https:\/\/lestracesdelinfo.com\/?p=53944"},"modified":"2023-09-26T07:37:32","modified_gmt":"2023-09-26T07:37:32","slug":"emigration-clandestine-5-migrants-senegalais-decedes-plus-de-500-secourus-en-mauritanie","status":"publish","type":"post","link":"https:\/\/lestracesdelinfo.com\/index.php\/2023\/09\/26\/emigration-clandestine-5-migrants-senegalais-decedes-plus-de-500-secourus-en-mauritanie\/","title":{"rendered":"\u00a0Emigration clandestine : 5 migrants s\u00e9n\u00e9galais d\u00e9c\u00e9d\u00e9s, plus de 500 secourus en Mauritanie"},"content":{"rendered":"\n<p><a href=\"https:\/\/senegal7.com\/author\/thior\/\">Par\u00a0<strong>Birama Thior<\/strong><\/a>\u00a0<\/p>\n\n\n\n<figure class=\"wp-block-image\"><img decoding=\"async\" src=\"https:\/\/senegal7.com\/wp-content\/uploads\/2023\/09\/Capture-56.gif\" alt=\"\"\/><\/figure>\n\n\n\n<p><strong>Cinq morts ont \u00e9t\u00e9 enregistr\u00e9s, plus de 500 migrants irr\u00e9guliers s\u00e9n\u00e9galais secourus en Mauritanie. C\u2019est en l\u2019espace de quatre jours seulement. Ils tentaient de rejoindre les cotes Espagnol.<\/strong><\/p>\n\n\n\n<p>Cinq cent quarante-quatre migrants s\u00e9n\u00e9galais accompagn\u00e9s de quelques Maliens et Gambiens ont secourus au large de la Mauritanie alors qu\u2019il tentaient de rejoindre les cotes espagnoles.<\/p>\n\n\n\n<p>Quatre parmi ces migrants secourus en mer sont hospitalis\u00e9s et au moins cinq morts enregistr\u00e9s.<\/p>\n\n\n\n<p>Ils \u00e9taient embarqu\u00e9s \u00e0 bord de six pirogues depuis diff\u00e9rentes localit\u00e9s du S\u00e9n\u00e9gal en intervalle de quatre jours. Tous partis le mois de septembre courant.<\/p>\n\n\n\n<p>La premi\u00e8re pirogue a quitt\u00e9 Joal le 18 avec 130 personnes \u00e0 bord. La deuxi\u00e8me est partie de Saint-Louis le 19 avec 75 migrants. La troisi\u00e8me quitt\u00e9 Cayar le 20 avec 83 migrants. La quatri\u00e8me est partie de Kafountine le 21 avec 105 migrants. La cinqui\u00e8me est partie de Bargny le 22 avec 79 migrants et la sixi\u00e8me a quitt\u00e9 Mbour le 22 avec 72 migrants, d\u00e9taille Rfm.<\/p>\n\n\n\n<p><strong>Birama Thior \u2013 Senegal7<\/strong><\/p>\n\n\n\n<p><a href=\"https:\/\/senegal7.com\/author\/thior\/\"><\/a><\/p>\n","protected":false},"excerpt":{"rendered":"<p>Par\u00a0Birama Thior\u00a0 Cinq morts ont \u00e9t\u00e9 enregistr\u00e9s, plus de 500 migrants irr\u00e9guliers s\u00e9n\u00e9galais secourus en Mauritanie. C\u2019est en l\u2019espace de quatre jours seulement. Ils tentaient de rejoindre les cotes Espagnol. Cinq cent quarante-quatre migrants s\u00e9n\u00e9galais accompagn\u00e9s de quelques Maliens et Gambiens ont secourus au large de la Mauritanie alors qu\u2019il tentaient de rejoindre les cotes [&hellip;]<\/p>\n","protected":false},"author":2,"featured_media":53945,"comment_status":"open","ping_status":"open","sticky":false,"template":"","format":"standard","meta":{"footnotes":""},"categories":[1],"tags":[],"class_list":["post-53944","post","type-post","status-publish","format-standard","has-post-thumbnail","hentry","category-aucun"],"_links":{"self":[{"href":"https:\/\/lestracesdelinfo.com\/index.php\/wp-json\/wp\/v2\/posts\/53944","targetHints":{"allow":["GET"]}}],"collection":[{"href":"https:\/\/lestracesdelinfo.com\/index.php\/wp-json\/wp\/v2\/posts"}],"about":[{"href":"https:\/\/lestracesdelinfo.com\/index.php\/wp-json\/wp\/v2\/types\/post"}],"author":[{"embeddable":true,"href":"https:\/\/lestracesdelinfo.com\/index.php\/wp-json\/wp\/v2\/users\/2"}],"replies":[{"embeddable":true,"href":"https:\/\/lestracesdelinfo.com\/index.php\/wp-json\/wp\/v2\/comments?post=53944"}],"version-history":[{"count":1,"href":"https:\/\/lestracesdelinfo.com\/index.php\/wp-json\/wp\/v2\/posts\/53944\/revisions"}],"predecessor-version":[{"id":53946,"href":"https:\/\/lestracesdelinfo.com\/index.php\/wp-json\/wp\/v2\/posts\/53944\/revisions\/53946"}],"wp:featuredmedia":[{"embeddable":true,"href":"https:\/\/lestracesdelinfo.com\/index.php\/wp-json\/wp\/v2\/media\/53945"}],"wp:attachment":[{"href":"https:\/\/lestracesdelinfo.com\/index.php\/wp-json\/wp\/v2\/media?parent=53944"}],"wp:term":[{"taxonomy":"category","embeddable":true,"href":"https:\/\/lestracesdelinfo.com\/index.php\/wp-json\/wp\/v2\/categories?post=53944"},{"taxonomy":"post_tag","embeddable":true,"href":"https:\/\/lestracesdelinfo.com\/index.php\/wp-json\/wp\/v2\/tags?post=53944"}],"curies":[{"name":"wp","href":"https:\/\/api.w.org\/{rel}","templated":true}]}}