{"id":54039,"date":"2023-09-29T06:43:24","date_gmt":"2023-09-29T06:43:24","guid":{"rendered":"https:\/\/lestracesdelinfo.com\/?p=54039"},"modified":"2023-09-29T06:43:28","modified_gmt":"2023-09-29T06:43:28","slug":"porte-parole-du-gouvernement-les-rumeurs-concernant-la-loi-de-la-dignite-ne-sont-pas-valides","status":"publish","type":"post","link":"https:\/\/lestracesdelinfo.com\/index.php\/2023\/09\/29\/porte-parole-du-gouvernement-les-rumeurs-concernant-la-loi-de-la-dignite-ne-sont-pas-valides\/","title":{"rendered":"Porte-parole du Gouvernement : \u201cles rumeurs concernant la loi de la dignit\u00e9 ne sont pas valides\u201d"},"content":{"rendered":"\n<figure class=\"wp-block-image is-resized\"><a href=\"https:\/\/ami.mr\/fr\/wp-content\/uploads\/2023\/09\/IMG_9660-scaled.jpg\"><img loading=\"lazy\" decoding=\"async\" src=\"https:\/\/ami.mr\/fr\/wp-content\/uploads\/2023\/09\/IMG_9660-750x430.jpg\" alt=\"\" style=\"width:840px;height:482px\" width=\"840\" height=\"482\"\/><\/a><\/figure>\n\n\n\n<p><strong>AMI <\/strong> Le ministre du P\u00e9trole, des Mines et de l\u2019\u00c9nergie, porte-parole du gouvernement, M. Nani Ould Chrougha, a d\u00e9menti les informations circulant concernant la loi de lutte contre la violence \u00e0 l\u2019\u00e9gard des femmes et des filles (loi de la dignit\u00e9), attribuant ces rumeurs \u00e0 une campagne orchestr\u00e9e contre la loi, qui tire certaines informations de lois pr\u00e9c\u00e9dentes, tout en pr\u00e9cisant que ladite loi est toujours un projet qui n\u2019est pas encore adopt\u00e9.<\/p>\n\n\n<div class=\"wp-block-image\">\n<figure class=\"alignleft\"><img decoding=\"async\" src=\"https:\/\/ami.mr\/fr\/wp-content\/uploads\/2023\/09\/IMG_9651-300x200.jpg\" alt=\"\" class=\"wp-image-230629\"\/><\/figure>\n<\/div>\n\n\n<p>Il a \u00e9galement affirm\u00e9, r\u00e9pondant \u00e0 une question sur le sujet, lors du commentaire des r\u00e9sultats du Conseil des ministres tenu mercredi \u00e0 Nouakchott, accompagn\u00e9 des ministres de l\u2019\u00c9conomie et des P\u00eaches, qu\u2019on ne peut pas surench\u00e9rir sur les parties charg\u00e9es de l\u2019\u00e9laboration du projet de loi en question en mati\u00e8re de religion, d\u2019\u00e9thique ou de valeurs sociales. De plus, ajoute-il, la loi a \u00e9t\u00e9 transmise au Conseil sup\u00e9rieur des fatwas et des recours gracieux ainsi qu\u2019\u00e0 l\u2019Association des Oul\u00e9mas de Mauritanie, qui se sont exprim\u00e9 sur l\u2019affaire.<\/p>\n\n\n\n<p>En r\u00e9pondant \u00e0 une question relative au pacte r\u00e9publicain, M. Ould Chrougha a d\u00e9clar\u00e9 que ce pacte constitue une concr\u00e9tisation effective de l\u2019ouverture politique et de l\u2019apaisement pr\u00f4n\u00e9s par Son Excellence le Pr\u00e9sident de la R\u00e9publique, Monsieur Mohamed Ould Cheikh El Ghazouani, appelant la soci\u00e9t\u00e9 civile \u00e0 y adh\u00e9rer en raison de son universalit\u00e9.<\/p>\n\n\n\n<p>Il a soulign\u00e9 qu\u2019il est naturel d\u2019y avoir des oppositions, mais il existe des principes fondamentaux communs d\u00e9coulant de nos valeurs.<\/p>\n\n\n\n<p>Au sujet d\u2019un incident arm\u00e9 survenu \u00e0 la fronti\u00e8re Mauritano-malienne, Son Excellence le ministre a affirm\u00e9 qu\u2019un groupe de 10 soldats maliens avait \u00e9t\u00e9 impliqu\u00e9 dans un incident de s\u00e9curit\u00e9 pr\u00e8s de la fronti\u00e8re mauritano-malienne. Certains d\u2019entre eux ont d\u00fb recevoir des soins m\u00e9dicaux et se sont dirig\u00e9s vers le point de sant\u00e9 le plus proche, qui s\u2019est av\u00e9r\u00e9 \u00eatre en Mauritanie.<\/p>\n\n\n\n<p>Il a d\u00e9menti toute pr\u00e9sence d\u2019autres personnes que ces soldats, hormis un jeune homme et une jeune fille \u00e2g\u00e9e de 13 \u00e0 14 ans, ayant b\u00e9n\u00e9fici\u00e9 des soins m\u00e9dicaux n\u00e9cessaires. Par ailleurs, il a soulign\u00e9 que la Mauritanie, en tant que pays voisin et fr\u00e8re du Mali, continuera toujours \u00e0 offrir son soutien et son assistance \u00e0 ses fr\u00e8res chaque fois que besoin sera. \u201cIl s\u2019agit d\u2019un devoir dict\u00e9 par notre religion, nos valeurs et nos traditions ancestrales\u201d, a-t- il not\u00e9.<\/p>\n\n\n\n<p>Le porte- parole du gouvernement a \u00e9galement not\u00e9 que la Mauritanie est consciente de sa pr\u00e9sence dans une r\u00e9gion instable. Cependant, elle est d\u00e9termin\u00e9e \u00e0 prot\u00e9ger sa s\u00e9curit\u00e9 et sa stabilit\u00e9, tout en respectant les principes de l\u2019islam, de la bonne entente et de la dignit\u00e9.<\/p>\n\n\n<div class=\"wp-block-image\">\n<figure class=\"alignleft\"><img decoding=\"async\" src=\"https:\/\/ami.mr\/fr\/wp-content\/uploads\/2023\/09\/IMG_9627-300x200.jpg\" alt=\"\" class=\"wp-image-230628\"\/><\/figure>\n<\/div>\n\n\n<p>\u00c0 son tour, le ministre de l\u2019\u00c9conomie et du D\u00e9veloppement Durable, M. Abdessalam Ould Mohamed Saleh, a d\u00e9clar\u00e9 que la communication portant sur le rythme d\u2019ex\u00e9cution des projets au cours du deuxi\u00e8me trimestre de l\u2019ann\u00e9e en cours a enregistr\u00e9 une avanc\u00e9e significative par rapport aux p\u00e9riodes pr\u00e9c\u00e9dentes. En effet, le taux de mise en \u0153uvre dans cette \u00e9tape a atteint 39 %, tandis&nbsp;qu\u2019il n\u2019a enregistr\u00e9 que 25 % en 2018 et ce, gr\u00e2ce aux mesures prises par le Gouvernement en concr\u00e9tisation des directives de Son Excellence le Pr\u00e9sident de la R\u00e9publique, qui avait insist\u00e9 sur la n\u00e9cessit\u00e9 de veiller \u00e0 la mise en \u0153uvre des projets.<\/p>\n\n\n\n<p>Il a pr\u00e9cis\u00e9 que l\u2019ex\u00e9cution des projets concerne 115 projets sur financement \u00e9tranger d\u2019une valeur de 81,140 milliards, dont 27 % ont affich\u00e9 un taux relativement appr\u00e9ciable, 23 % un taux moyen, tandis que 23 % connaissent des d\u00e9fauts, affirmant que le Gouvernement travaille pour la mobilisation des ressources n\u00e9cessaires \u00e0 l\u2019ach\u00e8vement de la mise en \u0153uvre des projets programm\u00e9s cette ann\u00e9e au cours des mois \u00e0 venir, et qui rev\u00eat une importance centrale sur le plan \u00e9conomique et social.<\/p>\n\n\n\n<p>Le ministre a ajout\u00e9 que la communication examine \u00e9galement les financements aux sujets desquels le Gouvernement \u0153uvre actuellement \u00e0 la mobilisation, soulignant qu\u2019il y a plus de 10 projets importants en cours, pour lesquels le niveau de mobilisation des ressources a atteint 1,2 million de dollars.<\/p>\n\n\n<div class=\"wp-block-image\">\n<figure class=\"alignleft\"><img decoding=\"async\" src=\"https:\/\/ami.mr\/fr\/wp-content\/uploads\/2023\/09\/IMG_9658-300x200.jpg\" alt=\"\" class=\"wp-image-230631\"\/><\/figure>\n<\/div>\n\n\n<p>Pour sa part, le ministre des P\u00eaches et de l\u2019\u00e9conomie maritime, M. Mokhtar Al Housseyni Lam, a indiqu\u00e9 que le projet de d\u00e9cret qui abroge et remplace le d\u00e9cret de 2018 portant code des p\u00eaches maritimes, introduit deux innovations. La premi\u00e8re concerne la r\u00e9gulation des capacit\u00e9s de p\u00eache des flottes op\u00e9rant dans la zone de p\u00eache artisanale. Cette innovation divise ce segment de p\u00eache&nbsp;en deux sections, la premi\u00e8re pr\u00e9servant les droits des unit\u00e9s de p\u00eache artisanale tels qu\u2019ils sont d\u00e9finis par les textes r\u00e9glementaires en vigueur, tandis que la deuxi\u00e8me int\u00e8gre les navires c\u00f4tiers de longueur sup\u00e9rieur \u00e0 14 m\u00e8tres au sein de la p\u00eache artisanale.<\/p>\n\n\n\n<p>Il a ajout\u00e9 que la deuxi\u00e8me innovation concerne la p\u00eache c\u00f4ti\u00e8re des petits p\u00e9lagiques qui se limite \u00e0 deux cat\u00e9gories au lieu de trois, conform\u00e9ment au plan de r\u00e9habilitation des petits p\u00e9lagiques approuv\u00e9 en novembre 2022, ce qui repr\u00e9sente un engagement dans le cadre du protocole d\u2019application de l\u2019accord de p\u00eache avec l\u2019Union europ\u00e9enne sign\u00e9 en 2021.<\/p>\n\n\n\n<p>Le ministre a soulign\u00e9 que la p\u00eache en haute mer conservera les m\u00eames dispositions pr\u00e9c\u00e9dentes.<\/p>\n\n\n\n<p>En r\u00e9action \u00e0 une question relative aux ports maritimes, il a affirm\u00e9 que la politique du Gouvernement ambitionne l\u2019investissement dans le d\u00e9veloppement de l\u2019infrastructure porti\u00e8re et \u00e0 accro\u00eetre leur capacit\u00e9 pour cr\u00e9er de la valeur ajout\u00e9e. \u201cLe port de Nouadhibou conna\u00eet actuellement des travaux d\u2019am\u00e9lioration et d\u2019extension financ\u00e9s par l\u2019\u00c9tat mauritanien et certains partenaires \u00e9trangers pour \u00e9tendre sa capacit\u00e9 et moderniser son infrastructure tout en s\u00e9curisant les navires\u201d, a d\u00e9clar\u00e9 le ministre.<\/p>\n\n\n\n<p>Il a ajout\u00e9 que des travaux d\u2019extension sont actuellement en cours au niveau du port de Tanit pour d\u00e9velopper ses capacit\u00e9s, tout comme au niveau port de N\u2019Diago, qui se charge \u00e9galement des t\u00e2ches suppl\u00e9mentaire, militaires et commerciales en plus de la p\u00eache. Il a soulign\u00e9 que la politique du secteur consiste \u00e0 cr\u00e9er des points de d\u00e9barquement et que des progr\u00e8s sont r\u00e9alis\u00e9s \u00e0 Mhaijratt pour permettre la cr\u00e9ation de valeur ajout\u00e9e.<\/p>\n\n\n\n<p><\/p>\n","protected":false},"excerpt":{"rendered":"<p>AMI Le ministre du P\u00e9trole, des Mines et de l\u2019\u00c9nergie, porte-parole du gouvernement, M. Nani Ould Chrougha, a d\u00e9menti les informations circulant concernant la loi de lutte contre la violence \u00e0 l\u2019\u00e9gard des femmes et des filles (loi de la dignit\u00e9), attribuant ces rumeurs \u00e0 une campagne orchestr\u00e9e contre la loi, qui tire certaines informations [&hellip;]<\/p>\n","protected":false},"author":2,"featured_media":54040,"comment_status":"open","ping_status":"open","sticky":false,"template":"","format":"standard","meta":{"footnotes":""},"categories":[1],"tags":[],"class_list":["post-54039","post","type-post","status-publish","format-standard","has-post-thumbnail","hentry","category-aucun"],"_links":{"self":[{"href":"https:\/\/lestracesdelinfo.com\/index.php\/wp-json\/wp\/v2\/posts\/54039","targetHints":{"allow":["GET"]}}],"collection":[{"href":"https:\/\/lestracesdelinfo.com\/index.php\/wp-json\/wp\/v2\/posts"}],"about":[{"href":"https:\/\/lestracesdelinfo.com\/index.php\/wp-json\/wp\/v2\/types\/post"}],"author":[{"embeddable":true,"href":"https:\/\/lestracesdelinfo.com\/index.php\/wp-json\/wp\/v2\/users\/2"}],"replies":[{"embeddable":true,"href":"https:\/\/lestracesdelinfo.com\/index.php\/wp-json\/wp\/v2\/comments?post=54039"}],"version-history":[{"count":1,"href":"https:\/\/lestracesdelinfo.com\/index.php\/wp-json\/wp\/v2\/posts\/54039\/revisions"}],"predecessor-version":[{"id":54041,"href":"https:\/\/lestracesdelinfo.com\/index.php\/wp-json\/wp\/v2\/posts\/54039\/revisions\/54041"}],"wp:featuredmedia":[{"embeddable":true,"href":"https:\/\/lestracesdelinfo.com\/index.php\/wp-json\/wp\/v2\/media\/54040"}],"wp:attachment":[{"href":"https:\/\/lestracesdelinfo.com\/index.php\/wp-json\/wp\/v2\/media?parent=54039"}],"wp:term":[{"taxonomy":"category","embeddable":true,"href":"https:\/\/lestracesdelinfo.com\/index.php\/wp-json\/wp\/v2\/categories?post=54039"},{"taxonomy":"post_tag","embeddable":true,"href":"https:\/\/lestracesdelinfo.com\/index.php\/wp-json\/wp\/v2\/tags?post=54039"}],"curies":[{"name":"wp","href":"https:\/\/api.w.org\/{rel}","templated":true}]}}