{"id":54042,"date":"2023-09-29T06:52:26","date_gmt":"2023-09-29T06:52:26","guid":{"rendered":"https:\/\/lestracesdelinfo.com\/?p=54042"},"modified":"2023-09-29T06:53:12","modified_gmt":"2023-09-29T06:53:12","slug":"expedition-de-314-tonnes-de-semences-de-cereales-traditionnelles-vers-les-zones-de-production","status":"publish","type":"post","link":"https:\/\/lestracesdelinfo.com\/index.php\/2023\/09\/29\/expedition-de-314-tonnes-de-semences-de-cereales-traditionnelles-vers-les-zones-de-production\/","title":{"rendered":"Exp\u00e9dition de 314 tonnes de semences de c\u00e9r\u00e9ales traditionnelles vers les zones de production"},"content":{"rendered":"\n<figure class=\"wp-block-image\"><a href=\"https:\/\/ami.mr\/fr\/wp-content\/uploads\/2023\/09\/IMG-20230927-WA0039.jpg\"><img decoding=\"async\" src=\"https:\/\/ami.mr\/fr\/wp-content\/uploads\/2023\/09\/IMG-20230927-WA0039-750x430.jpg\" alt=\"\"\/><\/a><\/figure>\n\n\n\n<p><strong>AMI<\/strong>  Le secr\u00e9taire g\u00e9n\u00e9ral du minist\u00e8re de l\u2019Agriculture, M. Ahmed Salem Ould El Arbi, a supervis\u00e9 mercredi, l\u2019exp\u00e9dition de 314 tonnes de semences traditionnelles vers les zones de production, au titre des efforts d\u00e9ploy\u00e9s pour promouvoir l\u2019agriculture pluviale dans le cadre de la campagne agricole en cours, visant \u00e0 soutenir les agriculteurs dans les zones inondables et derri\u00e8re barrages.<\/p>\n\n\n\n<p>Ces quantit\u00e9s, qui constituent le deuxi\u00e8me lot, ont \u00e9t\u00e9 achet\u00e9es dans le cadre du financement compl\u00e9mentaire du Projet R\u00e9gional d\u2019Appui au Pastoralisme au Sahel 2 (PRAPS-2). Le co\u00fbt total du march\u00e9 des semences des c\u00e9r\u00e9ales et des l\u00e9gumes s\u2019\u00e9l\u00e8ve \u00e0 33,33 millions ouguiyas.<\/p>\n\n\n\n<p>Cet important soutien, qui vient renforcer les capacit\u00e9s productives des agriculteurs des zones pluviales, traduit le souci accord\u00e9 par Son Excellence le Pr\u00e9sident de la R\u00e9publique, M. Mohamed Ould Cheikh El Ghazouani, au d\u00e9veloppement de l\u2019agriculture pluviale, a d\u00e9clar\u00e9 \u00e0 cette occasion \u00e0 l\u2019AMI, le secr\u00e9taire g\u00e9n\u00e9ral, remerciant la Banque mondiale, et \u00e0 travers elle le PRAPS-2 pour cet appui g\u00e9n\u00e9reux, qui permettra l\u2019introduction de la m\u00e9canisation agricole.<\/p>\n\n\n\n<p>\u201cEn effet de nombreux tracteurs et engins agricoles seront ult\u00e9rieurement fournis aux agriculteurs dans les zones pluviales, contribuant ainsi \u00e0 l\u2019augmentation de la production et au renforcement de la r\u00e9silience des agriculteurs dans les zones cibl\u00e9es\u201d, a-t-il indiqu\u00e9.<\/p>\n\n\n\n<p>La c\u00e9r\u00e9monie d\u2019envoi de la cargaison des semences s\u2019est d\u00e9roul\u00e9e en pr\u00e9sence du directeur fili\u00e8res agricoles au D\u00e9partement M. Baba Ahmed Ould Neghra, du Responsable du PRAPS -2 aupr\u00e8s de la Banque Mondiale en Mauritanie, du coordinateur national du projet r\u00e9gional M. Idrissa Diarra, et du responsable du financement compl\u00e9mentaire pour appuyer le secteur agricole dans le projet, M. Baba Ould Cheikh.<\/p>\n","protected":false},"excerpt":{"rendered":"<p>AMI Le secr\u00e9taire g\u00e9n\u00e9ral du minist\u00e8re de l\u2019Agriculture, M. Ahmed Salem Ould El Arbi, a supervis\u00e9 mercredi, l\u2019exp\u00e9dition de 314 tonnes de semences traditionnelles vers les zones de production, au titre des efforts d\u00e9ploy\u00e9s pour promouvoir l\u2019agriculture pluviale dans le cadre de la campagne agricole en cours, visant \u00e0 soutenir les agriculteurs dans les zones [&hellip;]<\/p>\n","protected":false},"author":2,"featured_media":54043,"comment_status":"open","ping_status":"open","sticky":false,"template":"","format":"standard","meta":{"footnotes":""},"categories":[1],"tags":[],"class_list":["post-54042","post","type-post","status-publish","format-standard","has-post-thumbnail","hentry","category-aucun"],"_links":{"self":[{"href":"https:\/\/lestracesdelinfo.com\/index.php\/wp-json\/wp\/v2\/posts\/54042","targetHints":{"allow":["GET"]}}],"collection":[{"href":"https:\/\/lestracesdelinfo.com\/index.php\/wp-json\/wp\/v2\/posts"}],"about":[{"href":"https:\/\/lestracesdelinfo.com\/index.php\/wp-json\/wp\/v2\/types\/post"}],"author":[{"embeddable":true,"href":"https:\/\/lestracesdelinfo.com\/index.php\/wp-json\/wp\/v2\/users\/2"}],"replies":[{"embeddable":true,"href":"https:\/\/lestracesdelinfo.com\/index.php\/wp-json\/wp\/v2\/comments?post=54042"}],"version-history":[{"count":2,"href":"https:\/\/lestracesdelinfo.com\/index.php\/wp-json\/wp\/v2\/posts\/54042\/revisions"}],"predecessor-version":[{"id":54045,"href":"https:\/\/lestracesdelinfo.com\/index.php\/wp-json\/wp\/v2\/posts\/54042\/revisions\/54045"}],"wp:featuredmedia":[{"embeddable":true,"href":"https:\/\/lestracesdelinfo.com\/index.php\/wp-json\/wp\/v2\/media\/54043"}],"wp:attachment":[{"href":"https:\/\/lestracesdelinfo.com\/index.php\/wp-json\/wp\/v2\/media?parent=54042"}],"wp:term":[{"taxonomy":"category","embeddable":true,"href":"https:\/\/lestracesdelinfo.com\/index.php\/wp-json\/wp\/v2\/categories?post=54042"},{"taxonomy":"post_tag","embeddable":true,"href":"https:\/\/lestracesdelinfo.com\/index.php\/wp-json\/wp\/v2\/tags?post=54042"}],"curies":[{"name":"wp","href":"https:\/\/api.w.org\/{rel}","templated":true}]}}