{"id":54046,"date":"2023-09-29T06:56:39","date_gmt":"2023-09-29T06:56:39","guid":{"rendered":"https:\/\/lestracesdelinfo.com\/?p=54046"},"modified":"2023-09-29T06:56:41","modified_gmt":"2023-09-29T06:56:41","slug":"la-ministre-de-lenvironnement-participe-a-une-table-ronde-sur-le-carbone","status":"publish","type":"post","link":"https:\/\/lestracesdelinfo.com\/index.php\/2023\/09\/29\/la-ministre-de-lenvironnement-participe-a-une-table-ronde-sur-le-carbone\/","title":{"rendered":"La ministre de l\u2019environnement participe \u00e0 une table ronde sur le carbone"},"content":{"rendered":"\n<h2 class=\"wp-block-heading\">Abidjan<\/h2>\n\n\n\n<p>AMI<\/p>\n\n\n\n<figure class=\"wp-block-image\"><a href=\"https:\/\/ami.mr\/fr\/wp-content\/uploads\/2023\/09\/IMG-20230927-WA0033.jpg\"><img decoding=\"async\" src=\"https:\/\/ami.mr\/fr\/wp-content\/uploads\/2023\/09\/IMG-20230927-WA0033-750x430.jpg\" alt=\"\"\/><\/a><\/figure>\n\n\n\n<p>Mme Lalya Aly Kamara, ministre de l\u2019Environnement a co-anim\u00e9 le 26 septembre 2023 une table ronde sur le march\u00e9 du carbone et la finance climat en collaboration avec son homologue ivoirien pour la premi\u00e8re \u00e9dition du Hub Ouest-Africain sur les marches du carbone organis\u00e9 par la C\u00f4te d\u2019Ivoire \u00e0 travers l\u2019Alliance Ouest Africaine sur les m\u00e9canismes de march\u00e9 et la finance climat.<\/p>\n\n\n\n<p>La table ronde a \u00e9t\u00e9 l\u2019occasion pour les deux ministres de partager leurs exp\u00e9riences et leurs perspectives sur les d\u00e9veloppements r\u00e9cents dans le domaine de la finance climatique, y compris l\u2019\u00e9volution des march\u00e9s du carbone et l\u2019article 6 du protocole de Paris.<\/p>\n\n\n\n<p>Les discussions ont mis en lumi\u00e8re les opportunit\u00e9s et les d\u00e9fis auxquels sont confront\u00e9s les acteurs du secteur dans leur engagement en faveur de la transition vers une \u00e9conomie sobre en carbone.<\/p>\n\n\n\n<p>Parmi les principaux points abord\u00e9s lors de cette table ronde, il y a lieu de citer :<\/p>\n\n\n\n<p>\u2013 Le r\u00f4le croissant des march\u00e9s de carbone ;<\/p>\n\n\n\n<p>\u2013 L\u2019innovation financi\u00e8re pour la lutte contre le changement climatique,<\/p>\n\n\n\n<p>\u2013 La n\u00e9cessit\u00e9 d\u2019une coop\u00e9ration internationale renforc\u00e9e ;<\/p>\n\n\n\n<p>\u2013 L\u2019engagement des entreprises priv\u00e9es et des investisseurs.<\/p>\n\n\n\n<p>La Mauritanie et la Cote d\u2019Ivoire se sont f\u00e9licit\u00e9es du succ\u00e8s de cette table ronde, de la richesse des \u00e9changes et de l\u2019engagement de l\u2019Alliance Ouest Africaine pour les March\u00e9s du Carbone et des partenaires, la R\u00e9publique F\u00e9d\u00e9rale d\u2019Allemagne et l\u2019IETA.<\/p>\n","protected":false},"excerpt":{"rendered":"<p>Abidjan AMI Mme Lalya Aly Kamara, ministre de l\u2019Environnement a co-anim\u00e9 le 26 septembre 2023 une table ronde sur le march\u00e9 du carbone et la finance climat en collaboration avec son homologue ivoirien pour la premi\u00e8re \u00e9dition du Hub Ouest-Africain sur les marches du carbone organis\u00e9 par la C\u00f4te d\u2019Ivoire \u00e0 travers l\u2019Alliance Ouest Africaine [&hellip;]<\/p>\n","protected":false},"author":2,"featured_media":54047,"comment_status":"open","ping_status":"open","sticky":false,"template":"","format":"standard","meta":{"footnotes":""},"categories":[1],"tags":[],"class_list":["post-54046","post","type-post","status-publish","format-standard","has-post-thumbnail","hentry","category-aucun"],"_links":{"self":[{"href":"https:\/\/lestracesdelinfo.com\/index.php\/wp-json\/wp\/v2\/posts\/54046","targetHints":{"allow":["GET"]}}],"collection":[{"href":"https:\/\/lestracesdelinfo.com\/index.php\/wp-json\/wp\/v2\/posts"}],"about":[{"href":"https:\/\/lestracesdelinfo.com\/index.php\/wp-json\/wp\/v2\/types\/post"}],"author":[{"embeddable":true,"href":"https:\/\/lestracesdelinfo.com\/index.php\/wp-json\/wp\/v2\/users\/2"}],"replies":[{"embeddable":true,"href":"https:\/\/lestracesdelinfo.com\/index.php\/wp-json\/wp\/v2\/comments?post=54046"}],"version-history":[{"count":1,"href":"https:\/\/lestracesdelinfo.com\/index.php\/wp-json\/wp\/v2\/posts\/54046\/revisions"}],"predecessor-version":[{"id":54048,"href":"https:\/\/lestracesdelinfo.com\/index.php\/wp-json\/wp\/v2\/posts\/54046\/revisions\/54048"}],"wp:featuredmedia":[{"embeddable":true,"href":"https:\/\/lestracesdelinfo.com\/index.php\/wp-json\/wp\/v2\/media\/54047"}],"wp:attachment":[{"href":"https:\/\/lestracesdelinfo.com\/index.php\/wp-json\/wp\/v2\/media?parent=54046"}],"wp:term":[{"taxonomy":"category","embeddable":true,"href":"https:\/\/lestracesdelinfo.com\/index.php\/wp-json\/wp\/v2\/categories?post=54046"},{"taxonomy":"post_tag","embeddable":true,"href":"https:\/\/lestracesdelinfo.com\/index.php\/wp-json\/wp\/v2\/tags?post=54046"}],"curies":[{"name":"wp","href":"https:\/\/api.w.org\/{rel}","templated":true}]}}