{"id":54049,"date":"2023-09-29T07:01:18","date_gmt":"2023-09-29T07:01:18","guid":{"rendered":"https:\/\/lestracesdelinfo.com\/?p=54049"},"modified":"2023-09-29T08:26:26","modified_gmt":"2023-09-29T08:26:26","slug":"guinee-12-ans-apres-le-massacre-du-stade-encore-plus-dincertitude-pour-la-justice-suivant-le-recent-coup-detat","status":"publish","type":"post","link":"https:\/\/lestracesdelinfo.com\/index.php\/2023\/09\/29\/guinee-12-ans-apres-le-massacre-du-stade-encore-plus-dincertitude-pour-la-justice-suivant-le-recent-coup-detat\/","title":{"rendered":"Guin\u00e9e : 12 ans apr\u00e8s le massacre du stade, encore plus d\u2019incertitude pour la justice suivant le r\u00e9cent coup d\u2019\u00c9tat"},"content":{"rendered":"\n<p><a href=\"https:\/\/guineematin.com\/2021\/\">guineematin.com<\/a><\/p>\n\n\n\n<figure class=\"wp-block-image\"><img decoding=\"async\" src=\"https:\/\/i0.wp.com\/guineematin.com\/wp-content\/uploads\/2016\/09\/28-septembre-2009.jpg?resize=600%2C431&amp;ssl=1\" alt=\"\" class=\"wp-image-46740\"\/><\/figure>\n\n\n\n<p><strong><em>Les auteurs des crimes doivent \u00eatre tenus responsables par un proc\u00e8s efficace et \u00e9quitable<\/em><\/strong><\/p>\n\n\n\n<p><strong>(Conakry \u2013 28 septembre 2021) \u2013&nbsp;<\/strong>Douze ans apr\u00e8s le massacre de plus de 150 manifestants et le viol de dizaines de femmes dans un stade \u00e0 Conakry le 28 septembre 2009 par les forces de s\u00e9curit\u00e9 guin\u00e9ennes, le proc\u00e8s des individus suspect\u00e9s d\u2019\u00eatre responsables de ces crimes devrait \u00eatre ouvert dans les plus brefs d\u00e9lais, ont d\u00e9clar\u00e9 aujourd\u2019hui six organisations de d\u00e9fense des droits humains.<\/p>\n\n\n\n<p>Les victimes et familles des victimes ne doivent plus attendre pour que justice leur soit enfin rendue.&nbsp;Alors que la Guin\u00e9e&nbsp;<a href=\"https:\/\/www.hrw.org\/fr\/news\/2021\/09\/15\/guinee-les-dirigeants-du-pays-devraient-respecter-les-droits-fondamentaux\" target=\"_blank\" rel=\"noreferrer noopener\">s\u2019engage dans un processus de transition politique<\/a>&nbsp;apr\u00e8s le coup d\u2019\u00c9tat du 5 septembre, l\u2019ouverture de ce proc\u00e8s serait un signal fort, d\u00e9montrant la volont\u00e9 des autorit\u00e9s de placer le respect des droits humains et la lutte contre l\u2019impunit\u00e9&nbsp;au centre&nbsp;de leurs priorit\u00e9s.&nbsp;<\/p>\n\n\n\n<p>Ces groupes sont l\u2019Association des victimes, parents et amis du 28 septembre 2009 (AVIPA), Les M\u00eames Droits Pour Tous (MDT), l\u2019Organisation guin\u00e9enne de d\u00e9fense des droits de l\u2019homme (OGDH), la F\u00e9d\u00e9ration internationale pour les droits humains (FIDH), Amnesty International et Human Rights Watch.&nbsp;<\/p>\n\n\n\n<p>Malgr\u00e9 les nombreuses ann\u00e9es \u00e9coul\u00e9es, le besoin de justice ne diminue pas pour les&nbsp;<a href=\"http:\/\/survivant.es\/\" target=\"_blank\" rel=\"noreferrer noopener\">survivant.es<\/a>&nbsp;du massacre et les familles des victimes. Il y a tout juste un an d\u00e9j\u00e0,<a href=\"https:\/\/www.fidh.org\/fr\/regions\/afrique\/guinee-conakry\/guinee-les-victimes-du-massacre-du-stade-n-ont-toujours-pas-obtenu\" target=\"_blank\" rel=\"noreferrer noopener\">&nbsp;les six organisations d\u00e9non\u00e7aient les d\u00e9lais<\/a>, et le temps perdu quant \u00e0 l\u2019organisation du proc\u00e8s<a href=\"https:\/\/www.fidh.org\/fr\/regions\/afrique\/guinee-conakry\/guinee-les-victimes-du-massacre-du-stade-n-ont-toujours-pas-obtenu\" target=\"_blank\" rel=\"noreferrer noopener\">.<\/a><\/p>\n\n\n\n<p>Leur attente est m\u00eame insupportable alors que l\u2019instruction est cl\u00f4tur\u00e9e depuis fin 2017, et que le gouvernement guin\u00e9en a promis \u00e0 plusieurs reprises l\u2019organisation du proc\u00e8s dans les plus brefs d\u00e9lais, au plus tard en juin 2020. Les organisations restent pr\u00e9occup\u00e9es par le manque de volont\u00e9 affich\u00e9e \u00e0 organiser ce proc\u00e8s en Guin\u00e9e.<\/p>\n\n\n\n<p>Ces derniers mois, le comit\u00e9 de pilotage pour l\u2019organisation du proc\u00e8s du massacre du 28 septembre, compos\u00e9 des autorit\u00e9s et de partenaires internationaux, avait&nbsp;<a href=\"https:\/\/justiceguinee.gov.gn\/general\/relance-des-travaux-du-comite-de-pilotage-du-dossier-du-28-septembre-2009\/\" target=\"_blank\" rel=\"noreferrer noopener\">relanc\u00e9 ses travaux<\/a>&nbsp;et adopt\u00e9 une&nbsp;<a href=\"https:\/\/mosaiqueguinee.com\/proces-massacre-du-28-septembre-le-plan-daction-operationnel-adopte-par-le-comite-de-pilotage\/\" target=\"_blank\" rel=\"noreferrer noopener\">feuille de route<\/a>.<\/p>\n\n\n\n<p>Les travaux pour am\u00e9nager la cour d\u2019appel de Conakry cens\u00e9e abriter le proc\u00e8s avaient avanc\u00e9 et une formation des magistrats \u00e9tait envisag\u00e9e par le gouvernement de la France. Pourtant, malgr\u00e9 l\u2019implication des partenaires internationaux pour mettre en place les conditions n\u00e9cessaires \u00e0 la bonne tenue du proc\u00e8s, aucune date n\u2019a \u00e9t\u00e9 fix\u00e9e \u00e0 ce jour.<\/p>\n\n\n\n<p>Selon Mme Aissatou Diallo, une survivante des \u00e9v\u00e9nements du 28 septembre, \u00ab compte tenu de l\u2019\u00e9tat de sant\u00e9 des&nbsp;<a href=\"http:\/\/survivant.es\/\" target=\"_blank\" rel=\"noreferrer noopener\">survivant.es<\/a>&nbsp;qui se d\u00e9grade, nous demandons avec l\u2019Association des victimes, parents et amis du 28 septembre 2009 que cette ann\u00e9e soit la derni\u00e8re comm\u00e9moration avant la justice. Il est imp\u00e9rieux que le proc\u00e8s soit organis\u00e9 et que les r\u00e9parations soient accord\u00e9es avant que toutes les victimes ne meurent. \u00bb<\/p>\n\n\n\n<p>L\u2019enqu\u00eate men\u00e9e par des juges d\u2019instruction guin\u00e9ens avait \u00e9t\u00e9 ouverte en f\u00e9vrier 2010. Plus de 13 suspects ont \u00e9t\u00e9&nbsp;<a href=\"https:\/\/www.fidh.org\/en\/region\/Africa\/guinea-conakry\/infographic-guinea-six-years-after-the-28-september-massacre-will\" target=\"_blank\" rel=\"noreferrer noopener\">inculp\u00e9s<\/a>&nbsp;\u2013 et 11 d\u2019entre eux sont cens\u00e9s \u00eatre renvoy\u00e9s au proc\u00e8s. Parmi eux figurent Moussa Dadis Camara \u2013 actuellement en exil au Burkina Faso, l\u2019ancien chef de la junte appel\u00e9e Conseil national pour la d\u00e9mocratie et le d\u00e9veloppement, qui gouvernait la Guin\u00e9e en septembre 2009. Certains suspects inculp\u00e9s occupaient des postes d\u2019influence jusqu\u2019au r\u00e9cent coup d\u2019\u00c9tat, notamment Moussa Tiegboro Camara, charg\u00e9 de la lutte contre le trafic de stup\u00e9fiants et le crime organis\u00e9.<\/p>\n\n\n\n<p>Les organisations suivent avec attention la p\u00e9riode de transition politique dans laquelle la Guin\u00e9e est entr\u00e9e, \u00e0 la suite de la prise de pouvoir par le Comit\u00e9 national pour le rassemblement et le d\u00e9veloppement (CNRD),&nbsp;le 5 septembre dernier, et r\u00e9it\u00e8rent leur appel pour le respect des droits humains et des libert\u00e9s fondamentales de tous les Guin\u00e9ens.<\/p>\n\n\n\n<p>Alors que le chef du CNRD, Mamady&nbsp;Doumbouya,&nbsp;<a href=\"https:\/\/www.lemonde.fr\/afrique\/article\/2021\/09\/16\/les-guineens-doivent-comprendre-que-la-junte-ne-pourra-pas-resoudre-tous-leurs-problemes_6094919_3212.html\" target=\"_blank\" rel=\"noreferrer noopener\">a annonc\u00e9<\/a>&nbsp;que&nbsp;<em>\u00ab la justice sera la boussole qui orientera chaque citoyen guin\u00e9en \u00bb<\/em>, les organisations appellent \u00e0 ce que la lutte contre l\u2019impunit\u00e9 soit au c\u0153ur de l\u2019action des autorit\u00e9s.<\/p>\n\n\n\n<p>\u00ab Il est plus qu\u2019urgent, pour la Guin\u00e9e, de mettre fin au cycle de l\u2019impunit\u00e9, qui a profond\u00e9ment marqu\u00e9 l\u2019histoire du pays depuis plus de 60 ans. Nos organisations rappellent que le droit international stipule que les \u00c9tats doivent offrir des recours effectifs aux victimes des violations des droits humains et que toute absence de justice ou adoption d\u2019une amnistie pour des crimes graves n\u2019est pas compatible avec ces exigences \u00bb, ont d\u00e9clar\u00e9 les organisations.<\/p>\n\n\n\n<p>\u00ab Il est \u00e9galement essentiel que les nouvelles autorit\u00e9s garantissent la protection des d\u00e9fenseurs des droits humains et activistes qui n\u2019ont que trop subi des violations de leurs droits aux libert\u00e9s d\u2019expression et de r\u00e9union pacifique depuis des ann\u00e9es. Les nouvelles autorit\u00e9s devront faire de la justice une condition sine qua non de leur action \u00bb, ont-elles ajout\u00e9.<\/p>\n\n\n\n<p>La Cour p\u00e9nale internationale (CPI) avait ouvert un&nbsp;<a href=\"https:\/\/www.icc-cpi.int\/guinea?ln=fr\" target=\"_blank\" rel=\"noreferrer noopener\">examen pr\u00e9liminaire<\/a>&nbsp;sur la situation en Guin\u00e9e en octobre 2009. La CPI, con\u00e7ue comme un tribunal de dernier recours pour les crimes les plus graves, prend le relais lorsque les tribunaux nationaux ne peuvent pas ou ne veulent pas, instruire et juger ce type d\u2019affaires.<\/p>\n\n\n\n<p>Dans son&nbsp;<a href=\"https:\/\/www.icc-cpi.int\/itemsDocuments\/2020-PE\/2020-pe-report-gui-fra.pdf\" target=\"_blank\" rel=\"noreferrer noopener\">dernier rapport<\/a>, la CPI avait indiqu\u00e9 avec d\u00e9ception que \u201cle proc\u00e8s ne s\u2019est pas encore ouvert et le Gouvernement de Guin\u00e9e n\u2019a communique\u00ec aucun calendrier ou plan d\u2019action a\u00cc ce sujet.\u201d La CPI avait indiqu\u00e9 que \u201cles autorit\u00e9s guin\u00e9ennes doivent d\u00e9montrer, dans les prochains mois, qu\u2019elles ont la volont\u00e9 et la capacit\u00e9 a\u00cc la fois de lutter contre l\u2019impunit\u00e9 et de pr\u00e9venir de nouveaux cycles de violences.\u201d<\/p>\n\n\n\n<p>Les organisations appellent les partenaires de la Guin\u00e9e, et particuli\u00e8rement la Communaut\u00e9 \u00e9conomique des \u00c9tats d\u2019Afrique de l\u2019Ouest (CEDEAO), l\u2019Union africaine, l\u2019Union europ\u00e9enne, la CPI et les Nations unies, \u00e0 accorder une attention accrue \u00e0 la situation pr\u00e9valant actuellement dans le pays, et \u00e0 renforcer leur action et accompagnement en faveur, d\u2019une part de l\u2019organisation du proc\u00e8s du 28 septembre dans les plus brefs d\u00e9lais, et d\u2019autre part du respect des droits humains par les nouvelles autorit\u00e9s en Guin\u00e9e.<\/p>\n\n\n\n<p><strong><u>Compl\u00e9ment d\u2019information<\/u><\/strong><\/p>\n\n\n\n<p>Peu avant midi, le 28 septembre 2009, plusieurs centaines d\u2019agents des forces de s\u00e9curit\u00e9 guin\u00e9ennes ont&nbsp;<a href=\"https:\/\/www.hrw.org\/fr\/report\/2009\/12\/17\/un-lundi-sanglant\/le-massacre-et-les-viols-commis-par-les-forces-de-securite-en\" target=\"_blank\" rel=\"noreferrer noopener\">ouvert le feu<\/a>&nbsp;sur des dizaines de milliers de personnes rassembl\u00e9es pacifiquement dans le stade du 28-Septembre \u00e0 Conakry, en vue d\u2019une marche contre l\u2019intention de Dadis Camara de se pr\u00e9senter \u00e0 l\u2019\u00e9lection pr\u00e9sidentielle. Les forces de s\u00e9curit\u00e9 ont \u00e9galement&nbsp;<a href=\"https:\/\/www.amnesty.org\/fr\/latest\/news\/2009\/10\/international-inquiry-needed-violence-guinea-security-forces-20091001\/\" target=\"_blank\" rel=\"noreferrer noopener\">viol\u00e9 plus de 100 femmes<\/a>, individuellement ou collectivement, et agress\u00e9 sexuellement certaines d\u2019entre elles avec des objets tels que des matraques ou des ba\u00efonnettes, pendant ces \u00e9v\u00e9nements ou peu apr\u00e8s. Les forces de s\u00e9curit\u00e9 ont tu\u00e9 plus de 150 personnes et en ont bless\u00e9 des centaines d\u2019autres.<br><br>Les forces de s\u00e9curit\u00e9 ont ensuite organis\u00e9&nbsp;<a href=\"https:\/\/www.fidh.org\/fr\/regions\/afrique\/guinee-conakry\/Urgent-Guinee-Dernieres\" target=\"_blank\" rel=\"noreferrer noopener\">une op\u00e9ration de dissimulation,<\/a>&nbsp;bouclant tous les acc\u00e8s au stade et aux morgues et emportant les corps pour les enterrer dans des fosses communes, dont beaucoup doivent encore \u00eatre identifi\u00e9es.<\/p>\n\n\n\n<p>Apr\u00e8s la fin de l\u2019investigation, en avril 2018, l\u2019ancien ministre de la Justice, Cheick Sako, a mis en place un comit\u00e9 de pilotage charg\u00e9 d\u2019organiser le proc\u00e8s. Le comit\u00e9 a d\u00e9sign\u00e9 la Cour d\u2019appel de Conakry comme lieu du proc\u00e8s.<\/p>\n\n\n\n<p>En janvier 2020, le ministre de la Justice, Mohammed Lamine Fofana, a&nbsp;<a href=\"https:\/\/www.hrw.org\/fr\/news\/2020\/01\/22\/la-guinee-soutient-sans-equivoque-louverture-du-proces-relatif-au-massacre-de-2009\" target=\"_blank\" rel=\"noreferrer noopener\">annonc\u00e9<\/a>&nbsp;aux Nations Unies que son gouvernement soutenait&nbsp;<em>\u00ab sans \u00e9quivoque \u00bb&nbsp;<\/em>l\u2019ouverture du proc\u00e8s. Alors qu\u2019il avait assur\u00e9 que les proc\u00e9dures d\u00e9marreraient en juin 2020 d\u00e8s que la construction de la salle du proc\u00e8s serait termin\u00e9e, il n\u2019y a eu aucune avanc\u00e9e concernant le proc\u00e8s pendant presque un an.<\/p>\n\n\n\n<p>En juin 2020, Me Mory Doumbouya a \u00e9t\u00e9 nomm\u00e9 ministre de la Justice. Le ministre Doumbouya a d\u00e9clar\u00e9 qu\u2019il soutenait le proc\u00e8s, mais que la responsabilit\u00e9 de son organisation incombait \u00e0 la justice.<\/p>\n\n\n\n<p><strong><u>Communiqu\u00e9 sign\u00e9<\/u><\/strong><\/p>\n\n\n\n<ol class=\"wp-block-list\" type=\"1\">\n<li>Pour Amnesty International, \u00e0 Dakar, Fabien Offner, (anglais, fran\u00e7ais)&nbsp;;<\/li>\n\n\n\n<li>Pour l\u2019Association des victimes, parents et amis du 28 septembre 2009 (AVIPA), \u00e0 Conakry, Asmaou Diallo (fran\u00e7ais);<\/li>\n\n\n\n<li>Pour la F\u00e9d\u00e9ration internationale pour les droits humains (FIDH), \u00e0 Paris, Marc de Boni (fran\u00e7ais) ;<\/li>\n\n\n\n<li>Pour Human Rights Watch, \u00e0 New York, Elise Keppler (anglais, fran\u00e7ais) ;<\/li>\n\n\n\n<li>Pour Les M\u00eames droits pour tous (MDT), \u00e0 Conakry, Fr\u00e9d\u00e9ric Foromo Loua (fran\u00e7ais)&nbsp;;<\/li>\n\n\n\n<li>Pour l\u2019Organisation guin\u00e9enne de d\u00e9fense des droits de l\u2019homme (OGDH), \u00e0 Conakry, Alseny Sall<\/li>\n<\/ol>\n","protected":false},"excerpt":{"rendered":"<p>guineematin.com Les auteurs des crimes doivent \u00eatre tenus responsables par un proc\u00e8s efficace et \u00e9quitable (Conakry \u2013 28 septembre 2021) \u2013&nbsp;Douze ans apr\u00e8s le massacre de plus de 150 manifestants et le viol de dizaines de femmes dans un stade \u00e0 Conakry le 28 septembre 2009 par les forces de s\u00e9curit\u00e9 guin\u00e9ennes, le proc\u00e8s des [&hellip;]<\/p>\n","protected":false},"author":2,"featured_media":54050,"comment_status":"open","ping_status":"open","sticky":false,"template":"","format":"standard","meta":{"footnotes":""},"categories":[1],"tags":[],"class_list":["post-54049","post","type-post","status-publish","format-standard","has-post-thumbnail","hentry","category-aucun"],"_links":{"self":[{"href":"https:\/\/lestracesdelinfo.com\/index.php\/wp-json\/wp\/v2\/posts\/54049","targetHints":{"allow":["GET"]}}],"collection":[{"href":"https:\/\/lestracesdelinfo.com\/index.php\/wp-json\/wp\/v2\/posts"}],"about":[{"href":"https:\/\/lestracesdelinfo.com\/index.php\/wp-json\/wp\/v2\/types\/post"}],"author":[{"embeddable":true,"href":"https:\/\/lestracesdelinfo.com\/index.php\/wp-json\/wp\/v2\/users\/2"}],"replies":[{"embeddable":true,"href":"https:\/\/lestracesdelinfo.com\/index.php\/wp-json\/wp\/v2\/comments?post=54049"}],"version-history":[{"count":2,"href":"https:\/\/lestracesdelinfo.com\/index.php\/wp-json\/wp\/v2\/posts\/54049\/revisions"}],"predecessor-version":[{"id":54057,"href":"https:\/\/lestracesdelinfo.com\/index.php\/wp-json\/wp\/v2\/posts\/54049\/revisions\/54057"}],"wp:featuredmedia":[{"embeddable":true,"href":"https:\/\/lestracesdelinfo.com\/index.php\/wp-json\/wp\/v2\/media\/54050"}],"wp:attachment":[{"href":"https:\/\/lestracesdelinfo.com\/index.php\/wp-json\/wp\/v2\/media?parent=54049"}],"wp:term":[{"taxonomy":"category","embeddable":true,"href":"https:\/\/lestracesdelinfo.com\/index.php\/wp-json\/wp\/v2\/categories?post=54049"},{"taxonomy":"post_tag","embeddable":true,"href":"https:\/\/lestracesdelinfo.com\/index.php\/wp-json\/wp\/v2\/tags?post=54049"}],"curies":[{"name":"wp","href":"https:\/\/api.w.org\/{rel}","templated":true}]}}