{"id":54052,"date":"2023-09-29T07:06:09","date_gmt":"2023-09-29T07:06:09","guid":{"rendered":"https:\/\/lestracesdelinfo.com\/?p=54052"},"modified":"2023-09-29T07:08:36","modified_gmt":"2023-09-29T07:08:36","slug":"immigration-a-malte-les-pays-mediterraneens-de-lue-vont-accorder-leurs-positions-vendredi","status":"publish","type":"post","link":"https:\/\/lestracesdelinfo.com\/index.php\/2023\/09\/29\/immigration-a-malte-les-pays-mediterraneens-de-lue-vont-accorder-leurs-positions-vendredi\/","title":{"rendered":"Immigration\u00a0: A Malte, les pays m\u00e9diterran\u00e9ens de l\u2019UE vont accorder leurs positions vendredi"},"content":{"rendered":"\n<p><strong>R\u00c9UNION<\/strong>&nbsp;Emmanuel Macron et Giorgia Meloni se sont entretenus mardi \u00e0 Rome, sur fond de nouvelle crise migratoire \u00e0 Lampedusa      <em>20 Minutes avec AF<\/em>P<\/p>\n\n\n\n<figure class=\"wp-block-image\"><img decoding=\"async\" src=\"https:\/\/img.20mn.fr\/iY5wz604Q_2xElncJSUaGCk\/310x190_mandatory-credit-photo-by-marco-iacobucci-shutterstock-14127706m-prime-minister-giorgia-meloni-and-president-of-the-french-republic-emmanuel-macron-walking-and-talking-about-immigrants-after-the-state-funeral-of-former-president-of-the-republic-giorgio-napolitano-rome-26-september-2023-state-funeral-of-former-president-of-the-republic-giorgio-napolitano-rome-italy-26-sep-2023-shutterstock-editorial-state-funeral-of-former-presid-14127706m-2309261843\" alt=\"Mandatory Credit: Photo by Marco Iacobucci\/Shutterstock (14127706m)\n\nPrime Minister Giorgia Meloni and President of the French Republic Emmanuel Macron walking and talking about immigrants after the state funeral of former President of the Republic Giorgio Napolitano, Rome, 26 September 2023.\n\nState Funeral of Former President of the Republic Giorgio Napolitano, Rome, Italy - 26 Sep 2023\/shutterstock_editorial_State_Funeral_of_Former_Presid_14127706m\/\/2309261843\"\/><\/figure>\n\n\n\n<p>Immigration\u00a0: A Malte, les pays m\u00e9diterran\u00e9ens de l\u2019UE vont accorder leurs positions vendredi<\/p>\n\n\n\n<p>Les dirigeants des neuf pays m\u00e9diterran\u00e9ens de l\u2019Union europ\u00e9enne se retrouvent vendredi \u00e0 Malte pour accorder leurs positions, en particulier sur l\u2019immigration, forts d\u2019une entente inattendue mais croissante entre Emmanuel Macron et&nbsp;<a href=\"https:\/\/www.20minutes.fr\/monde\/giorgia-meloni\/\">Giorgia Meloni<\/a>&nbsp;et au lendemain d\u2019un accord \u00e0 Bruxelles.<\/p>\n\n\n\n<p>Le pr\u00e9sident fran\u00e7ais, qui se revendique progressiste et pro-europ\u00e9en, et la Premi\u00e8re ministre italienne, \u00e0 la t\u00eate d\u2019une formation postfasciste et \u00e9lue il y a un an sur un programme aux accents nationalistes, se sont longuement entretenus mardi \u00e0 Rome sur fond&nbsp;<a href=\"https:\/\/www.20minutes.fr\/monde\/4055317-20230928-plus-2-500-migrants-morts-disparus-mediterranee-2023\">de nouvelle crise migratoire<\/a>&nbsp;provoqu\u00e9e par un afflux record&nbsp;<a href=\"https:\/\/www.20minutes.fr\/monde\/italie\/4053066-20230914-immigration-passe-lampedusa-6-000-migrants-debarque-quelques-heures\">sur l\u2019\u00eele italienne de Lampedusa<\/a>. \u00ab&nbsp;Il y a une vision partag\u00e9e de la gestion de la question migratoire entre la France et l\u2019Italie&nbsp;\u00bb, a-t-on estim\u00e9 \u00e0 Paris.<\/p>\n\n\n\n<h2 class=\"wp-block-heading\">Duo franco-italien<\/h2>\n\n\n\n<p>D\u00e9j\u00e0 dimanche, Emmanuel Macron avait salu\u00e9 la position de Giorgia Meloni, qui \u00ab&nbsp;prend sa responsabilit\u00e9&nbsp;\u00bb, loin des tensions franco-italiennes pass\u00e9es sur ce sujet explosif. Et loin aussi de la \u00ab&nbsp;r\u00e9ponse simpliste et nationaliste&nbsp;\u00bb qu\u2019il a attribu\u00e9e, sans le nommer, \u00e0 un pilier de la coalition gouvernementale italienne, le chef de la Ligue Matteo Salvini, alli\u00e9 de la figure de proue de l\u2019extr\u00eame droite fran\u00e7aise Marine Le&nbsp;Pen.<\/p>\n\n\n\n<p>Avec cette entente de raison, la France esp\u00e8re que le sommet Med9 \u00e0 La Valette adressera un \u00ab&nbsp;message clair&nbsp;\u00bb sur le fait que la r\u00e9ponse est \u00e0 chercher au \u00ab&nbsp;niveau europ\u00e9en&nbsp;\u00bb. \u00ab&nbsp;On peut en attendre une vision commune de l\u2019engagement europ\u00e9en en mati\u00e8re de lutte contre l\u2019immigration ill\u00e9gale&nbsp;\u00bb, juge la pr\u00e9sidence fran\u00e7aise.<\/p>\n\n\n\n<p>Les pays du Sud de l\u2019Europe, souvent en premi\u00e8re ligne, ont pu se r\u00e9jouir du feu vert donn\u00e9 jeudi \u00e0 Bruxelles par l\u2019Allemagne \u00e0 un volet cl\u00e9 du pacte migratoire europ\u00e9en, qui bloquait les n\u00e9gociations sur cette r\u00e9forme du syst\u00e8me d\u2019asile des Vingt-Sept. Rome a toutefois \u00e9mis quelques r\u00e9serves, demandant plus de temps pour examiner son contenu plus en d\u00e9tail.<\/p>\n\n\n\n<h2 class=\"wp-block-heading\">Rendez-vous cruciaux \u00e0 venir<\/h2>\n\n\n\n<p><a href=\"https:\/\/www.20minutes.fr\/dossier\/malte\">Malte<\/a>&nbsp;a donc mis les migrations \u00e0 l\u2019ordre du jour, o\u00f9 figurent aussi le soutien \u00e0 l\u2019Ukraine, l\u2019\u00e9largissement ou les questions \u00e9conomiques, avant des rendez-vous cruciaux de l\u2019UE, \u00e0 Grenade en Espagne dans une semaine, puis \u00e0 Bruxelles fin octobre et en d\u00e9cembre.<\/p>\n\n\n\n<p>Le gouvernement de l\u2019\u00eele situ\u00e9e entre les c\u00f4tes italiennes et l\u2019Afrique du Nord a aussi organis\u00e9 une discussion sur les relations avec les voisins de la \u00ab&nbsp;rive Sud&nbsp;\u00bb de la mer M\u00e9diterran\u00e9e, parmi lesquels la Tunisie et la Libye, pays de transit migratoire dont les Europ\u00e9ens attendent davantage d\u2019efforts pour endiguer les travers\u00e9es.<\/p>\n","protected":false},"excerpt":{"rendered":"<p>R\u00c9UNION&nbsp;Emmanuel Macron et Giorgia Meloni se sont entretenus mardi \u00e0 Rome, sur fond de nouvelle crise migratoire \u00e0 Lampedusa 20 Minutes avec AFP Immigration\u00a0: A Malte, les pays m\u00e9diterran\u00e9ens de l\u2019UE vont accorder leurs positions vendredi Les dirigeants des neuf pays m\u00e9diterran\u00e9ens de l\u2019Union europ\u00e9enne se retrouvent vendredi \u00e0 Malte pour accorder leurs positions, en [&hellip;]<\/p>\n","protected":false},"author":2,"featured_media":54053,"comment_status":"open","ping_status":"open","sticky":false,"template":"","format":"standard","meta":{"footnotes":""},"categories":[1],"tags":[],"class_list":["post-54052","post","type-post","status-publish","format-standard","has-post-thumbnail","hentry","category-aucun"],"_links":{"self":[{"href":"https:\/\/lestracesdelinfo.com\/index.php\/wp-json\/wp\/v2\/posts\/54052","targetHints":{"allow":["GET"]}}],"collection":[{"href":"https:\/\/lestracesdelinfo.com\/index.php\/wp-json\/wp\/v2\/posts"}],"about":[{"href":"https:\/\/lestracesdelinfo.com\/index.php\/wp-json\/wp\/v2\/types\/post"}],"author":[{"embeddable":true,"href":"https:\/\/lestracesdelinfo.com\/index.php\/wp-json\/wp\/v2\/users\/2"}],"replies":[{"embeddable":true,"href":"https:\/\/lestracesdelinfo.com\/index.php\/wp-json\/wp\/v2\/comments?post=54052"}],"version-history":[{"count":2,"href":"https:\/\/lestracesdelinfo.com\/index.php\/wp-json\/wp\/v2\/posts\/54052\/revisions"}],"predecessor-version":[{"id":54056,"href":"https:\/\/lestracesdelinfo.com\/index.php\/wp-json\/wp\/v2\/posts\/54052\/revisions\/54056"}],"wp:featuredmedia":[{"embeddable":true,"href":"https:\/\/lestracesdelinfo.com\/index.php\/wp-json\/wp\/v2\/media\/54053"}],"wp:attachment":[{"href":"https:\/\/lestracesdelinfo.com\/index.php\/wp-json\/wp\/v2\/media?parent=54052"}],"wp:term":[{"taxonomy":"category","embeddable":true,"href":"https:\/\/lestracesdelinfo.com\/index.php\/wp-json\/wp\/v2\/categories?post=54052"},{"taxonomy":"post_tag","embeddable":true,"href":"https:\/\/lestracesdelinfo.com\/index.php\/wp-json\/wp\/v2\/tags?post=54052"}],"curies":[{"name":"wp","href":"https:\/\/api.w.org\/{rel}","templated":true}]}}