{"id":54058,"date":"2023-09-29T08:33:11","date_gmt":"2023-09-29T08:33:11","guid":{"rendered":"https:\/\/lestracesdelinfo.com\/?p=54058"},"modified":"2023-09-29T08:33:13","modified_gmt":"2023-09-29T08:33:13","slug":"tentative-de-coup-detat-dejouee-au-burkina-faso-quatre-officiers-interpelles-deux-recherches","status":"publish","type":"post","link":"https:\/\/lestracesdelinfo.com\/index.php\/2023\/09\/29\/tentative-de-coup-detat-dejouee-au-burkina-faso-quatre-officiers-interpelles-deux-recherches\/","title":{"rendered":"Tentative de coup d&rsquo;\u00c9tat d\u00e9jou\u00e9e au Burkina Faso: quatre officiers interpell\u00e9s, deux recherch\u00e9s"},"content":{"rendered":"\n<p><strong>RFI  <\/strong>    Au Burkina Faso, une tentative de coup d\u2019\u00c9tat a-t-elle \u00e9t\u00e9 d\u00e9jou\u00e9e ? C\u2019est ce qu\u2019a affirm\u00e9 ce mercredi soir 27 septembre le gouvernement dans un communiqu\u00e9 lu \u00e0 la t\u00e9l\u00e9vision nationale. Ce jeudi, le parquet militaire indique avoir ouvert \u00ab\u00a0<em>une enqu\u00eate circonstanci\u00e9e sur la base de d\u00e9nonciations, dignes de foi, faisant \u00e9tat de complot contre la s\u00fbret\u00e9 de l\u2019\u00c9tat<\/em>\u00a0\u00bb. Cons\u00e9quence, quatre officiers ont \u00e9t\u00e9 interpell\u00e9s et deux sont activement recherch\u00e9s.<\/p>\n\n\n\n<figure class=\"wp-block-image\"><img decoding=\"async\" src=\"https:\/\/s.rfi.fr\/media\/display\/c8c38392-eb0f-11ed-915c-005056bfb2b6\/w:980\/p:16x9\/2023-05-05T000414Z_1239161883_RC25TW9VQPZ4_RTRMADP_3_BURKINA-SECURITY-RUSSIA.JPG\" alt=\"[Image d'illustration] Ibrahim Traor\u00e9, pr\u00e9sident de la Transition au Burkina Faso, en octobre 2022. Un coup d'\u00c9tat aurait \u00e9t\u00e9 d\u00e9jou\u00e9 ce mardi 26 septembre 2023.\"\/><figcaption class=\"wp-element-caption\">[Image d&rsquo;illustration] Ibrahim Traor\u00e9, pr\u00e9sident de la Transition au Burkina Faso, en octobre 2022. Un coup d&rsquo;\u00c9tat aurait \u00e9t\u00e9 d\u00e9jou\u00e9 ce mardi 26 septembre 2023.&nbsp;REUTERS &#8211; VINCENT BADO<\/figcaption><\/figure>\n\n\n\n<p>On en sait un peu plus sur l\u2019identit\u00e9 de ces officiers mis aux arr\u00eats. Il y a deux figures de la Gendarmerie nationale. Le lieutenant-colonel Cheick Hamza Ouattara, qui commande la L\u00e9gion sp\u00e9ciale de la gendarmerie, ainsi que le capitaine Christophe Ma\u00efga, commandant en second de l\u2019Unit\u00e9 sp\u00e9ciale d\u2019intervention de cette m\u00eame gendarmerie, l\u2019\u00e9quivalent du GIGN en France. Une unit\u00e9 qui est en premi\u00e8re ligne dans la lutte antiterroriste.<\/p>\n\n\n\n<p>Parmi les officiers interpell\u00e9s figurent \u00e9galement Abdoul Aziz Aouoba, le commandant des Forces sp\u00e9ciales burkinab\u00e8 et Boubacar Keita, directeur g\u00e9n\u00e9ral de l\u2019Institut sup\u00e9rieur d\u2019\u00e9tudes de protection civile. \u00ab<em>&nbsp;Ils sont entendus pour le moment<\/em>&nbsp;\u00bb, pr\u00e9cise-t-on de source s\u00e9curitaire. Les deux officiers en fuite sont, selon nos informations, d\u2019anciens membres de l\u2019agence nationale du renseignement.<\/p>\n\n\n\n<p>L\u2019un d\u2019eux serait le commandant Sekou Ouedraogo, l\u2019ex-directeur g\u00e9n\u00e9ral adjoint de l\u2019agence. L\u2019homme avait \u00e9t\u00e9 relev\u00e9 de ses fonctions par le capitaine Ibrahim Traor\u00e9 le 13 septembre dernier. Le parquet militaire invite toute personne susceptible de fournir des informations \u00e0 venir t\u00e9moigner, au regard de la r\u00e9currence\u00ab<em>&nbsp;des vell\u00e9it\u00e9s et autres all\u00e9gations de d\u00e9stabilisation<\/em>&nbsp;\u00bb.<\/p>\n\n\n\n<p>RFI <\/p>\n","protected":false},"excerpt":{"rendered":"<p>RFI Au Burkina Faso, une tentative de coup d\u2019\u00c9tat a-t-elle \u00e9t\u00e9 d\u00e9jou\u00e9e ? C\u2019est ce qu\u2019a affirm\u00e9 ce mercredi soir 27 septembre le gouvernement dans un communiqu\u00e9 lu \u00e0 la t\u00e9l\u00e9vision nationale. Ce jeudi, le parquet militaire indique avoir ouvert \u00ab\u00a0une enqu\u00eate circonstanci\u00e9e sur la base de d\u00e9nonciations, dignes de foi, faisant \u00e9tat de complot [&hellip;]<\/p>\n","protected":false},"author":2,"featured_media":54059,"comment_status":"open","ping_status":"open","sticky":false,"template":"","format":"standard","meta":{"footnotes":""},"categories":[1],"tags":[],"class_list":["post-54058","post","type-post","status-publish","format-standard","has-post-thumbnail","hentry","category-aucun"],"_links":{"self":[{"href":"https:\/\/lestracesdelinfo.com\/index.php\/wp-json\/wp\/v2\/posts\/54058","targetHints":{"allow":["GET"]}}],"collection":[{"href":"https:\/\/lestracesdelinfo.com\/index.php\/wp-json\/wp\/v2\/posts"}],"about":[{"href":"https:\/\/lestracesdelinfo.com\/index.php\/wp-json\/wp\/v2\/types\/post"}],"author":[{"embeddable":true,"href":"https:\/\/lestracesdelinfo.com\/index.php\/wp-json\/wp\/v2\/users\/2"}],"replies":[{"embeddable":true,"href":"https:\/\/lestracesdelinfo.com\/index.php\/wp-json\/wp\/v2\/comments?post=54058"}],"version-history":[{"count":1,"href":"https:\/\/lestracesdelinfo.com\/index.php\/wp-json\/wp\/v2\/posts\/54058\/revisions"}],"predecessor-version":[{"id":54060,"href":"https:\/\/lestracesdelinfo.com\/index.php\/wp-json\/wp\/v2\/posts\/54058\/revisions\/54060"}],"wp:featuredmedia":[{"embeddable":true,"href":"https:\/\/lestracesdelinfo.com\/index.php\/wp-json\/wp\/v2\/media\/54059"}],"wp:attachment":[{"href":"https:\/\/lestracesdelinfo.com\/index.php\/wp-json\/wp\/v2\/media?parent=54058"}],"wp:term":[{"taxonomy":"category","embeddable":true,"href":"https:\/\/lestracesdelinfo.com\/index.php\/wp-json\/wp\/v2\/categories?post=54058"},{"taxonomy":"post_tag","embeddable":true,"href":"https:\/\/lestracesdelinfo.com\/index.php\/wp-json\/wp\/v2\/tags?post=54058"}],"curies":[{"name":"wp","href":"https:\/\/api.w.org\/{rel}","templated":true}]}}