{"id":54061,"date":"2023-09-29T09:17:40","date_gmt":"2023-09-29T09:17:40","guid":{"rendered":"https:\/\/lestracesdelinfo.com\/?p=54061"},"modified":"2023-09-29T09:17:44","modified_gmt":"2023-09-29T09:17:44","slug":"reconciliation-entre-le-caire-et-ankara-un-nouvel-ambassadeur-egyptien-en-turquie","status":"publish","type":"post","link":"https:\/\/lestracesdelinfo.com\/index.php\/2023\/09\/29\/reconciliation-entre-le-caire-et-ankara-un-nouvel-ambassadeur-egyptien-en-turquie\/","title":{"rendered":"R\u00e9conciliation entre le Caire et Ankara : Un nouvel ambassadeur \u00e9gyptien en Turquie"},"content":{"rendered":"\n<p><\/p>\n\n\n\n<p><a href=\"https:\/\/perspectivesmed.com\/recon\">perspectivesmed.com<\/a><\/p>\n\n\n\n<p>Ankara et le Caire ont officiellement restaur\u00e9 leurs relations diplomatiques, apr\u00e8s dix ans d\u2019absence des ambassadeurs dans les deux \u00c9tats. Le dirigeant turc a re\u00e7u mercredi les lettres de cr\u00e9ance du nouvel ambassadeur \u00e9gyptien, a annonc\u00e9 la pr\u00e9sidence turque<\/p>\n\n\n\n<figure class=\"wp-block-image\"><img decoding=\"async\" src=\"https:\/\/perspectivesmed.com\/wp-content\/uploads\/2023\/09\/Ancara-Le-Caire.webp\" alt=\"R\u00e9conciliation entre le Caire et Ankara : Un nouvel ambassadeur \u00e9gyptien en Turquie\" class=\"wp-image-133200\"\/><\/figure>\n\n\n\n<p>Recep Tayyip Erdogan a re\u00e7u mercredi les lettres de cr\u00e9ance&nbsp;de l\u2019ambassadeur d\u2019\u00c9gypte, le premier en Turquie apr\u00e8s une d\u00e9cennie de relations diplomatiques au point mort entre les deux pays.&nbsp;<em>\u00ab&nbsp;Le Pr\u00e9sident Erdogan a re\u00e7u les lettres de cr\u00e9ance de l\u2019ambassadeur \u00e9gyptien \u00e0 Ankara, Amr Al-Hamami&nbsp;\u00bb,<\/em>&nbsp;a annonc\u00e9 l\u2019administration du dirigeant turc.<\/p>\n\n\n\n<p>\u00c0 en juger les images publi\u00e9es par la cha\u00eene de t\u00e9l\u00e9vision&nbsp;<em>Al-Haber<\/em>, le nouvel ambassadeur \u00e9gyptien est venu \u00e0 la c\u00e9r\u00e9monie avec sa famille. Amr Al-Hamami \u00e9tait charg\u00e9 d\u2019affaires de l\u2019\u00c9gypte \u00e0 Ankara depuis 2019. Auparavant, le diplomate avait travaill\u00e9 dans les ambassades \u00e9gyptiennes au Danemark, au Niger, en Bulgarie et \u00e0 la mission des Nations unies.<\/p>\n\n\n\n<p>C\u2019est au mois de juillet que la Turquie et l\u2019\u00c9gypte ont conjointement nomm\u00e9 des ambassadeurs, pour la premi\u00e8re fois depuis 2010. En septembre, R.T. Erdogan s\u2019est pour la premi\u00e8re fois entretenu avec son homologue \u00e9gyptien Abdul Fattah al-Sissi en marge du sommet du G20, pour annoncer le d\u00e9but d\u2019une nouvelle \u00e8re dans les relations entre les deux pays.<\/p>\n\n\n\n<p>L\u2019ambassadeur de Turquie au Caire est Salih Mutlu \u015een, ancien charg\u00e9 d\u2019affaires par int\u00e9rim de la Turquie en \u00c9gypte.<\/p>\n\n\n\n<p>Les relations entre Ankara et le Caire se sont d\u00e9t\u00e9rior\u00e9es en juillet 2013 apr\u00e8s le renversement de l\u2019ex-Pr\u00e9sident \u00e9gyptien Mohammed Morsi et les affrontements sanglants qui avaient suivi. R.T. Erdogan avait fermement condamn\u00e9 les actions de l\u2019arm\u00e9e \u00e9gyptienne contre les partisans du Pr\u00e9sident d\u00e9chu. La Turquie et l\u2019\u00c9gypte ont rappel\u00e9 leurs ambassadeurs pour des consultations en ao\u00fbt 2013, apr\u00e8s quoi l\u2019\u00c9gypte, puis la Turquie, ont d\u00e9clar\u00e9 leurs ambassadeurs respectifs personae non gratae.<\/p>\n\n\n\n<p>Cette reprise&nbsp; diplomatique a \u00e9t\u00e9 annonc\u00e9e en mars 2021 par Mevlut Cavusoglu, ministre turc des Affaires \u00e9trang\u00e8res.<\/p>\n\n\n\n<p>En novembre 2022, les Pr\u00e9sidents des deux pays ont eu une br\u00e8ve rencontre lors de la c\u00e9r\u00e9monie d\u2019ouverture de la Coupe du monde de la FIFA au Qatar. Apr\u00e8s ce contact, l\u2019administration d\u2019A. Al-Sissi a annonc\u00e9 que les deux dirigeants avaient convenus de commencer de nouveau les relations entre les deux \u00c9tats.<\/p>\n","protected":false},"excerpt":{"rendered":"<p>perspectivesmed.com Ankara et le Caire ont officiellement restaur\u00e9 leurs relations diplomatiques, apr\u00e8s dix ans d\u2019absence des ambassadeurs dans les deux \u00c9tats. Le dirigeant turc a re\u00e7u mercredi les lettres de cr\u00e9ance du nouvel ambassadeur \u00e9gyptien, a annonc\u00e9 la pr\u00e9sidence turque Recep Tayyip Erdogan a re\u00e7u mercredi les lettres de cr\u00e9ance&nbsp;de l\u2019ambassadeur d\u2019\u00c9gypte, le premier en [&hellip;]<\/p>\n","protected":false},"author":2,"featured_media":54062,"comment_status":"open","ping_status":"open","sticky":false,"template":"","format":"standard","meta":{"footnotes":""},"categories":[1],"tags":[],"class_list":["post-54061","post","type-post","status-publish","format-standard","has-post-thumbnail","hentry","category-aucun"],"_links":{"self":[{"href":"https:\/\/lestracesdelinfo.com\/index.php\/wp-json\/wp\/v2\/posts\/54061","targetHints":{"allow":["GET"]}}],"collection":[{"href":"https:\/\/lestracesdelinfo.com\/index.php\/wp-json\/wp\/v2\/posts"}],"about":[{"href":"https:\/\/lestracesdelinfo.com\/index.php\/wp-json\/wp\/v2\/types\/post"}],"author":[{"embeddable":true,"href":"https:\/\/lestracesdelinfo.com\/index.php\/wp-json\/wp\/v2\/users\/2"}],"replies":[{"embeddable":true,"href":"https:\/\/lestracesdelinfo.com\/index.php\/wp-json\/wp\/v2\/comments?post=54061"}],"version-history":[{"count":1,"href":"https:\/\/lestracesdelinfo.com\/index.php\/wp-json\/wp\/v2\/posts\/54061\/revisions"}],"predecessor-version":[{"id":54063,"href":"https:\/\/lestracesdelinfo.com\/index.php\/wp-json\/wp\/v2\/posts\/54061\/revisions\/54063"}],"wp:featuredmedia":[{"embeddable":true,"href":"https:\/\/lestracesdelinfo.com\/index.php\/wp-json\/wp\/v2\/media\/54062"}],"wp:attachment":[{"href":"https:\/\/lestracesdelinfo.com\/index.php\/wp-json\/wp\/v2\/media?parent=54061"}],"wp:term":[{"taxonomy":"category","embeddable":true,"href":"https:\/\/lestracesdelinfo.com\/index.php\/wp-json\/wp\/v2\/categories?post=54061"},{"taxonomy":"post_tag","embeddable":true,"href":"https:\/\/lestracesdelinfo.com\/index.php\/wp-json\/wp\/v2\/tags?post=54061"}],"curies":[{"name":"wp","href":"https:\/\/api.w.org\/{rel}","templated":true}]}}