{"id":54064,"date":"2023-09-30T06:48:41","date_gmt":"2023-09-30T06:48:41","guid":{"rendered":"https:\/\/lestracesdelinfo.com\/?p=54064"},"modified":"2023-09-30T06:50:12","modified_gmt":"2023-09-30T06:50:12","slug":"lafrique-attend-trop-de-la-france-estime-le-president-mauritanien","status":"publish","type":"post","link":"https:\/\/lestracesdelinfo.com\/index.php\/2023\/09\/30\/lafrique-attend-trop-de-la-france-estime-le-president-mauritanien\/","title":{"rendered":"\u00abL&rsquo;Afrique attend trop de la France\u00bb, estime le pr\u00e9sident mauritanien"},"content":{"rendered":"\n<figure class=\"wp-block-image\"><img decoding=\"async\" src=\"https:\/\/www.arabnews.fr\/sites\/default\/files\/styles\/670x395\/public\/2023-09\/326D4QC-preview_0.jpg?h=ccf0dbd8&amp;itok=pKI32y7t\" alt=\"&quot;L'Afrique attend trop de la France&quot;, estime le pr\u00e9sident mauritanien Mohamed Ould Ghazouani (Photo d'illustration, AFP).\"\/><\/figure>\n\n\n\n<p>\u00ab\u00a0L&rsquo;Afrique attend trop de la France\u00a0\u00bb, estime le pr\u00e9sident mauritanien Mohamed Ould Ghazouani (Photo d&rsquo;illustration, AFP).<\/p>\n\n\n\n<p>Short Url<\/p>\n\n\n\n<p><a href=\"https:\/\/arab.news\/vamuv\">arab.news<\/a><\/p>\n\n\n\n<p>AFP<\/p>\n\n\n\n<p><strong>PARIS:&nbsp;<\/strong>\u00ab\u00a0L&rsquo;Afrique attend trop de la France\u00a0\u00bb, estime le pr\u00e9sident mauritanien dans un entretien au quotidien fran\u00e7ais Le Figaro publi\u00e9 vendredi soir, r\u00e9futant l&rsquo;\u00e9chec de la France au&nbsp;<a href=\"https:\/\/www.arabnews.fr\/node\/418041\/international\">Sahel.<\/a><\/p>\n\n\n\n<p>Le sentiment antifran\u00e7ais, qui s&rsquo;est d\u00e9velopp\u00e9 dans certains pays d&rsquo;Afrique francophones, s&rsquo;explique \u00ab\u00a0par des attentes, que je juge excessives, de certaines populations africaines vis-\u00e0-vis d&rsquo;un pays historiquement ami\u00a0\u00bb, souligne Mohamed Ould Ghazouani.<\/p>\n\n\n\n<p>\u00ab\u00a0Certes, le pass\u00e9 ne passe pas toujours, mais, selon moi, l&rsquo;Afrique attend trop de la France\u00a0\u00bb, ajoute-t-il.<\/p>\n\n\n\n<p>Il estime en outre que le sentiment antifran\u00e7ais refl\u00e8te surtout un \u00ab\u00a0populisme virulent qui n&rsquo;est pas propre \u00e0 l&rsquo;Afrique, qui s&rsquo;exprime partout sur la plan\u00e8te\u00a0\u00bb et qui est \u00ab\u00a0largement amplifi\u00e9 par les r\u00e9seaux sociaux\u00a0\u00bb.<\/p>\n\n\n\n<p><a href=\"https:\/\/www.arabnews.fr\/node\/428041\/france\">Le d\u00e9part de la France du Niger<\/a>&nbsp;n&rsquo;est ni un \u00e9chec, \u00ab\u00a0ni une humiliation\u00a0\u00bb, a-t-il \u00e9galement r\u00e9agi. \u00ab\u00a0Elle a sans doute raison de partir\u00a0\u00bb.<\/p>\n\n\n\n<p>Bien que quatre des cinq pays du G5 Sahel (Tchad, Niger, Burkina Faso, Mali) aient connu r\u00e9cemment des coups d&rsquo;\u00c9tat ou un changement \u00e0 leur t\u00eate, l&rsquo;organisation, cr\u00e9\u00e9e en 2014 pour lutter contre le terrorisme et le sous-d\u00e9veloppement, \u00ab\u00a0n&rsquo;est pas mort\u00a0\u00bb, a par ailleurs assur\u00e9 M. Ghazouani.<\/p>\n\n\n\n<p>\u00ab\u00a0Cette organisation, que je pr\u00e9side, est encore en vie. Seul le Mali en est pour l&rsquo;instant sorti\u00a0\u00bb, note-t-il. Et \u00ab\u00a0les raisons qui ont pr\u00e9sid\u00e9 \u00e0 la cr\u00e9ation de cette structure &#8211; la lutte antiterroriste et les efforts communs pour le d\u00e9veloppement &#8211; restent pertinentes\u00a0\u00bb.<\/p>\n\n\n\n<p>M. Ghazouani reconna\u00eet que \u00ab\u00a0la sortie du Mali pose probl\u00e8me\u00a0\u00bb mais il appelle \u00ab\u00a0\u00e0 surmonter\u00a0\u00bb les diff\u00e9rends \u00ab\u00a0par le dialogue\u00a0\u00bb.<\/p>\n\n\n\n<p>Il y a d&rsquo;autant plus urgence que \u00ab\u00a0le nord du Mali et particuli\u00e8rement les villes de Gao et de Tombouctou connaissent, ces derni\u00e8res semaines, une situation s\u00e9curitaire pr\u00e9caire\u00a0\u00bb, dit-il.<\/p>\n\n\n\n<p>\u00ab\u00a0De fa\u00e7on g\u00e9n\u00e9rale, la situation du moment au Sahel n&rsquo;est pas bonne, elle est m\u00eame tr\u00e8s mauvaise\u00a0\u00bb, juge le pr\u00e9sident mauritanien. \u00ab\u00a0Tous les pays de la r\u00e9gion sont sous pression, y compris mon pays\u00a0\u00bb, reconna\u00eet-il, notant une intensification des activit\u00e9s des groupes terroristes \u00ab\u00a0d&rsquo;autant que les forces fran\u00e7aises de Barkhane ne sont plus l\u00e0 ni celles de la mission onusienne de la Minusma\u00a0\u00bb.<em><strong>https:\/\/www.arabnews.f<\/strong><\/em>r<a href=\"https:\/\/www.arabnews.fr\/node\/429721\/international#\"><\/a><\/p>\n","protected":false},"excerpt":{"rendered":"<p>\u00ab\u00a0L&rsquo;Afrique attend trop de la France\u00a0\u00bb, estime le pr\u00e9sident mauritanien Mohamed Ould Ghazouani (Photo d&rsquo;illustration, AFP). Short Url arab.news AFP PARIS:&nbsp;\u00ab\u00a0L&rsquo;Afrique attend trop de la France\u00a0\u00bb, estime le pr\u00e9sident mauritanien dans un entretien au quotidien fran\u00e7ais Le Figaro publi\u00e9 vendredi soir, r\u00e9futant l&rsquo;\u00e9chec de la France au&nbsp;Sahel. Le sentiment antifran\u00e7ais, qui s&rsquo;est d\u00e9velopp\u00e9 dans certains [&hellip;]<\/p>\n","protected":false},"author":2,"featured_media":54065,"comment_status":"open","ping_status":"open","sticky":false,"template":"","format":"standard","meta":{"footnotes":""},"categories":[1],"tags":[],"class_list":["post-54064","post","type-post","status-publish","format-standard","has-post-thumbnail","hentry","category-aucun"],"_links":{"self":[{"href":"https:\/\/lestracesdelinfo.com\/index.php\/wp-json\/wp\/v2\/posts\/54064","targetHints":{"allow":["GET"]}}],"collection":[{"href":"https:\/\/lestracesdelinfo.com\/index.php\/wp-json\/wp\/v2\/posts"}],"about":[{"href":"https:\/\/lestracesdelinfo.com\/index.php\/wp-json\/wp\/v2\/types\/post"}],"author":[{"embeddable":true,"href":"https:\/\/lestracesdelinfo.com\/index.php\/wp-json\/wp\/v2\/users\/2"}],"replies":[{"embeddable":true,"href":"https:\/\/lestracesdelinfo.com\/index.php\/wp-json\/wp\/v2\/comments?post=54064"}],"version-history":[{"count":2,"href":"https:\/\/lestracesdelinfo.com\/index.php\/wp-json\/wp\/v2\/posts\/54064\/revisions"}],"predecessor-version":[{"id":54067,"href":"https:\/\/lestracesdelinfo.com\/index.php\/wp-json\/wp\/v2\/posts\/54064\/revisions\/54067"}],"wp:featuredmedia":[{"embeddable":true,"href":"https:\/\/lestracesdelinfo.com\/index.php\/wp-json\/wp\/v2\/media\/54065"}],"wp:attachment":[{"href":"https:\/\/lestracesdelinfo.com\/index.php\/wp-json\/wp\/v2\/media?parent=54064"}],"wp:term":[{"taxonomy":"category","embeddable":true,"href":"https:\/\/lestracesdelinfo.com\/index.php\/wp-json\/wp\/v2\/categories?post=54064"},{"taxonomy":"post_tag","embeddable":true,"href":"https:\/\/lestracesdelinfo.com\/index.php\/wp-json\/wp\/v2\/tags?post=54064"}],"curies":[{"name":"wp","href":"https:\/\/api.w.org\/{rel}","templated":true}]}}