{"id":54826,"date":"2023-11-21T07:22:22","date_gmt":"2023-11-21T07:22:22","guid":{"rendered":"https:\/\/lestracesdelinfo.com\/?p=54826"},"modified":"2023-11-21T07:22:24","modified_gmt":"2023-11-21T07:22:24","slug":"bassirou-diomaye-candidat-a-la-presidentielle-le-projet-change-de-tete","status":"publish","type":"post","link":"https:\/\/lestracesdelinfo.com\/index.php\/2023\/11\/21\/bassirou-diomaye-candidat-a-la-presidentielle-le-projet-change-de-tete\/","title":{"rendered":"Bassirou Diomaye, candidat \u00e0 la Pr\u00e9sidentielle : Le projet change de tete"},"content":{"rendered":"\n<p><a href=\"https:\/\/lequotidien.sn\/author\/aicha\/\">Lequotidien<\/a>\u00a0<\/p>\n\n\n\n<figure class=\"wp-block-image\"><img decoding=\"async\" src=\"https:\/\/lequotidien.sn\/wp-content\/uploads\/2022\/11\/Bassirou-Diomaye-Faye.jpg\" alt=\"\"\/><\/figure>\n\n\n\n<p><strong>Ce sera lui le plan B des \u00abPatriotes\u00bb. Bassirou Diomaye faye a \u00e9t\u00e9 d\u00e9sign\u00e9 pour porter la candidature des \u00abPatriotes\u00bb \u00e0 la Pr\u00e9sidentielle de 2024. Il a \u00e9t\u00e9 d\u00e9sign\u00e9 par Ousmane Sonko, selon Jotna Tv. Qui a \u00e9t\u00e9 confirm\u00e9 par Guy Marius Sagna, Abass Fall, El Malick Ndiaye et Birame Soul\u00e8ye Diop, qui ont renonc\u00e9 \u00e0 se pr\u00e9senter et ont appel\u00e9 \u00e0 soutenir Bassirou Diomaye Faye.&nbsp;<\/strong><\/p>\n\n\n\n<p><strong>Par Malick GAYE \u2013&nbsp;<\/strong>C\u2019est un plan B impos\u00e9 par la situation socio-politique. Les chances de Ousmane Sonko \u00e9tant quasi nulles pour se pr\u00e9senter \u00e0 la Pr\u00e9sidentielle de f\u00e9vrier 2024, les responsables de l\u2019ex-parti Pastef ont d\u00e9cid\u00e9 de porter la candidature de Bassirou Diomaye Faye. Selon une d\u00e9claration diffus\u00e9e en direct par Jotna Tv sur les r\u00e9seaux sociaux, l\u2019inspecteur des Imp\u00f4ts et domaines va porter les couleurs des \u00abPatriotes\u00bb au scrutin du 25 f\u00e9vrier 2024.<\/p>\n\n\n\n<blockquote class=\"wp-block-quote is-layout-flow wp-block-quote-is-layout-flow\">\n<h2 class=\"wp-block-heading\"><strong><a href=\"https:\/\/lequotidien.sn\/declaration-avortee-du-chef-de-lex-pastef-la-garde-des-sceaux-coupe-le-micro-a-sonko\/\">D\u00e9claration avort\u00e9e du chef de l\u2019ex-Pastef : La Garde des sceaux coupe le micro \u00e0 Sonko<\/a><\/strong><\/h2>\n<\/blockquote>\n\n\n\n<p>Faut-il le pr\u00e9ciser, Bassirou Diomaye Faye est actuellement en prison. Il a \u00e9t\u00e9 interpell\u00e9 et plac\u00e9 en garde \u00e0 vue le 14 avril pass\u00e9 pour \u00abdiffusion de fausses nouvelles, outrage \u00e0 magistrat et diffamation envers un corps constitu\u00e9\u00bb, \u00e0 la suite de la publication d\u2019un post sur les r\u00e9seaux sociaux dans lequel il critique le comportement de certains magistrats. Il est toujours en attente d\u2019un proc\u00e8s.<\/p>\n\n\n\n<p>Pendant ce temps, les autres candidats d\u00e9clar\u00e9s et issus des rangs de l\u2019ex-parti Pastef ont renonc\u00e9 et appel\u00e9 \u00e0 soutenir Bassirou Diomaye Faye. Dans une d\u00e9claration commune, ils affirment que leurs \u00abadversaires, usant et abusant de tous les leviers du pouvoir, ont d\u00e9cid\u00e9 de prolonger le dilatoire et de laisser s\u2019enliser le contentieux judiciaire contre le pr\u00e9sident Ousmane Sonko pour gagner du temps et plomber \u00abLe projet\u00bb. C\u2019est un cas de figure que nous avions pr\u00e9vu\u00bb. Forts de ce constat, Guy Marius Sagna, Abass Fall, El Malick Ndiaye et Birame Soul\u00e8ye Diop expliquent ceci : \u00abC\u2019est en r\u00e9ponse \u00e0 cela que, apr\u00e8s nous \u00eatre concert\u00e9s tous les quatre, et apr\u00e8s avoir fait valider notre d\u00e9cision par le pr\u00e9sident Ousmane Sonko, nous demandons unanimement \u00e0 tous les S\u00e9n\u00e9galais de lancer, \u00e0 compter de ce lundi 20 novembre 2023, la campagne de parrainage du \u00abProjet\u00bb en faveur du candidat Bassirou Diomaye Faye.\u00bb<\/p>\n\n\n\n<blockquote class=\"wp-block-quote is-layout-flow wp-block-quote-is-layout-flow\">\n<h2 class=\"wp-block-heading\"><strong><a href=\"https:\/\/lequotidien.sn\/decisions-de-la-cour-supreme-et-de-la-cour-de-la-cedeao-double-la-peine-pour-sonko\/\">D\u00e9cisions de la Cour supr\u00eame et de la Cour de la Cedeao : Double la peine pour Sonko<\/a><\/strong><\/h2>\n<\/blockquote>\n\n\n\n<p>Ainsi, ils appellent \u00e0 parrainer Bassirou Diomaye Faye car \u00abfaire parrainer le candidat Bassirou Diomaye Faye ne signifie nullement une abdication quant \u00e0 la candidature du pr\u00e9sident Ousmane Sonko. Tout le monde le connait assez pour savoir que jusqu\u2019\u00e0 son dernier souffle, il se battra sans compromission. Faire parrainer le candidat Bassirou Diomaye Faye, c\u2019est faire \u00e9chec \u00e0 la strat\u00e9gie du pourrissement du r\u00e9gime et lancer une des multiples cartes de notre projet dans la course\u00bb.<\/p>\n\n\n\n<p>Le parti Pastef \u00e9tant dissous, les \u00abPatriotes\u00bb n\u2019ont pas le choix. Ils devront passer par un autre parti politique pour pr\u00e9senter Bassirou Diomaye Faye. L\u2019option de la candidature ind\u00e9pendante est \u00e0 \u00e9carter car il faudrait qu\u2019au pr\u00e9alable Bassirou Diomaye Faye reste un an sans militer dans un parti politique.<br><strong>mgaye@lequotidien.sn<\/strong><\/p>\n","protected":false},"excerpt":{"rendered":"<p>Lequotidien\u00a0 Ce sera lui le plan B des \u00abPatriotes\u00bb. Bassirou Diomaye faye a \u00e9t\u00e9 d\u00e9sign\u00e9 pour porter la candidature des \u00abPatriotes\u00bb \u00e0 la Pr\u00e9sidentielle de 2024. Il a \u00e9t\u00e9 d\u00e9sign\u00e9 par Ousmane Sonko, selon Jotna Tv. Qui a \u00e9t\u00e9 confirm\u00e9 par Guy Marius Sagna, Abass Fall, El Malick Ndiaye et Birame Soul\u00e8ye Diop, qui ont [&hellip;]<\/p>\n","protected":false},"author":2,"featured_media":54827,"comment_status":"open","ping_status":"open","sticky":false,"template":"","format":"standard","meta":{"footnotes":""},"categories":[1],"tags":[],"class_list":["post-54826","post","type-post","status-publish","format-standard","has-post-thumbnail","hentry","category-aucun"],"_links":{"self":[{"href":"https:\/\/lestracesdelinfo.com\/index.php\/wp-json\/wp\/v2\/posts\/54826","targetHints":{"allow":["GET"]}}],"collection":[{"href":"https:\/\/lestracesdelinfo.com\/index.php\/wp-json\/wp\/v2\/posts"}],"about":[{"href":"https:\/\/lestracesdelinfo.com\/index.php\/wp-json\/wp\/v2\/types\/post"}],"author":[{"embeddable":true,"href":"https:\/\/lestracesdelinfo.com\/index.php\/wp-json\/wp\/v2\/users\/2"}],"replies":[{"embeddable":true,"href":"https:\/\/lestracesdelinfo.com\/index.php\/wp-json\/wp\/v2\/comments?post=54826"}],"version-history":[{"count":1,"href":"https:\/\/lestracesdelinfo.com\/index.php\/wp-json\/wp\/v2\/posts\/54826\/revisions"}],"predecessor-version":[{"id":54828,"href":"https:\/\/lestracesdelinfo.com\/index.php\/wp-json\/wp\/v2\/posts\/54826\/revisions\/54828"}],"wp:featuredmedia":[{"embeddable":true,"href":"https:\/\/lestracesdelinfo.com\/index.php\/wp-json\/wp\/v2\/media\/54827"}],"wp:attachment":[{"href":"https:\/\/lestracesdelinfo.com\/index.php\/wp-json\/wp\/v2\/media?parent=54826"}],"wp:term":[{"taxonomy":"category","embeddable":true,"href":"https:\/\/lestracesdelinfo.com\/index.php\/wp-json\/wp\/v2\/categories?post=54826"},{"taxonomy":"post_tag","embeddable":true,"href":"https:\/\/lestracesdelinfo.com\/index.php\/wp-json\/wp\/v2\/tags?post=54826"}],"curies":[{"name":"wp","href":"https:\/\/api.w.org\/{rel}","templated":true}]}}