{"id":55342,"date":"2023-12-30T08:47:58","date_gmt":"2023-12-30T08:47:58","guid":{"rendered":"https:\/\/lestracesdelinfo.com\/?p=55342"},"modified":"2023-12-30T08:54:31","modified_gmt":"2023-12-30T08:54:31","slug":"a-boghe-le-mouvement-des-jeunes-pour-un-boghe-emergent-mjbe-a-tenu-ses-activites","status":"publish","type":"post","link":"https:\/\/lestracesdelinfo.com\/index.php\/2023\/12\/30\/a-boghe-le-mouvement-des-jeunes-pour-un-boghe-emergent-mjbe-a-tenu-ses-activites\/","title":{"rendered":"\u00e0 Bogh\u00e9 : Le Mouvement des Jeunes pour un Boghe \u00c9mergent (MJBE) a tenu ses activit\u00e9s"},"content":{"rendered":"\n<figure class=\"wp-block-image size-large\"><img loading=\"lazy\" decoding=\"async\" width=\"768\" height=\"1024\" src=\"https:\/\/lestracesdelinfo.com\/wp-content\/uploads\/2023\/12\/IMG-20231229-WA0219-768x1024.jpg\" alt=\"\" class=\"wp-image-55345\" srcset=\"https:\/\/lestracesdelinfo.com\/wp-content\/uploads\/2023\/12\/IMG-20231229-WA0219-768x1024.jpg 768w, https:\/\/lestracesdelinfo.com\/wp-content\/uploads\/2023\/12\/IMG-20231229-WA0219-225x300.jpg 225w, https:\/\/lestracesdelinfo.com\/wp-content\/uploads\/2023\/12\/IMG-20231229-WA0219.jpg 960w\" sizes=\"auto, (max-width: 768px) 100vw, 768px\" \/><\/figure>\n\n\n\n<p>La Maison des associations de Boghe a abrit\u00e9 ce vendredi 2023 une rencontre avec Le Mouvement des Jeunes pour un Boghe \u00c9mergent (MJBE). Une journ\u00e9e destin\u00e9e \u00e0 expliquer \u00e0 l&rsquo;assistance  les diff\u00e9rentes activit\u00e9s concr\u00e8tes du Mouvement. <\/p>\n\n\n\n<p>Le maire adjoint de la commune de<strong> Bogh\u00e9<\/strong> a donn\u00e9 le coup  d&rsquo; envoi de la c\u00e9r\u00e9monie journ\u00e9e en pr\u00e9sence du m\u00e9decin chef du centre de sant\u00e9 de Bogh\u00e9, le repr\u00e9sentant du bureau <strong>CNASS,<\/strong> les responsables des adh\u00e9sions \u00e0 la CNASS.<\/p>\n\n\n\n<figure class=\"wp-block-image size-full\"><img loading=\"lazy\" decoding=\"async\" width=\"768\" height=\"1024\" src=\"https:\/\/lestracesdelinfo.com\/wp-content\/uploads\/2023\/12\/IMG-20231229-WA0150.jpg\" alt=\"\" class=\"wp-image-55346\" srcset=\"https:\/\/lestracesdelinfo.com\/wp-content\/uploads\/2023\/12\/IMG-20231229-WA0150.jpg 768w, https:\/\/lestracesdelinfo.com\/wp-content\/uploads\/2023\/12\/IMG-20231229-WA0150-225x300.jpg 225w\" sizes=\"auto, (max-width: 768px) 100vw, 768px\" \/><\/figure>\n\n\n\n<figure class=\"wp-block-image size-full\"><img loading=\"lazy\" decoding=\"async\" width=\"768\" height=\"1024\" src=\"https:\/\/lestracesdelinfo.com\/wp-content\/uploads\/2023\/12\/IMG-20231229-WA0148.jpg\" alt=\"\" class=\"wp-image-55347\" srcset=\"https:\/\/lestracesdelinfo.com\/wp-content\/uploads\/2023\/12\/IMG-20231229-WA0148.jpg 768w, https:\/\/lestracesdelinfo.com\/wp-content\/uploads\/2023\/12\/IMG-20231229-WA0148-225x300.jpg 225w\" sizes=\"auto, (max-width: 768px) 100vw, 768px\" \/><\/figure>\n\n\n\n<p><strong>Voici le discours int\u00e9gral de Mr. &nbsp;Dr Amadou Ba<\/strong><\/p>\n\n\n\n<p>Mr le Hakem de la Mouqata\u2019a de Bogh\u00e9<\/p>\n\n\n\n<p>Mr le repr\u00e9sentant du CR<\/p>\n\n\n\n<p>Mr le Maire<\/p>\n\n\n\n<p>Mrs les chefs de villages<\/p>\n\n\n\n<p>Honorables invit\u00e9s<\/p>\n\n\n\n<p>&nbsp;\u201cC\u2019est pour nous un grand honneur et un r\u00e9el plaisir de vous accueillir parmi nous en ce moment solennel pour \u00e9changer avec vous sur certaines questions de l\u2019heure telles que les avantages de la CNASS et les moyens de pr\u00e9vention contre les maladies non transmissibles telles que l\u2019hypertension art\u00e9rielle, le diab\u00e8te et l\u2019ICV ainsi que leur impact sur les revenus des m\u00e9nages.<\/p>\n\n\n\n<p>En effet, plus de 70% des mauritaniens ne b\u00e9n\u00e9ficient d\u2019aucun r\u00e9gime d\u2019assurance maladie. Cette situation les expose \u00e0 une pr\u00e9carit\u00e9 qui se traduit soit par des d\u00e9penses insoutenables sur leurs revenus soit par un renoncement total aux soins de sant\u00e9. C\u2019est dans ce contexte que le Pr\u00e9sident de la R\u00e9publique, <strong>Son Excellence Monsieur Mohamed Ould Cheikh El Ghazouani<\/strong>&nbsp;; s\u2019est engag\u00e9 \u00e0 mettre en place une assurance maladie universelle destin\u00e9e \u00e0 prendre en charge les populations du secteur informel et les m\u00e9nages indigents.<\/p>\n\n\n\n<p>C\u2019est ainsi que la CNASS a \u00e9t\u00e9 cr\u00e9\u00e9e le 08 juin 2022 avec pour objectif la facilitation de l\u2019acc\u00e8s aux soins de sant\u00e9 de qualit\u00e9 aux populations les plus d\u00e9munies moyennant une faible participation financi\u00e8re (250 MRU\/personne\/an), l\u2019Etat prenant en charge les 65 % restants.<\/p>\n\n\n\n<p>Pour ce faire 03 wilayas cibles ont \u00e9t\u00e9 retenus dont la wilaya du Brakna. La mouqata\u2019a de Bogh\u00e9 ne doit donc pas rester en reste.<\/p>\n\n\n\n<p>Le bureau de CNASS a \u00e9t\u00e9 ouvert dans la ville de Bogh\u00e9 depuis bient\u00f4t trois mois mais, malgr\u00e9 la forte caravane de sensibilisation men\u00e9e par le bureau de la CNASS, le flux reste encore faible. Suivant ce constant, nous MJBE avons pris l\u2019initiative de contribuer \u00e0 cette sensibilisation en\u00a0mobilisant un fond destin\u00e9 \u00e0 subventionner plus de 50 familles (250 personnes) les plus n\u00e9cessiteuses dans la Commune de Boghe pour un co\u00fbt global de 62 500 MRU.<\/p>\n\n\n\n<p>Mesdames et Messieurs<\/p>\n\n\n\n<p>Le MJBE, dans son plan d\u2019action \u00e0 l\u2019horizon 2025 envisage d\u2019organiser plusieurs autres activit\u00e9s socio-\u00e9ducatives, sanitaires et sportives&nbsp;:<\/p>\n\n\n\n<ul class=\"wp-block-list\">\n<li>Sur le plan social&nbsp;: le MJBE compte supporter les cotisations annuelles de plus de 50% des familles cibl\u00e9es et envisage d\u2019autres actions sociales.<\/li>\n\n\n\n<li>Sur le plan sanitaire&nbsp;: l\u2019Association envisage d\u2019organiser au moins une caravane m\u00e9dicale par an et plaidera pour la construction et l\u2019\u00e9quipement d\u2019une autre structure sanitaire dans la Commune de Bogh\u00e9.<\/li>\n<\/ul>\n\n\n\n<p>Il faut rappeler que l\u2019objectif est d\u2019am\u00e9liorer la qualit\u00e9 de vie des habitants de Bogh\u00e9 en r\u00e9pondant \u00e0 leurs besoins fondamentaux. Nous aspirons \u00e0 cr\u00e9er un environnement propice \u00e0 l\u2019\u00e9ducation, \u00e0 la sant\u00e9 et au bien-\u00eatre.<\/p>\n\n\n\n<p>&nbsp;Ce mouvement regroupe plusieurs jeunes cadres ressortissants de Bogh\u00e9, acteurs du d\u00e9veloppement.<\/p>\n\n\n\n<p>\u00c9tant conscients de l\u2019ampleur des charges li\u00e9es aux d\u00e9penses de sant\u00e9 et cela en parall\u00e8le avec les autres charges familiales qui deviennent de plus en plus exorbitantes, nous poursuivrons notre assistance et notre accompagnement \u00e0 la Commune de Bogh\u00e9 dans les efforts qu\u2019elle m\u00e8ne dans ce domaine.\u00a0<\/p>\n\n\n\n<p>Mesdames et Messieurs<\/p>\n\n\n\n<p>Je ne saurai terminer cette allocution sans adresser mes vifs remerciements aux autorit\u00e9s administratives et municipales pour leur soutien constant \u00e0 la mise en \u0153uvre de nos programmes. Mes remerciements vont \u00e9galement \u00e0 toute l\u2019\u00e9quipe de la CNASS pour leur engagement sans failles \u00e0 nos c\u00f4t\u00e9s et leur parfaite organisation.<\/p>\n\n\n\n<p>&nbsp;Je vous remercie&nbsp;\u00bb<\/p>\n\n\n\n<p><strong>Diop Mohamedou Abou (les traces de l\u2019info)<\/strong><\/p>\n","protected":false},"excerpt":{"rendered":"<p>La Maison des associations de Boghe a abrit\u00e9 ce vendredi 2023 une rencontre avec Le Mouvement des Jeunes pour un Boghe \u00c9mergent (MJBE). Une journ\u00e9e destin\u00e9e \u00e0 expliquer \u00e0 l&rsquo;assistance les diff\u00e9rentes activit\u00e9s concr\u00e8tes du Mouvement. Le maire adjoint de la commune de Bogh\u00e9 a donn\u00e9 le coup d&rsquo; envoi de la c\u00e9r\u00e9monie journ\u00e9e en [&hellip;]<\/p>\n","protected":false},"author":2,"featured_media":55344,"comment_status":"open","ping_status":"open","sticky":false,"template":"","format":"standard","meta":{"footnotes":""},"categories":[1307],"tags":[],"class_list":["post-55342","post","type-post","status-publish","format-standard","has-post-thumbnail","hentry","category-regions-ou-wilayas"],"_links":{"self":[{"href":"https:\/\/lestracesdelinfo.com\/index.php\/wp-json\/wp\/v2\/posts\/55342","targetHints":{"allow":["GET"]}}],"collection":[{"href":"https:\/\/lestracesdelinfo.com\/index.php\/wp-json\/wp\/v2\/posts"}],"about":[{"href":"https:\/\/lestracesdelinfo.com\/index.php\/wp-json\/wp\/v2\/types\/post"}],"author":[{"embeddable":true,"href":"https:\/\/lestracesdelinfo.com\/index.php\/wp-json\/wp\/v2\/users\/2"}],"replies":[{"embeddable":true,"href":"https:\/\/lestracesdelinfo.com\/index.php\/wp-json\/wp\/v2\/comments?post=55342"}],"version-history":[{"count":2,"href":"https:\/\/lestracesdelinfo.com\/index.php\/wp-json\/wp\/v2\/posts\/55342\/revisions"}],"predecessor-version":[{"id":55350,"href":"https:\/\/lestracesdelinfo.com\/index.php\/wp-json\/wp\/v2\/posts\/55342\/revisions\/55350"}],"wp:featuredmedia":[{"embeddable":true,"href":"https:\/\/lestracesdelinfo.com\/index.php\/wp-json\/wp\/v2\/media\/55344"}],"wp:attachment":[{"href":"https:\/\/lestracesdelinfo.com\/index.php\/wp-json\/wp\/v2\/media?parent=55342"}],"wp:term":[{"taxonomy":"category","embeddable":true,"href":"https:\/\/lestracesdelinfo.com\/index.php\/wp-json\/wp\/v2\/categories?post=55342"},{"taxonomy":"post_tag","embeddable":true,"href":"https:\/\/lestracesdelinfo.com\/index.php\/wp-json\/wp\/v2\/tags?post=55342"}],"curies":[{"name":"wp","href":"https:\/\/api.w.org\/{rel}","templated":true}]}}