{"id":58498,"date":"2024-06-28T08:57:46","date_gmt":"2024-06-28T08:57:46","guid":{"rendered":"https:\/\/lestracesdelinfo.com\/?p=58498"},"modified":"2024-06-28T08:57:51","modified_gmt":"2024-06-28T08:57:51","slug":"campagne-presidentielle-en-mauritanie-le-candidat-biram-dah-abeid-promet-la-fin-de-la-gabegie-et-des-discriminations","status":"publish","type":"post","link":"https:\/\/lestracesdelinfo.com\/index.php\/2024\/06\/28\/campagne-presidentielle-en-mauritanie-le-candidat-biram-dah-abeid-promet-la-fin-de-la-gabegie-et-des-discriminations\/","title":{"rendered":"\u00a0Campagne pr\u00e9sidentielle en Mauritanie: le candidat Biram Dah Abeid promet la fin de la gabegie et des discriminations"},"content":{"rendered":"\n<p><img loading=\"lazy\" decoding=\"async\" src=\"https:\/\/cridem.org\/media\/photos\/photo\/biram_160377430087242.jpg\" alt=\"Campagne pr\u00e9sidentielle en Mauritanie: le candidat Biram Dah Abeid promet la fin de la gabegie et des discriminations\" width=\"300\" height=\"200\"><\/p>\n\n\n\n<p>RFI Afrique &#8211; RFI donne la parole cette semaine aux 7 candidats \u00e0 l\u2019\u00e9lection pr\u00e9sidentielle du 29 juin prochain en Mauritanie ou \u00e0 leurs porte-paroles, pour mieux connaitre leurs programmes et priorit\u00e9s. Nous continuons avec Biram Dah Abeid, arriv\u00e9 second en 2019, principale figure de l\u2019opposition et militants des droits humains.<br><br>La campagne officielle pour le scrutin pr\u00e9sidentiel du 29 juin en Mauritanie a \u00e9t\u00e9 lanc\u00e9e le 14 juin. Sept candidats sont en lice, dont le pr\u00e9sident sortant Mohamed Ould Ghazouani.<br><br>Au micro de notre envoy\u00e9e sp\u00e9ciale, L\u00e9a-Lisa Westerhoff, Biram Dah Abeid promet une rupture avec le pass\u00e9 et de faire de la lutte contre la corruption et la r\u00e9conciliation sa priorit\u00e9.<br><br>\u00ab On va balayer toute la classe corrompue qui a gravit\u00e9 autour des institutions de l&rsquo;\u00c9tat depuis 1970 jusqu&rsquo;\u00e0 nos jours.<br><br>D&rsquo;abord, on va reconsid\u00e9rer les Mauritaniens. Il y a des passifs lourds entre les Mauritaniens, on va mettre fin \u00e0 l&rsquo;esclavage. On va mettre fin \u00e0 toutes sortes de discriminations. Entre Mauritaniens surtout, on va mettre fin \u00e0 la corruption, on va mettre fin \u00e0 la gabegie \u00e0 travers des contrats transparents avec les \u00c9tats et les multinationales !<br><br>Par exemple, les contrats sur la p\u00eache avec l&rsquo;Union europ\u00e9enne, avec la Chine, avec la Turquie. On va remettre en cause les contrats sur le fer et sur l&rsquo;or avec les multinationales, r\u00e9orienter l&rsquo;argent vers le d\u00e9veloppement de l&rsquo;agriculture. On va mettre un accent particulier sur le d\u00e9veloppement dans ce pays. \u00bb<\/p>\n","protected":false},"excerpt":{"rendered":"<p>RFI Afrique &#8211; RFI donne la parole cette semaine aux 7 candidats \u00e0 l\u2019\u00e9lection pr\u00e9sidentielle du 29 juin prochain en Mauritanie ou \u00e0 leurs porte-paroles, pour mieux connaitre leurs programmes et priorit\u00e9s. Nous continuons avec Biram Dah Abeid, arriv\u00e9 second en 2019, principale figure de l\u2019opposition et militants des droits humains. La campagne officielle pour [&hellip;]<\/p>\n","protected":false},"author":2,"featured_media":58499,"comment_status":"open","ping_status":"open","sticky":false,"template":"","format":"standard","meta":{"footnotes":""},"categories":[1306],"tags":[],"class_list":["post-58498","post","type-post","status-publish","format-standard","has-post-thumbnail","hentry","category-politique-general-politique-general"],"_links":{"self":[{"href":"https:\/\/lestracesdelinfo.com\/index.php\/wp-json\/wp\/v2\/posts\/58498","targetHints":{"allow":["GET"]}}],"collection":[{"href":"https:\/\/lestracesdelinfo.com\/index.php\/wp-json\/wp\/v2\/posts"}],"about":[{"href":"https:\/\/lestracesdelinfo.com\/index.php\/wp-json\/wp\/v2\/types\/post"}],"author":[{"embeddable":true,"href":"https:\/\/lestracesdelinfo.com\/index.php\/wp-json\/wp\/v2\/users\/2"}],"replies":[{"embeddable":true,"href":"https:\/\/lestracesdelinfo.com\/index.php\/wp-json\/wp\/v2\/comments?post=58498"}],"version-history":[{"count":1,"href":"https:\/\/lestracesdelinfo.com\/index.php\/wp-json\/wp\/v2\/posts\/58498\/revisions"}],"predecessor-version":[{"id":58500,"href":"https:\/\/lestracesdelinfo.com\/index.php\/wp-json\/wp\/v2\/posts\/58498\/revisions\/58500"}],"wp:featuredmedia":[{"embeddable":true,"href":"https:\/\/lestracesdelinfo.com\/index.php\/wp-json\/wp\/v2\/media\/58499"}],"wp:attachment":[{"href":"https:\/\/lestracesdelinfo.com\/index.php\/wp-json\/wp\/v2\/media?parent=58498"}],"wp:term":[{"taxonomy":"category","embeddable":true,"href":"https:\/\/lestracesdelinfo.com\/index.php\/wp-json\/wp\/v2\/categories?post=58498"},{"taxonomy":"post_tag","embeddable":true,"href":"https:\/\/lestracesdelinfo.com\/index.php\/wp-json\/wp\/v2\/tags?post=58498"}],"curies":[{"name":"wp","href":"https:\/\/api.w.org\/{rel}","templated":true}]}}