{"id":58545,"date":"2024-07-25T23:52:19","date_gmt":"2024-07-25T23:52:19","guid":{"rendered":"https:\/\/lestracesdelinfo.com\/?p=58545"},"modified":"2024-07-25T23:54:47","modified_gmt":"2024-07-25T23:54:47","slug":"brakna-derniere-reunion-du-comite-regional-charge-du-recensement-du-cheptel","status":"publish","type":"post","link":"https:\/\/lestracesdelinfo.com\/index.php\/2024\/07\/25\/brakna-derniere-reunion-du-comite-regional-charge-du-recensement-du-cheptel\/","title":{"rendered":"Brakna : derni\u00e8re r\u00e9union du comit\u00e9 r\u00e9gional charg\u00e9 du recensement du cheptel"},"content":{"rendered":"\n<p><strong>2024<\/strong>  ALEG  ami  <\/p>\n\n\n\n<figure class=\"wp-block-image\"><a href=\"https:\/\/ami.mr\/fr\/wp-content\/uploads\/2024\/07\/%D9%84%D8%A8%D8%B1%D8%A7%D9%83%D9%86%D8%A9.jpg\"><img decoding=\"async\" src=\"https:\/\/ami.mr\/fr\/wp-content\/uploads\/2024\/07\/%D9%84%D8%A8%D8%B1%D8%A7%D9%83%D9%86%D8%A9-750x430.jpg\" alt=\"\"\/><\/a><\/figure>\n\n\n\n<p>Le wali de Brakna, M. Mohamed Ould Saleck, a pr\u00e9sid\u00e9, mardi \u00e0 Aleg, la derni\u00e8re r\u00e9union du comit\u00e9 r\u00e9gional charg\u00e9 du recensement du cheptel au niveau de la Wilaya.<\/p>\n\n\n\n<p>Au cours de cette r\u00e9union, le wali a soulign\u00e9 l\u2019importance de ce recensement, indiquant qu\u2019il permettra de disposer d\u2019une base de donn\u00e9es fiable sur le volume du cheptel, et sa r\u00e9partition au sein des communes, des villages et des zones pastorales.<\/p>\n\n\n\n<p>Le wali a ajout\u00e9 que ce recensement, qui a \u00e9t\u00e9 cl\u00f4tur\u00e9 apr\u00e8s une prolongation de 15 jours, permettra la conception, la mise en \u0153uvre et le suivi de la politique gouvernementale en mati\u00e8re d\u2019\u00e9levage, remerciant tout le monde pour les efforts d\u00e9ploy\u00e9s.<\/p>\n\n\n\n<p>Le coordinateur adjoint des statistiques au Brakna, M. Mohamed Fadhel El Ghali Haddouni, a pr\u00e9sent\u00e9 un expos\u00e9 sur la nature du recensement, les proc\u00e9dures et les chiffres obtenus, ainsi que les modalit\u00e9s adopt\u00e9es pour sa mise en \u0153uvre, soulignant l\u2019importance des informations statistiques obtenues dans la planification \u00e9conomique au niveau de la Wilaya.<\/p>\n\n\n\n<p>La r\u00e9union s\u2019est d\u00e9roul\u00e9e en pr\u00e9sence du wali mou\u00e7aid du Brakna et des hakems<\/p>\n","protected":false},"excerpt":{"rendered":"<p>2024 ALEG ami Le wali de Brakna, M. Mohamed Ould Saleck, a pr\u00e9sid\u00e9, mardi \u00e0 Aleg, la derni\u00e8re r\u00e9union du comit\u00e9 r\u00e9gional charg\u00e9 du recensement du cheptel au niveau de la Wilaya. Au cours de cette r\u00e9union, le wali a soulign\u00e9 l\u2019importance de ce recensement, indiquant qu\u2019il permettra de disposer d\u2019une base de donn\u00e9es fiable [&hellip;]<\/p>\n","protected":false},"author":2,"featured_media":58546,"comment_status":"open","ping_status":"open","sticky":false,"template":"","format":"standard","meta":{"footnotes":""},"categories":[1449],"tags":[],"class_list":["post-58545","post","type-post","status-publish","format-standard","has-post-thumbnail","hentry","category-national"],"_links":{"self":[{"href":"https:\/\/lestracesdelinfo.com\/index.php\/wp-json\/wp\/v2\/posts\/58545","targetHints":{"allow":["GET"]}}],"collection":[{"href":"https:\/\/lestracesdelinfo.com\/index.php\/wp-json\/wp\/v2\/posts"}],"about":[{"href":"https:\/\/lestracesdelinfo.com\/index.php\/wp-json\/wp\/v2\/types\/post"}],"author":[{"embeddable":true,"href":"https:\/\/lestracesdelinfo.com\/index.php\/wp-json\/wp\/v2\/users\/2"}],"replies":[{"embeddable":true,"href":"https:\/\/lestracesdelinfo.com\/index.php\/wp-json\/wp\/v2\/comments?post=58545"}],"version-history":[{"count":1,"href":"https:\/\/lestracesdelinfo.com\/index.php\/wp-json\/wp\/v2\/posts\/58545\/revisions"}],"predecessor-version":[{"id":58547,"href":"https:\/\/lestracesdelinfo.com\/index.php\/wp-json\/wp\/v2\/posts\/58545\/revisions\/58547"}],"wp:featuredmedia":[{"embeddable":true,"href":"https:\/\/lestracesdelinfo.com\/index.php\/wp-json\/wp\/v2\/media\/58546"}],"wp:attachment":[{"href":"https:\/\/lestracesdelinfo.com\/index.php\/wp-json\/wp\/v2\/media?parent=58545"}],"wp:term":[{"taxonomy":"category","embeddable":true,"href":"https:\/\/lestracesdelinfo.com\/index.php\/wp-json\/wp\/v2\/categories?post=58545"},{"taxonomy":"post_tag","embeddable":true,"href":"https:\/\/lestracesdelinfo.com\/index.php\/wp-json\/wp\/v2\/tags?post=58545"}],"curies":[{"name":"wp","href":"https:\/\/api.w.org\/{rel}","templated":true}]}}