{"id":58602,"date":"2024-08-02T00:26:30","date_gmt":"2024-08-02T00:26:30","guid":{"rendered":"https:\/\/lestracesdelinfo.com\/?p=58602"},"modified":"2024-08-02T00:28:10","modified_gmt":"2024-08-02T00:28:10","slug":"president-de-la-republique-a-linvestiture-nous-nous-concentrerons-sur-lautonomisation-des-jeunes-et-la-lutte-contre-la-corruption","status":"publish","type":"post","link":"https:\/\/lestracesdelinfo.com\/index.php\/2024\/08\/02\/president-de-la-republique-a-linvestiture-nous-nous-concentrerons-sur-lautonomisation-des-jeunes-et-la-lutte-contre-la-corruption\/","title":{"rendered":"Pr\u00e9sident de la R\u00e9publique \u00e0 l\u2019investiture : Nous nous concentrerons sur l\u2019autonomisation des jeunes et la lutte contre la corruption"},"content":{"rendered":"\n<h2 class=\"wp-block-heading\">ami<\/h2>\n\n\n\n<figure class=\"wp-block-image\"><a href=\"https:\/\/ami.mr\/fr\/wp-content\/uploads\/2024\/08\/pr-agt-01.jpg\"><img decoding=\"async\" src=\"https:\/\/ami.mr\/fr\/wp-content\/uploads\/2024\/08\/pr-agt-01-750x430.jpg\" alt=\"\"\/><\/a><\/figure>\n\n\n\n<p>Son Excellence le Pr\u00e9sident de la R\u00e9publique, M. Mohamed Ould Cheikh Ghazouani, a soulign\u00e9 que la pr\u00e9servation des acquis r\u00e9alis\u00e9s au cours des cinq derni\u00e8res ann\u00e9es et leur consolidation pour construire l\u2019\u00c9tat auquel aspirent tous les citoyens, un \u00c9tat de droit, de s\u00e9curit\u00e9 et de d\u00e9veloppement, passe par l\u2019acc\u00e9l\u00e9ration de la mise en \u0153uvre du programme \u00e9lectoral approuv\u00e9 par les Mauritaniens.<\/p>\n\n\n\n<p>Dans un discours prononc\u00e9 jeudi au Centre International des Conf\u00e9rences de Nouakchott lors de sa c\u00e9r\u00e9monie d\u2019investiture en tant que Pr\u00e9sident de la R\u00e9publique, Son Excellence a ajout\u00e9 que ce programme n\u2019est pas un simple document pr\u00e9par\u00e9 pour les besoins de la campagne \u00e9lectorale, mais un contrat et un pacte et qu\u2019il ne m\u00e9nagera aucun effort pour honorer ses engagements, appelant tous les partis politiques, les leaders d\u2019opinion, la soci\u00e9t\u00e9 civile et toutes les forces vives \u00e0 conjuguer leurs efforts pour participer \u00e0 la mise en \u0153uvre minutieuse et efficace de ce programme afin d\u2019assurer la r\u00e9alisation de tous ses objectifs et finalit\u00e9s.<\/p>\n\n\n\n<p>Le Pr\u00e9sident de la R\u00e9publique a r\u00e9it\u00e9r\u00e9 que le mandat actuel sera fait par les jeunes et pour les jeunes, parce qu\u2019ils sont l\u2019espoir de la nation et sa force pr\u00e9sente et future.<\/p>\n\n\n\n<p>Voici le texte int\u00e9gral de ce discours :<\/p>\n\n\n\n<p>\u201d Au nom d\u2019Allah, le Mis\u00e9ricordieux, le tr\u00e8s mis\u00e9ricordieux<\/p>\n\n\n\n<p>Que les pri\u00e8res d\u2019Allah soient sur son honorable Proph\u00e8te<\/p>\n\n\n\n<p>Excellences les chefs d\u2019\u00c9tat et de gouvernement.<\/p>\n\n\n\n<p>Excellence Monsieur le Premier ministre.<\/p>\n\n\n\n<p>Mesdames et Messieurs les chefs de d\u00e9l\u00e9gation.<\/p>\n\n\n\n<p>Monsieur le Pr\u00e9sident de l\u2019Assembl\u00e9e nationale<\/p>\n\n\n\n<p>Monsieur le Pr\u00e9sident du Conseil Constitutionnel<\/p>\n\n\n\n<p>Monsieur le chef de file de l\u2019institution de l\u2019Opposition D\u00e9mocratique.<\/p>\n\n\n\n<p>Mesdames et Messieurs les Ministres.<\/p>\n\n\n\n<p>Mesdames et Messieurs les membres du Bureau de l\u2019Assembl\u00e9e nationale.<\/p>\n\n\n\n<p>Mesdames et Messieurs les membres du Conseil constitutionnel.<\/p>\n\n\n\n<p>Mesdames et Messieurs les responsables et membres des institutions constitutionnelles.<\/p>\n\n\n\n<p>Mesdames et Messieurs les \u00e9lus.<\/p>\n\n\n\n<p>Mesdames et Messieurs les ambassadeurs et chefs de missions diplomatiques et consulaires.<\/p>\n\n\n\n<p>Mesdames et Messieurs les repr\u00e9sentants des organisations internationales.<\/p>\n\n\n\n<p>Chers invit\u00e9s, Mesdames et Messieurs.<\/p>\n\n\n\n<p>Chers citoyens<\/p>\n\n\n\n<p>Mesdames et Messieurs.<\/p>\n\n\n\n<p>J\u2019ai le grand plaisir et l\u2019honneur d\u2019accueillir, en mon nom et au nom du peuple mauritanien, mes fr\u00e8res, Leurs Excellences, Chefs d\u2019Etat et Chefs de D\u00e9l\u00e9gation, de les remercier pour leur participation \u00e0 cet \u00e9v\u00e9nement marquant dans le renouveau du cycle de la vie d\u00e9mocratique dans notre pays, et d\u2019exprimer ma grande fiert\u00e9 et mon appr\u00e9ciation pour la signification de leur pr\u00e9sence aujourd\u2019hui dans la consolidation des relations de fraternit\u00e9, d\u2019amiti\u00e9 et de coop\u00e9ration que nous entretenons depuis longtemps avec eux.<\/p>\n\n\n\n<p>Je voudrais \u00e9galement remercier et f\u00e9liciter le peuple mauritanien, cr\u00e9ateur de cet \u00e9v\u00e9nement majeur, pour la confiance qu\u2019il m\u2019a accord\u00e9e \u00e0 travers des \u00e9lections transparentes et sans heurts, qui ont confirm\u00e9 la maturit\u00e9 de notre exp\u00e9rience d\u00e9mocratique et l\u2019attachement de nos concitoyens \u00e0 l\u2019\u00c9tat de droit et aux institutions.<\/p>\n\n\n\n<p>Je remercie tous ceux qui ont vot\u00e9 pour moi et m\u2019ont \u00e9lu pour un nouveau mandat, et j\u2019esp\u00e8re que je serai \u00e0 la hauteur de leur confiance et de leur bonne foi.<\/p>\n\n\n\n<p>Je remercie \u00e9galement ceux qui ont vot\u00e9 pour d\u2019autres candidats, car je comprends que leurs choix ont pu entra\u00eener un sentiment d\u2019inad\u00e9quation ou d\u2019insuffisance de ma part, que je m\u2019efforcerai de corriger avec l\u2019aide et la force d\u2019Allah.<\/p>\n\n\n\n<p>Je suis le Pr\u00e9sident de tous les Mauritaniens, quelles que soient leurs visions et leurs positions, j\u2019en suis responsable, et devant eux tous, je suis responsable de leurs espoirs et de leurs aspirations l\u00e9gitimes, que je m\u2019efforcerai de satisfaire.<\/p>\n\n\n\n<p>Je tiens \u00e0 saluer le professionnalisme et l\u2019efficacit\u00e9 de nos organes \u00e9lectoraux, tout en saluant le r\u00f4le constructif jou\u00e9 par les forces vives de notre soci\u00e9t\u00e9, les partis politiques, la soci\u00e9t\u00e9 civile et les leaders d\u2019opinion pour assurer le bon d\u00e9roulement et l\u2019int\u00e9grit\u00e9 de cette \u00e9lection pr\u00e9sidentielle.<\/p>\n\n\n\n<p>Je tiens \u00e9galement \u00e0 remercier tous les candidats pour leur contribution \u00e0 la bonne organisation de ces \u00e9lections et leur participation \u00e0 l\u2019\u00e9l\u00e9vation du niveau du d\u00e9bat et \u00e0 la diversification des options offertes aux citoyens.<\/p>\n\n\n\n<p>Les diff\u00e9rences dans les visions et programmes, au demeurant compatibles avec les valeurs d\u2019une action politique responsable qui pr\u00e9serve les grands imp\u00e9ratifs nationaux que sont la s\u00e9curit\u00e9, l\u2019unit\u00e9 nationale et la coh\u00e9sion sociale, sont un facteur d\u2019enrichissement et de maturit\u00e9 de la vie politique dans les syst\u00e8mes d\u00e9mocratiques.<\/p>\n\n\n\n<p>Chers concitoyens.<\/p>\n\n\n\n<p>Je suis fier et reconnaissant de votre confiance, de votre soutien et de votre accompagnement tout au long du mandat \u00e9coul\u00e9, au cours duquel nous avons pu, par la gr\u00e2ce d\u2019Allah et avec le soutien de vous tous, jeter les bases d\u2019une transition s\u00fbre de notre pays vers un avenir meilleur \u00e0 travers les r\u00e9alisations que nous avons faites ensemble et dont l\u2019impact positif a \u00e9t\u00e9 ressenti par les citoyens dans leur vie quotidienne \u00e0 diff\u00e9rents niveaux, tels que la s\u00e9curit\u00e9 et la stabilit\u00e9, la pr\u00e9servation de l\u2019unit\u00e9 nationale, l\u2019apaisement de la vie politique, la lutte contre la pauvret\u00e9, l\u2019injustice et l\u2019exclusion, le soutien aux couches sociales les plus vuln\u00e9rables, l\u2019am\u00e9lioration de l\u2019acc\u00e8s aux services de base, l\u2019instauration de l\u2019Ecole r\u00e9publicaine, le renforcement des infrastructures, la diversification de l\u2019\u00e9conomie et l\u2019appui aux secteurs productifs et, d\u2019une mani\u00e8re g\u00e9n\u00e9rale, l\u2019instauration d\u2019un d\u00e9veloppement global et durable.<\/p>\n\n\n\n<p>Renforcer ces acquis et en faire un socle pour \u00e9difier l\u2019\u00c9tat auquel nous aspirons tous, un \u00c9tat de droit, de s\u00e9curit\u00e9 et de d\u00e9veloppement, n\u00e9cessite d\u2019acc\u00e9l\u00e9rer la mise en \u0153uvre de notre programme, que vous avez approuv\u00e9, lui donnant la force d\u2019un contrat \u00e9lectoral.<\/p>\n\n\n\n<p>Pour moi, ce programme n\u2019est pas un simple document \u00e9labor\u00e9 \u00e0 des fins de campagne \u00e9lectorale, mais un contrat et un engagement dont je n\u2019\u00e9pargnerai aucun effort pour honorer les engagements qu\u2019il contient.<\/p>\n\n\n\n<p>Je vous invite tous, partis politiques, leaders d\u2019opinion, soci\u00e9t\u00e9 civile et toutes les forces vives, \u00e0 conjuguer vos efforts pour participer \u00e0 la mise en \u0153uvre rigoureuse et efficace de ce programme afin d\u2019assurer la r\u00e9alisation de tous ses buts et objectifs.<\/p>\n\n\n\n<p>Chers concitoyens.<\/p>\n\n\n\n<p>Conform\u00e9ment aux dispositions de ce programme, j\u2019accorderai la priorit\u00e9 \u00e0 la garantie de la s\u00e9curit\u00e9 et de la stabilit\u00e9, base et condition indispensables \u00e0 la r\u00e9alisation de tout programme de d\u00e9veloppement. Dans ce contexte, nous mobiliserons tous les efforts et toutes les ressources pour mettre en \u0153uvre rigoureusement les diff\u00e9rents volets de notre strat\u00e9gie de s\u00e9curit\u00e9 int\u00e9gr\u00e9e, et nous nous opposerons fermement et vigoureusement \u00e0 tout ce qui pourrait porter atteinte \u00e0 la s\u00e9curit\u00e9 et \u00e0 la stabilit\u00e9 de notre pays.<\/p>\n\n\n\n<p>Je m\u2019emploierai \u00e9galement \u00e0 consolider l\u2019unit\u00e9 nationale et la coh\u00e9sion sociale en luttant contre tous les facteurs de division et de discorde qui se nourrissent de faux st\u00e9r\u00e9otypes tels que les fausses hi\u00e9rarchies, le tribalisme et le clanisme, et en cherchant \u00e0 consacrer l\u2019\u00e9galit\u00e9 de tous en dignit\u00e9, en droits et en devoirs, ainsi qu\u2019une r\u00e9partition plus \u00e9quitable des richesses et des opportunit\u00e9s.<\/p>\n\n\n\n<p>Notre coh\u00e9sion sociale et notre unit\u00e9 nationale sont notre digue de protection et notre forteresse imprenables face \u00e0 tous les d\u00e9fis, et nous n\u2019accepterons jamais de les compromettre, quelles que soient les circonstances, et quiconque pense qu\u2019il peut, d\u2019une mani\u00e8re ou d\u2019une autre et sous quelque banni\u00e8re que ce soit, porter atteinte \u00e0 notre unit\u00e9 et \u00e0 notre coh\u00e9sion sociale, se trompe lourdement.<\/p>\n\n\n\n<p>Citoyens, citoyennes,<\/p>\n\n\n\n<p>J\u2019ai soulign\u00e9 \u00e0 maintes reprises que cette mission serait men\u00e9e par les jeunes et pour les jeunes, et je le r\u00e9affirme aujourd\u2019hui.<\/p>\n\n\n\n<p>Oui, ce sera un mandat de la jeunesse, parce que la jeunesse est l\u2019espoir de notre nation, sa force, son pr\u00e9sent et son avenir, et il n\u2019y a pas d\u2019espoir pour une nation qui ignore sa jeunesse, laissant ses \u00e9nergies hors des voies de l\u2019\u00e9ducation, de la formation, de l\u2019int\u00e9gration et de la participation.<\/p>\n\n\n\n<p>Nous consacrerons toutes nos politiques publiques \u00e0 la lutte contre le ch\u00f4mage, \u00e0 l\u2019\u00e9ducation, \u00e0 la formation et \u00e0 l\u2019int\u00e9gration des jeunes, de tous les jeunes, quels que soient leurs parcours.<\/p>\n\n\n\n<p>Parmi beaucoup d\u2019autres choses, nous \u0153uvrerons \u00e0 la mise en place d\u2019une administration dot\u00e9e des ressources n\u00e9cessaires et de larges comp\u00e9tences pour traiter les questions de jeunesse dans toutes leurs dimensions, ainsi qu\u2019\u00e0 la cr\u00e9ation d\u2019un m\u00e9canisme tendant \u00e0 organiser un service civil volontaire qui contribue \u00e0 encadrer, former et inculquer les valeurs de la fraternit\u00e9 et de la citoyennet\u00e9.<\/p>\n\n\n\n<p>Parce que l\u2019efficacit\u00e9 des politiques publiques au service de la jeunesse et des citoyens en g\u00e9n\u00e9ral d\u00e9pend de la bonne gouvernance, notre guerre contre la corruption sera d\u00e9cisive et implacable.<\/p>\n\n\n\n<p>Il n\u2019y a pas de d\u00e9veloppement, pas de justice, pas d\u2019\u00e9quit\u00e9 avec la corruption, et donc pas de tol\u00e9rance \u00e0 son \u00e9gard.<\/p>\n\n\n\n<p>La guerre contre la corruption, les pots-de-vin et la mauvaise gestion est l\u2019affaire de tous, c\u2019est la guerre des appareils administratif et judiciaire, la guerre des organes de contr\u00f4le et d\u2019inspection, la guerre de l\u2019\u00e9lite intellectuelle, des leaders d\u2019opinion, de la soci\u00e9t\u00e9 civile, de la presse et des hommes d\u2019influence au sein de la soci\u00e9t\u00e9, et cette guerre ne peut \u00eatre gagn\u00e9e de mani\u00e8re d\u00e9cisive que gr\u00e2ce aux efforts concert\u00e9s de tous.<\/p>\n\n\n\n<p>Notre politique de lutte contre la corruption s\u2019inscrira dans une strat\u00e9gie plus large visant \u00e0 r\u00e9former et \u00e0 moderniser l\u2019administration, \u00e0 la rapprocher du citoyen et en am\u00e9liorer les services.<\/p>\n\n\n\n<p>Nous sommes conscients que les r\u00e9formes profondes qui n\u00e9cessitent un changement d\u2019approches, de mentalit\u00e9s, de comportements et de m\u00e9canismes de travail se heurtent souvent \u00e0 de fortes r\u00e9sistances sociales et administratives, et nous sommes tous tenus d\u2019\u0153uvrer pour \u00e9viter que ces r\u00e9sistances ne freinent la dynamique de la r\u00e9forme ou ne l\u2019emp\u00eachent d\u2019atteindre ses objectifs.<\/p>\n\n\n\n<p>Chers compatriotes.<\/p>\n\n\n\n<p>Nous continuerons \u00e0 soutenir les programmes et projets de filets sociaux de s\u00e9curit\u00e9 afin d\u2019am\u00e9liorer leur qualit\u00e9 et leurs crit\u00e8res de ciblage et de renforcer leur diversit\u00e9 et leur inclusivit\u00e9, comme l\u2019un des piliers de notre guerre contre la pauvret\u00e9, l\u2019injustice et l\u2019exclusion. Nous placerons la r\u00e9habilitation et la promotion du capital humain en t\u00eate de nos priorit\u00e9s dans la prochaine phase et, dans ce contexte, nous poursuivrons le projet d\u2019\u00c9cole r\u00e9publicaine et soutiendrons le syst\u00e8me \u00e9ducatif en \u00e9largissant l\u2019offre, en augmentant les taux d\u2019acc\u00e8s, en am\u00e9liorant la capacit\u00e9 d\u2019absorption et en \u0153uvrant \u00e0 la diversification et \u00e0 l\u2019\u00e9largissement de l\u2019offre de formation professionnelle et universitaire.<\/p>\n\n\n\n<p>Il n\u2019y a rien de plus efficace que l\u2019\u00e9ducation, la formation et la r\u00e9habilitation pour am\u00e9liorer la vie de l\u2019individu et de la soci\u00e9t\u00e9.<\/p>\n\n\n\n<p>Nous travaillerons \u00e9galement \u00e0 l\u2019am\u00e9lioration significative de la qualit\u00e9 et de l\u2019accessibilit\u00e9 des services publics de base tels que l\u2019eau, l\u2019\u00e9lectricit\u00e9 et la couverture sant\u00e9, ainsi qu\u2019\u00e0 la lutte contre l\u2019inflation et la vie ch\u00e8re, et \u00e0 tout ce qui contribue \u00e0 l\u2019am\u00e9lioration du pouvoir d\u2019achat des citoyens.<\/p>\n\n\n\n<p>Tout cela suppose d\u2019entreprendre les r\u00e9formes n\u00e9cessaires pour pr\u00e9server les grands \u00e9quilibres \u00e9conomiques et diversifier l\u2019\u00e9conomie, en privil\u00e9giant les secteurs productifs, en vue d\u2019atteindre l\u2019autosuffisance alimentaire, ce que nous nous efforcerons de faire avec l\u2019aide d\u2019Allah, en utilisant toutes nos ressources naturelles de mani\u00e8re sage et rationnelle.<\/p>\n\n\n\n<p>Chers concitoyens.<\/p>\n\n\n\n<p>Nous continuerons \u00e0 renforcer notre syst\u00e8me d\u00e9mocratique en \u0153uvrant \u00e0 la consolidation du principe de la s\u00e9paration des pouvoirs, \u00e0 l\u2019am\u00e9lioration de leur ind\u00e9pendance et au renforcement du fonctionnement harmonieux des institutions constitutionnelles, ainsi qu\u2019\u00e0 l\u2019am\u00e9lioration continue des capacit\u00e9s et des m\u00e9canismes des organes de contr\u00f4le des \u00e9lections.<\/p>\n\n\n\n<p>Je continuerai \u00e9galement \u00e0 adh\u00e9rer au principe d\u2019ouverture, de s\u00e9r\u00e9nit\u00e9 politique, de consultation, de discussion et de main toujours tendue \u00e0 toutes les composantes de l\u2019\u00e9chiquier politique, car je suis convaincu qu\u2019il s\u2019agit de la bonne approche dans la gestion des affaires publiques.<\/p>\n\n\n\n<p>C\u2019est pourquoi l\u2019organisation d\u2019un dialogue inclusif \u00e0 travers le spectre politique \u00e9tait un volet important de mon programme \u00e9lectoral.<\/p>\n\n\n\n<p>Nous voulons que ce dialogue soit inclusif, franc et responsable, qu\u2019il n\u2019exclue personne et qu\u2019il n\u2019\u00e9carte aucune question fondamentale. Nous voulons \u00e9galement qu\u2019il s\u2019agisse d\u2019un dialogue dans lequel les parties concern\u00e9es s\u2019\u00e9l\u00e8vent au-dessus de la surench\u00e8re, des querelles st\u00e9riles et de la recherche d\u2019acquis personnels ou partisans \u00e9troits au d\u00e9triment de l\u2019int\u00e9r\u00eat public.<\/p>\n\n\n\n<p>Je suis convaincu qu\u2019il en sera ainsi, compte tenu de la conscience, de la maturit\u00e9, de la responsabilit\u00e9 et de l\u2019attachement aux int\u00e9r\u00eats supr\u00eames du pays de notre \u00e9lite politique.<\/p>\n\n\n\n<p>Sur le plan ext\u00e9rieur, nous continuerons \u00e0 adopter une diplomatie active fond\u00e9e sur les principes de bon voisinage, de respect mutuel, de coop\u00e9ration constructive et d\u2019attachement aux valeurs de paix, de s\u00e9curit\u00e9 et de fraternit\u00e9 entre les peuples du monde.<\/p>\n\n\n\n<p>Nous ne m\u00e9nagerons aucun effort pour contribuer fortement \u00e0 l\u2019int\u00e9gration \u00e9conomique du continent africain, \u00e0 la pr\u00e9servation de sa s\u00e9curit\u00e9 et de sa stabilit\u00e9, et \u00e0 la r\u00e9alisation de l\u2019ensemble des objectifs de l\u2019Agenda 2063.<\/p>\n\n\n\n<p>Nous resterons, comme nous l\u2019avons \u00e9t\u00e9 historiquement, des d\u00e9fenseurs de la paix, de la fraternit\u00e9 et de l\u2019unit\u00e9 et un trait d\u2019union entre les mondes arabe et africain, cherchant toujours \u00e0 renforcer les liens d\u2019amiti\u00e9 avec les diff\u00e9rents ensembles continentaux, en particulier ceux avec lesquels nous partageons des liens historiques et des int\u00e9r\u00eats communs.<\/p>\n\n\n\n<p>Chers compatriotes.<\/p>\n\n\n\n<p>Les d\u00e9fis auxquels nous sommes confront\u00e9s sur la voie de la construction de la Mauritanie que nous voulons tous et la gravit\u00e9 des crises interd\u00e9pendantes qui secouent le monde qui nous entoure, notamment les crises s\u00e9curitaires, \u00e9conomiques et environnementales, nous obligent \u00e0 rester unis comme un seul homme ou comme une structure solide qui se renforce mutuellement.<\/p>\n\n\n\n<p>Ce n\u2019est qu\u2019ainsi que nos objectifs seront r\u00e9ellement \u00e0 notre port\u00e9e, alors unissons-nous et retroussons nos manches, et avec l\u2019aide d\u2019Allah, nous obtiendrons le pays que nous d\u00e9sirons tous.<\/p>\n\n\n\n<p>Longue vie \u00e0 tous et vive la Mauritanie, une Mauritanie libre, s\u00fbre et prosp\u00e8re.<\/p>\n\n\n\n<p>Merci et que la paix, la mis\u00e9ricorde et les b\u00e9n\u00e9dictions de Dieu soient sur vous\u201d.<\/p>\n","protected":false},"excerpt":{"rendered":"<p>ami Son Excellence le Pr\u00e9sident de la R\u00e9publique, M. Mohamed Ould Cheikh Ghazouani, a soulign\u00e9 que la pr\u00e9servation des acquis r\u00e9alis\u00e9s au cours des cinq derni\u00e8res ann\u00e9es et leur consolidation pour construire l\u2019\u00c9tat auquel aspirent tous les citoyens, un \u00c9tat de droit, de s\u00e9curit\u00e9 et de d\u00e9veloppement, passe par l\u2019acc\u00e9l\u00e9ration de la mise en \u0153uvre [&hellip;]<\/p>\n","protected":false},"author":2,"featured_media":58603,"comment_status":"open","ping_status":"open","sticky":false,"template":"","format":"standard","meta":{"footnotes":""},"categories":[1449],"tags":[],"class_list":["post-58602","post","type-post","status-publish","format-standard","has-post-thumbnail","hentry","category-national"],"_links":{"self":[{"href":"https:\/\/lestracesdelinfo.com\/index.php\/wp-json\/wp\/v2\/posts\/58602","targetHints":{"allow":["GET"]}}],"collection":[{"href":"https:\/\/lestracesdelinfo.com\/index.php\/wp-json\/wp\/v2\/posts"}],"about":[{"href":"https:\/\/lestracesdelinfo.com\/index.php\/wp-json\/wp\/v2\/types\/post"}],"author":[{"embeddable":true,"href":"https:\/\/lestracesdelinfo.com\/index.php\/wp-json\/wp\/v2\/users\/2"}],"replies":[{"embeddable":true,"href":"https:\/\/lestracesdelinfo.com\/index.php\/wp-json\/wp\/v2\/comments?post=58602"}],"version-history":[{"count":1,"href":"https:\/\/lestracesdelinfo.com\/index.php\/wp-json\/wp\/v2\/posts\/58602\/revisions"}],"predecessor-version":[{"id":58604,"href":"https:\/\/lestracesdelinfo.com\/index.php\/wp-json\/wp\/v2\/posts\/58602\/revisions\/58604"}],"wp:featuredmedia":[{"embeddable":true,"href":"https:\/\/lestracesdelinfo.com\/index.php\/wp-json\/wp\/v2\/media\/58603"}],"wp:attachment":[{"href":"https:\/\/lestracesdelinfo.com\/index.php\/wp-json\/wp\/v2\/media?parent=58602"}],"wp:term":[{"taxonomy":"category","embeddable":true,"href":"https:\/\/lestracesdelinfo.com\/index.php\/wp-json\/wp\/v2\/categories?post=58602"},{"taxonomy":"post_tag","embeddable":true,"href":"https:\/\/lestracesdelinfo.com\/index.php\/wp-json\/wp\/v2\/tags?post=58602"}],"curies":[{"name":"wp","href":"https:\/\/api.w.org\/{rel}","templated":true}]}}