{"id":58622,"date":"2024-08-05T07:59:48","date_gmt":"2024-08-05T07:59:48","guid":{"rendered":"https:\/\/lestracesdelinfo.com\/?p=58622"},"modified":"2024-08-05T07:59:53","modified_gmt":"2024-08-05T07:59:53","slug":"le-mali-rompt-ses-relations-diplomatiques-avec-lukraine","status":"publish","type":"post","link":"https:\/\/lestracesdelinfo.com\/index.php\/2024\/08\/05\/le-mali-rompt-ses-relations-diplomatiques-avec-lukraine\/","title":{"rendered":"Le Mali rompt ses relations diplomatiques avec l\u2019Ukraine"},"content":{"rendered":"\n<p><a href=\"https:\/\/fr.apanews.net\/category\/diplomacy\/\">DIPLOMATIE<\/a>\u00a0<img loading=\"lazy\" decoding=\"async\" width=\"32\" height=\"32\" srcset=\"https:\/\/fr.apanews.net\/wp-content\/uploads\/sites\/2\/2023\/09\/APA-Ico-48x48.png 48w, https:\/\/fr.apanews.net\/wp-content\/uploads\/sites\/2\/2023\/09\/APA-Ico-300x300.png 300w, https:\/\/fr.apanews.net\/wp-content\/uploads\/sites\/2\/2023\/09\/APA-Ico-150x150.png 150w, https:\/\/fr.apanews.net\/wp-content\/uploads\/sites\/2\/2023\/09\/APA-Ico-70x70.png 70w, https:\/\/fr.apanews.net\/wp-content\/uploads\/sites\/2\/2023\/09\/APA-Ico-450x450.png 450w, https:\/\/fr.apanews.net\/wp-content\/uploads\/sites\/2\/2023\/09\/APA-Ico-24x24.png 24w, https:\/\/fr.apanews.net\/wp-content\/uploads\/sites\/2\/2023\/09\/APA-Ico-96x96.png 96w, https:\/\/fr.apanews.net\/wp-content\/uploads\/sites\/2\/2023\/09\/APA-Ico.png 512w\" src=\"https:\/\/fr.apanews.net\/wp-content\/uploads\/sites\/2\/2023\/09\/APA-Ico-48x48.png\" alt=\"APA - BAMAKO (MALI)\"><a>APA &#8211; BAMAKO (MALI)<\/a><\/p>\n\n\n\n<figure class=\"wp-block-image\"><img decoding=\"async\" src=\"https:\/\/fr.apanews.net\/wp-content\/uploads\/sites\/2\/2024\/08\/Screenshot_20240804-201954-1024x551.jpg\" alt=\"\" title=\"Le Mali rompt ses relations diplomatiques avec l\u2019Ukraine\"\/><\/figure>\n\n\n\n<p><a href=\"https:\/\/www.facebook.com\/sharer.php?u=https%3A%2F%2Ffr.apanews.net%2Fnews%2Fle-mali-rompt-ses-relations-diplomatiques-avec-lukraine%2F\" target=\"_blank\" rel=\"noreferrer noopener\"><\/a><a href=\"https:\/\/twitter.com\/intent\/tweet?url=https%3A%2F%2Ffr.apanews.net%2Fnews%2Fle-mali-rompt-ses-relations-diplomatiques-avec-lukraine%2F&amp;text=Le%20Mali%20rompt%20ses%20relations%20diplomatiques%20avec%20l%27Ukraine\" target=\"_blank\" rel=\"noreferrer noopener\"><\/a><a href=\"https:\/\/wa.me\/?text=Le%20Mali%20rompt%20ses%20relations%20diplomatiques%20avec%20l%27Ukraine%20https%3A%2F%2Ffr.apanews.net%2Fnews%2Fle-mali-rompt-ses-relations-diplomatiques-avec-lukraine%2F\" target=\"_blank\" rel=\"noreferrer noopener\"><\/a><a href=\"mailto:?subject=Le%20Mali%20rompt%20ses%20relations%20diplomatiques%20avec%20l%27Ukraine&amp;body=https%3A%2F%2Ffr.apanews.net%2Fnews%2Fle-mali-rompt-ses-relations-diplomatiques-avec-lukraine%2F\" target=\"_blank\" rel=\"noreferrer noopener\"><\/a><a href=\"https:\/\/www.linkedin.com\/shareArticle?mini=true&amp;url=https%3A%2F%2Ffr.apanews.net%2Fnews%2Fle-mali-rompt-ses-relations-diplomatiques-avec-lukraine%2F\" target=\"_blank\" rel=\"noreferrer noopener\"><\/a><a href=\"https:\/\/t.me\/share\/url?url=https%3A%2F%2Ffr.apanews.net%2Fnews%2Fle-mali-rompt-ses-relations-diplomatiques-avec-lukraine%2F&amp;title=Le%20Mali%20rompt%20ses%20relations%20diplomatiques%20avec%20l%27Ukraine\" target=\"_blank\" rel=\"noreferrer noopener\"><\/a><strong>Les autorit\u00e9s de Transition du Mali ont annonc\u00e9, ce dimanche 4 ao\u00fbt, la rupture imm\u00e9diate des relations diplomatiques avec l\u2019Ukraine. Cette d\u00e9cision fait suite \u00e0 des d\u00e9clarations jug\u00e9es \u00ab subversives \u00bb par le gouvernement malien, \u00e9manant de hauts responsables ukrainiens.<\/strong><\/p>\n\n\n\n<p>Le porte-parole de l\u2019agence ukrainienne de renseignement militaire, Andriy Yusov, a r\u00e9cemment affirm\u00e9 l\u2019implication de l\u2019Ukraine dans une attaque contre les Forces de d\u00e9fense et de s\u00e9curit\u00e9 maliennes \u00e0 Tinzaouat\u00e8ne, dans le nord du Mali. Ces propos ont \u00e9t\u00e9 qualifi\u00e9s de \u00ab&nbsp;<em>l\u00e2ches, tra\u00eetres et barbares&nbsp;<\/em>\u00bb par le gouvernement malien, qui a soulign\u00e9 les pertes en vies humaines et les d\u00e9g\u00e2ts mat\u00e9riels caus\u00e9s. En outre, l\u2019ambassadeur de l\u2019Ukraine au S\u00e9n\u00e9gal, Yurii Pyvovarov, a ouvertement soutenu ces d\u00e9clarations, affichant sans \u00e9quivoque le soutien de son pays au \u00ab&nbsp;<em>terrorisme international, particuli\u00e8rement au Mali<\/em>&nbsp;\u00bb comme le soulignent les autorit\u00e9s de transition. Le gouvernement malien, dans son communiqu\u00e9, a exprim\u00e9 sa \u00ab&nbsp;<em>profonde stupeur<\/em>&nbsp;\u00bb face \u00e0 ces affirmations, qui n\u2019ont \u00e9t\u00e9 ni d\u00e9menties ni condamn\u00e9es par les autorit\u00e9s ukrainiennes.<\/p>\n\n\n\n<p>Le Gouvernement de Transition du Mali a d\u00e9nonc\u00e9 ces actes comme une \u00ab&nbsp;<em>violation flagrante du droit international&nbsp;<\/em>\u00bb et une agression caract\u00e9ris\u00e9e contre la souverainet\u00e9 malienne. Il a rappel\u00e9 que ces actions vont \u00ab&nbsp;<em>au-del\u00e0 de l\u2019ing\u00e9rence \u00e9trang\u00e8re&nbsp;<\/em>\u00bb et constituent un \u00ab<em>&nbsp;soutien officiel au terrorisme en Afrique<\/em>&nbsp;\u00bb.<\/p>\n\n\n\n<p>En r\u00e9ponse, le Mali a pris des mesures drastiques parmi lesquelles \u00ab&nbsp;<em>la rupture, avec effet imm\u00e9diat, des relations diplomatiques entre la R\u00e9publique du Mali et l\u2019Ukraine<\/em>&nbsp;\u00bb. Les autorit\u00e9s de transition ont \u00e9galement d\u00e9cid\u00e9 de saisir les autorit\u00e9s judiciaires comp\u00e9tentes contre M. Yusov et M. Pyvovarov pour \u00ab&nbsp;<em>actes de terrorisme et apologie du terrorisme&nbsp;<\/em>\u00bb. Elles ont laiss\u00e9 entendre que \u00ab<em>&nbsp;des mesures pr\u00e9ventives pourraient \u00eatre prises pour \u00e9viter toute d\u00e9stabilisation du Mali \u00e0 partir d\u2019\u00c9tats africains abritant des ambassades ukrainiennes&nbsp;<\/em>\u00bb. De plus, une alerte formelle sera envoy\u00e9e aux instances internationales et aux \u00c9tats soutenant l\u2019Ukraine, consid\u00e9rant ce \u00ab&nbsp;<em>soutien comme un appui au terrorisme&nbsp;<\/em>\u00bb indique le communiqu\u00e9.<\/p>\n\n\n\n<p>Cette d\u00e9cision du Mali s\u2019inscrit dans un contexte de protestations r\u00e9gionales contre l\u2019Ukraine. Le S\u00e9n\u00e9gal a r\u00e9cemment convoqu\u00e9 l\u2019ambassadeur ukrainien \u00e0 Dakar pour exprimer son m\u00e9contentement et le Burkina Faso a \u00e9galement manifest\u00e9 son indignation.<\/p>\n\n\n\n<p>Le Mali en appelle \u00e0 la \u00ab&nbsp;<em>responsabilit\u00e9 de la communaut\u00e9 internationale pour condamner fermement le soutien ukrainien au terrorisme<\/em>&nbsp;\u00bb. Le gouvernement malien a exhort\u00e9 la communaut\u00e9 internationale \u00e0 prendre des mesures concr\u00e8tes pour combattre ce fl\u00e9au.<\/p>\n\n\n\n<p>Le commerce bilat\u00e9ral entre le Mali et l\u2019Ukraine a \u00e9t\u00e9 notable durant les ann\u00e9es pr\u00e9c\u00e9dentes. En 2020, les \u00e9changes commerciaux entre les deux pays ont atteint 17 millions USD, les exportations ukrainiennes comprenant principalement des m\u00e9taux ferreux, des avions et des voitures \u00e9lectriques, tandis que le Mali exporte des r\u00e9acteurs nucl\u00e9aires, des machines et des fruits. Les deux pays cherchaient \u00e0 renforcer leur coop\u00e9ration \u00e9conomique et commerciale, en particulier dans des secteurs prometteurs comme l\u2019agriculture, les mines, les t\u00e9l\u00e9communications et la production d\u2019\u00e9lectricit\u00e9, soutenus par les m\u00e9canismes financiers des Nations Unies.<\/p>\n\n\n\n<p><strong>MD\/ac\/Sf\/APA<\/strong><\/p>\n","protected":false},"excerpt":{"rendered":"<p>DIPLOMATIE\u00a0APA &#8211; BAMAKO (MALI) Les autorit\u00e9s de Transition du Mali ont annonc\u00e9, ce dimanche 4 ao\u00fbt, la rupture imm\u00e9diate des relations diplomatiques avec l\u2019Ukraine. Cette d\u00e9cision fait suite \u00e0 des d\u00e9clarations jug\u00e9es \u00ab subversives \u00bb par le gouvernement malien, \u00e9manant de hauts responsables ukrainiens. Le porte-parole de l\u2019agence ukrainienne de renseignement militaire, Andriy Yusov, a [&hellip;]<\/p>\n","protected":false},"author":2,"featured_media":58623,"comment_status":"open","ping_status":"open","sticky":false,"template":"","format":"standard","meta":{"footnotes":""},"categories":[1447],"tags":[],"class_list":["post-58622","post","type-post","status-publish","format-standard","has-post-thumbnail","hentry","category-afrique"],"_links":{"self":[{"href":"https:\/\/lestracesdelinfo.com\/index.php\/wp-json\/wp\/v2\/posts\/58622","targetHints":{"allow":["GET"]}}],"collection":[{"href":"https:\/\/lestracesdelinfo.com\/index.php\/wp-json\/wp\/v2\/posts"}],"about":[{"href":"https:\/\/lestracesdelinfo.com\/index.php\/wp-json\/wp\/v2\/types\/post"}],"author":[{"embeddable":true,"href":"https:\/\/lestracesdelinfo.com\/index.php\/wp-json\/wp\/v2\/users\/2"}],"replies":[{"embeddable":true,"href":"https:\/\/lestracesdelinfo.com\/index.php\/wp-json\/wp\/v2\/comments?post=58622"}],"version-history":[{"count":1,"href":"https:\/\/lestracesdelinfo.com\/index.php\/wp-json\/wp\/v2\/posts\/58622\/revisions"}],"predecessor-version":[{"id":58624,"href":"https:\/\/lestracesdelinfo.com\/index.php\/wp-json\/wp\/v2\/posts\/58622\/revisions\/58624"}],"wp:featuredmedia":[{"embeddable":true,"href":"https:\/\/lestracesdelinfo.com\/index.php\/wp-json\/wp\/v2\/media\/58623"}],"wp:attachment":[{"href":"https:\/\/lestracesdelinfo.com\/index.php\/wp-json\/wp\/v2\/media?parent=58622"}],"wp:term":[{"taxonomy":"category","embeddable":true,"href":"https:\/\/lestracesdelinfo.com\/index.php\/wp-json\/wp\/v2\/categories?post=58622"},{"taxonomy":"post_tag","embeddable":true,"href":"https:\/\/lestracesdelinfo.com\/index.php\/wp-json\/wp\/v2\/tags?post=58622"}],"curies":[{"name":"wp","href":"https:\/\/api.w.org\/{rel}","templated":true}]}}