{"id":58643,"date":"2024-08-06T08:21:32","date_gmt":"2024-08-06T08:21:32","guid":{"rendered":"https:\/\/lestracesdelinfo.com\/?p=58643"},"modified":"2024-08-06T08:21:35","modified_gmt":"2024-08-06T08:21:35","slug":"la-presidence-de-la-republique-annonce-la-formation-du-nouveau-gouvernement","status":"publish","type":"post","link":"https:\/\/lestracesdelinfo.com\/index.php\/2024\/08\/06\/la-presidence-de-la-republique-annonce-la-formation-du-nouveau-gouvernement\/","title":{"rendered":"La Pr\u00e9sidence de la R\u00e9publique annonce la formation du nouveau gouvernement"},"content":{"rendered":"\n<p><img loading=\"lazy\" decoding=\"async\" src=\"https:\/\/cridem.org\/media\/photos\/photo\/laghdaf_3261377843604_42071462.jpg\" alt=\"La Pr\u00e9sidence de la R\u00e9publique annonce la formation du nouveau gouvernement\" width=\"300\" height=\"200\"><\/p>\n\n\n\n<p>AMI &#8211; Le ministre secr\u00e9taire g\u00e9n\u00e9ral de la Pr\u00e9sidence, M. Moulay Ould Mohamed Laghdaf, a annonc\u00e9, dans la nuit de lundi \u00e0 mardi, au cours d\u2019un point de presse \u00e0 la Pr\u00e9sidence, la formation du nouveau Gouvernement.<br><br>Ce cabinet refl\u00e8te la priorit\u00e9 accord\u00e9e par le Pr\u00e9sident de la R\u00e9publique \u00e0 la jeunesse, \u00e0 la formation professionnelle, \u00e0 l\u2019\u00e9ducation et au d\u00e9veloppement local, selon le communiqu\u00e9 que voici :<br><br>\u00ab Suite \u00e0 l\u2019\u00e9lection de Son Excellence le Pr\u00e9sident de la R\u00e9publique, M. Mohamed Ould Cheikh Ghazouani, pour un nouveau mandat, et \u00e0 la d\u00e9mission subs\u00e9quente du gouvernement conform\u00e9ment aux exigences de la Constitution, Son Excellence a nomm\u00e9 Mokhtar Ould Diay comme Premier ministre et l\u2019a charg\u00e9 de former un gouvernement int\u00e9gr\u00e9 et harmonieux, dont les membres se distinguent par leur comp\u00e9tence, leur exp\u00e9rience et leur expertise, pour mettre en \u0153uvre toutes les dispositions de son programme \u00e9lectoral, qui a \u00e9t\u00e9 approuv\u00e9 par la majorit\u00e9 du peuple mauritanien.<br><br>La composition du gouvernement refl\u00e8te la priorit\u00e9 accord\u00e9e par le Pr\u00e9sident de la R\u00e9publique \u00e0 la jeunesse, \u00e0 la formation professionnelle, \u00e0 l\u2019\u00e9ducation et au d\u00e9veloppement local et traduit, dans sa structure, un souci \u00e9vident de fluidit\u00e9 et d\u2019efficacit\u00e9 du travail gouvernemental, y compris l\u2019\u00e9largissement des mandats des secteurs, la fusion d\u2019autres et la cr\u00e9ation de nouveaux d\u00e9partements, comme l\u2019exige la mise en \u0153uvre harmonieuse et efficace du programme \u00e9lectoral de Son Excellence le Pr\u00e9sident de la R\u00e9publique.<br><br>Son Excellence a nomm\u00e9, sur proposition du Premier ministre, Messieurs et Mesdames dont les noms suivent :<br><br>Ministre charg\u00e9 du secr\u00e9tariat g\u00e9n\u00e9ral du gouvernement : Lam Al-Housseinou<br><br>Ministre de la jeunesse, des sports et de la fonction publique : Mohamed Abdallahi Louly<br><br>Ministre de la formation professionnelle, de l\u2019artisanat et des m\u00e9tiers : Maalainine Ould Eyih<br><br>Ministre de la justice : Mohamed Mahmoud Boya<br><br>Ministre des Affaires \u00e9trang\u00e8res, de la Coop\u00e9ration africaine et des Mauritaniens de l\u2019ext\u00e9rieur : Mohamed Salem Merzoug<br><br>Ministre de la d\u00e9fense et des affaires des retrait\u00e9s et des fils de martyrs : Hanana Ould Sidi<br><br>Ministre de l\u2019int\u00e9rieur, de la d\u00e9centralisation et du d\u00e9veloppement local : Mohamed Ahmed Ould Mohamed Lemine<br><br>Ministre des affaires islamiques et de l\u2019enseignement originel : Sidi Yahya Cheikhna Lemrabott<br><br>Ministre de l\u2019\u00e9conomie et des finances : Sid\u2019Ahmed Bouh<br><br>Ministre de l\u2019\u00e9ducation et de la r\u00e9forme de l\u2019enseignement : Houda Babah<br><br>Ministre de l\u2019enseignement sup\u00e9rieur et de la recherche scientifique : Yacoub Moine<br><br>Ministre de la Sant\u00e9 : Abdallahi Wedih<br><br>Ministre de la Fonction Publique et du Travail : Mohamed Ould Soueidatt<br><br>Ministre de la transformation num\u00e9rique et de la modernisation de l\u2019administration : Ahmed Salem Ebode<br><br>Ministre de l\u2019\u00e9nergie et du p\u00e9trole : Mohamed Ould Khaled<br><br>Ministre des Mines et de l\u2019Industrie : Thiam Tidjani.<br><br>Ministre de la P\u00eache, des Infrastructures maritimes et portuaires : Fadhili Sidaty<br><br>Ministre de l\u2019agriculture et de la souverainet\u00e9 alimentaire : Momme Beibate<br><br>Ministre de l\u2019\u00e9levage : Mokhtar Gaguih<br><br>Ministre des domaines, des biens de l\u2019Etat et de la r\u00e9forme fonci\u00e8re : Mokhtar Ahmed Bousseif<br><br>Ministre du commerce et du tourisme : Zeinebou Mint Ahmednah<br><br>Ministre de la r\u00e9forme fonci\u00e8re, de l\u2019habitat et de l\u2019urbanisme : Niang Mamadou<br><br>Ministre de l\u2019\u00e9quipement et des transports : Ely El Veirik<br><br>Ministre de l\u2019hydraulique et de l\u2019assainissement : Amal Mouloud<br><br>Ministre de la culture, des arts, de la communication et des relations avec le Parlement : Houssein Ould Medou<br><br>Ministre de l\u2019enfance et de la famille : Safiha Ntahah<br><br>Ministre de l\u2019environnement et du d\u00e9veloppement durable : Massouda Baham<br><br>Ministre d\u00e9l\u00e9gu\u00e9 aupr\u00e8s du ministre de l\u2019int\u00e9rieur, de la promotion de la d\u00e9centralisation et du d\u00e9veloppement local, charg\u00e9 de la d\u00e9centralisation et du d\u00e9veloppement local : Yacoub Salem Vall<br><br>Ministre d\u00e9l\u00e9gu\u00e9 aupr\u00e8s du ministre de l\u2019\u00e9conomie et des finances, charg\u00e9 du budget : Ankimour Kodero Harouna.<\/p>\n","protected":false},"excerpt":{"rendered":"<p>AMI &#8211; Le ministre secr\u00e9taire g\u00e9n\u00e9ral de la Pr\u00e9sidence, M. Moulay Ould Mohamed Laghdaf, a annonc\u00e9, dans la nuit de lundi \u00e0 mardi, au cours d\u2019un point de presse \u00e0 la Pr\u00e9sidence, la formation du nouveau Gouvernement. Ce cabinet refl\u00e8te la priorit\u00e9 accord\u00e9e par le Pr\u00e9sident de la R\u00e9publique \u00e0 la jeunesse, \u00e0 la formation [&hellip;]<\/p>\n","protected":false},"author":2,"featured_media":58644,"comment_status":"open","ping_status":"open","sticky":false,"template":"","format":"standard","meta":{"footnotes":""},"categories":[1],"tags":[],"class_list":["post-58643","post","type-post","status-publish","format-standard","has-post-thumbnail","hentry","category-aucun"],"_links":{"self":[{"href":"https:\/\/lestracesdelinfo.com\/index.php\/wp-json\/wp\/v2\/posts\/58643","targetHints":{"allow":["GET"]}}],"collection":[{"href":"https:\/\/lestracesdelinfo.com\/index.php\/wp-json\/wp\/v2\/posts"}],"about":[{"href":"https:\/\/lestracesdelinfo.com\/index.php\/wp-json\/wp\/v2\/types\/post"}],"author":[{"embeddable":true,"href":"https:\/\/lestracesdelinfo.com\/index.php\/wp-json\/wp\/v2\/users\/2"}],"replies":[{"embeddable":true,"href":"https:\/\/lestracesdelinfo.com\/index.php\/wp-json\/wp\/v2\/comments?post=58643"}],"version-history":[{"count":1,"href":"https:\/\/lestracesdelinfo.com\/index.php\/wp-json\/wp\/v2\/posts\/58643\/revisions"}],"predecessor-version":[{"id":58645,"href":"https:\/\/lestracesdelinfo.com\/index.php\/wp-json\/wp\/v2\/posts\/58643\/revisions\/58645"}],"wp:featuredmedia":[{"embeddable":true,"href":"https:\/\/lestracesdelinfo.com\/index.php\/wp-json\/wp\/v2\/media\/58644"}],"wp:attachment":[{"href":"https:\/\/lestracesdelinfo.com\/index.php\/wp-json\/wp\/v2\/media?parent=58643"}],"wp:term":[{"taxonomy":"category","embeddable":true,"href":"https:\/\/lestracesdelinfo.com\/index.php\/wp-json\/wp\/v2\/categories?post=58643"},{"taxonomy":"post_tag","embeddable":true,"href":"https:\/\/lestracesdelinfo.com\/index.php\/wp-json\/wp\/v2\/tags?post=58643"}],"curies":[{"name":"wp","href":"https:\/\/api.w.org\/{rel}","templated":true}]}}