{"id":58646,"date":"2024-08-06T09:36:45","date_gmt":"2024-08-06T09:36:45","guid":{"rendered":"https:\/\/lestracesdelinfo.com\/?p=58646"},"modified":"2024-08-06T09:36:48","modified_gmt":"2024-08-06T09:36:48","slug":"polemiques-en-serie-sonko-un-discours-sans-voile","status":"publish","type":"post","link":"https:\/\/lestracesdelinfo.com\/index.php\/2024\/08\/06\/polemiques-en-serie-sonko-un-discours-sans-voile\/","title":{"rendered":"Pol\u00e9miques en s\u00e9rie : Sonko, un discours sans voile"},"content":{"rendered":"\n<p><a href=\"https:\/\/lequotidien.sn\/author\/aicha\/\">Lequotidien<\/a>\u00a0<\/p>\n\n\n\n<figure class=\"wp-block-image\"><img decoding=\"async\" src=\"https:\/\/lequotidien.sn\/wp-content\/uploads\/2019\/08\/ousmane-sonko-1.jpg\" alt=\"\"\/><\/figure>\n\n\n\n<p><strong>Depuis sa nomination \u00e0 la t\u00eate du gouvernement, Ousmane Sonko semble privil\u00e9gier les s\u00e9quences d\u2019affrontement en se mettant en spectacle pour noyer les attentes qu\u2019il a suscit\u00e9es dans un brouillard de pol\u00e9miques. M\u00eame si ses partisans assurent que sa d\u00e9claration sur le voile a \u00e9t\u00e9 d\u00e9contextualis\u00e9, le Premier ministre vient de raviver un d\u00e9bat r\u00e9gl\u00e9 depuis 2019 apr\u00e8s l\u2019affaire Sainte Jeanne d\u2019arc.<\/strong><\/p>\n\n\n\n<p><strong>Par Bocar SAKHO \u2013&nbsp;<\/strong>Que dire ? Depuis sa nomination \u00e0 la t\u00eate du gouvernement en avril dernier, le Premier ministre a pris la parole publiquement tr\u00e8s peu de fois : \u00e0 chaque fois qu\u2019il parle, le lendemain, c\u2019est la sid\u00e9ration. Cette fois-ci, il vient de se prendre les pieds\u2026 dans le voile. Il a d\u00e9\u00adclench\u00e9 une pol\u00e9mique monumentale&nbsp;: elle conforte aussi l\u2019impression d\u2019un Premier ministre aux d\u00e9cisions erratiques, impulsives et souvent aux cons\u00e9quences d\u00e9sastreuses. Alors que cette question a \u00e9t\u00e9 r\u00e9gl\u00e9e en 2019 \u00e0 la suite de conciliabules et de compromis, le Premier ministre a d\u00e9cid\u00e9 de raviver un d\u00e9bat sensible, mais surtout inutile.<\/p>\n\n\n\n<blockquote class=\"wp-block-quote is-layout-flow wp-block-quote-is-layout-flow\">\n<h2 class=\"wp-block-heading\"><strong><a href=\"https:\/\/lequotidien.sn\/moustapha-guirassy-il-na-jamais-ete-question-de-stigmatisation\/\">Moustapha Guirassy : \u00abIl n\u2019a jamais \u00e9t\u00e9 question de stigmatisation\u00bb<\/a><\/strong><\/h2>\n<\/blockquote>\n\n\n\n<p>Depuis sa d\u00e9claration controvers\u00e9e, il r\u00e9colte une vol\u00e9e de bois vert. Suffira-t-il pour \u00e9branler le Premier ministre&nbsp;? C\u2019est une bonne question ! Mais, il ne risque absolument rien, car il est garant de la stabilit\u00e9 de l\u2019Ex\u00e9cutif \u00e0 deux t\u00eates que le S\u00e9n\u00e9gal exp\u00e9rimente depuis l\u2019\u00e9lection de Bassirou Diomaye Faye. Le Pr\u00e9sident a \u00e9t\u00e9 \u00e9lu au\u2026 nom de son Premier ministre. N\u2019eut \u00e9t\u00e9 cela, il aurait perdu sans doute son poste apr\u00e8s ses d\u00e9clarations tenues lors de sa conf\u00e9rence publique au Grand Th\u00e9\u00e2tre au mois de juin dernier. Ce jour-l\u00e0, le Premier ministre s\u2019est amus\u00e9 \u00e0 r\u00e9gler ses comptes en public&nbsp;: sans mettre de gants, il s\u2019est d\u00e9cha\u00een\u00e9 sur le pr\u00e9sident du Conseil constitutionnel et d\u2019autres juges, a menac\u00e9 les m\u00e9dias\u2026<\/p>\n\n\n\n<p><strong>La danse autour du vide<\/strong><br>Apr\u00e8s cet exercice, le Premier ministre s\u2019est encore davantage senti pousser des ailes. Il venait de d\u00e9crocher une licence d\u2019impunit\u00e9, ignorant les commentaires choqu\u00e9s de certaines personnes. Ensuite, il y a la conf\u00e9rence \u00e0 l\u2019Universit\u00e9 Cheikh Anta Diop de Dakar avec M\u00e9lenchon, le show \u00e0 Colobane devant des marchands ambulants, stup\u00e9faits par leur d\u00e9guerpissement auquel il s\u2019est dit \u00e9tranger\u2026 Comment en est-on arriv\u00e9 l\u00e0&nbsp;? Si Sonko se retrouve au c\u0153ur de la gestion du pouvoir avec un ordre politique d\u00e9compos\u00e9 qu\u2019il a surtout provoqu\u00e9, chacun pouvait imaginer que cette figure plut\u00f4t extravagante de la politique se contentera de remplir le traditionnel cahier des charges associ\u00e9 \u00e0 sa fonction primatorale&nbsp;: avancer d\u2019un pas prudent sur la corde raide des \u00e9quilibres, imposer de nouvelles orientations politico-\u00e9conomiques sans trop heurter les convictions de ses partisans les plus z\u00e9l\u00e9s, ni froisser les sensibilit\u00e9s progressistes et conservatrices de la soci\u00e9t\u00e9.<\/p>\n\n\n\n<blockquote class=\"wp-block-quote is-layout-flow wp-block-quote-is-layout-flow\">\n<h2 class=\"wp-block-heading\"><strong><a href=\"https:\/\/lequotidien.sn\/avis-polemique-autour-de-la-dpg-et-fonds-politiques-la-grosse-colere-de-tas\/\">Pol\u00e9mique autour de la Dpg et&nbsp;fonds politiques&nbsp;: La grosse col\u00e8re de TAS &nbsp;<\/a><\/strong><\/h2>\n<\/blockquote>\n\n\n\n<p>En contrepoint d\u2019une conduite jug\u00e9e cassante en public, d\u2019un asc\u00e9tisme qui jure avec la bonhomie et la retenue de ses pr\u00e9d\u00e9cesseurs \u00e0 la Primature. Si Yoro Dia affirme que \u00abl\u2019Etat ne peut pas anoblir Sonko\u00bb, l\u2019ancien candidat \u00e0 la Pr\u00e9sidentielle Boubacar Ka\u00admara rench\u00e9rit en soutenant que \u00abpersonne ne peut changer Sonko\u00bb. Alors, le Premier ministre conduit sa destin\u00e9e vers un mur. S\u00fbr de son poids politique, il se comporte en \u00e9lu, qui va bouleverser toute l\u2019architecture politique et sociale du pays.<\/p>\n\n\n\n<blockquote class=\"wp-block-quote is-layout-flow wp-block-quote-is-layout-flow\">\n<h2 class=\"wp-block-heading\"><strong>Lire la chronique \u2013&nbsp;<a href=\"https:\/\/lequotidien.sn\/lart-de-detourner-le-debat-public-par-des-contre-feux\/\">L\u2019art de d\u00e9tourner le d\u00e9bat public par des contre-feux<\/a><\/strong><\/h2>\n<\/blockquote>\n\n\n\n<p>S\u00e9quenc\u00e9es comme dans un film, les sc\u00e8nes d\u00e9roul\u00e9es par Sonko sont tourn\u00e9es dans un sombre d\u00e9cor, mais surtout autour d\u2019un grand vide\u2026 Va-t-il faire son mea-culpa devant la fronde g\u00e9n\u00e9ralis\u00e9e des \u00e9coles priv\u00e9es catholiques&nbsp;? Cela, n\u00e9anmoins, est peu s\u00fbr. Comme dans plusieurs occurrences, il faudrait que la situation \u00e9conomique et sociale se d\u00e9grade sensiblement pour que la base affective qui soutient le Premier ministre commence \u00e0 se d\u00e9tourner de lui. On pourrait alors, \u00e0 ce moment, voir la capacit\u00e9 de Ousmane Sonko \u00e0 brasser du vent.<br><strong>bsakho@lequotidien.sn<\/strong><\/p>\n","protected":false},"excerpt":{"rendered":"<p>Lequotidien\u00a0 Depuis sa nomination \u00e0 la t\u00eate du gouvernement, Ousmane Sonko semble privil\u00e9gier les s\u00e9quences d\u2019affrontement en se mettant en spectacle pour noyer les attentes qu\u2019il a suscit\u00e9es dans un brouillard de pol\u00e9miques. M\u00eame si ses partisans assurent que sa d\u00e9claration sur le voile a \u00e9t\u00e9 d\u00e9contextualis\u00e9, le Premier ministre vient de raviver un d\u00e9bat [&hellip;]<\/p>\n","protected":false},"author":2,"featured_media":58647,"comment_status":"open","ping_status":"open","sticky":false,"template":"","format":"standard","meta":{"footnotes":""},"categories":[1],"tags":[],"class_list":["post-58646","post","type-post","status-publish","format-standard","has-post-thumbnail","hentry","category-aucun"],"_links":{"self":[{"href":"https:\/\/lestracesdelinfo.com\/index.php\/wp-json\/wp\/v2\/posts\/58646","targetHints":{"allow":["GET"]}}],"collection":[{"href":"https:\/\/lestracesdelinfo.com\/index.php\/wp-json\/wp\/v2\/posts"}],"about":[{"href":"https:\/\/lestracesdelinfo.com\/index.php\/wp-json\/wp\/v2\/types\/post"}],"author":[{"embeddable":true,"href":"https:\/\/lestracesdelinfo.com\/index.php\/wp-json\/wp\/v2\/users\/2"}],"replies":[{"embeddable":true,"href":"https:\/\/lestracesdelinfo.com\/index.php\/wp-json\/wp\/v2\/comments?post=58646"}],"version-history":[{"count":1,"href":"https:\/\/lestracesdelinfo.com\/index.php\/wp-json\/wp\/v2\/posts\/58646\/revisions"}],"predecessor-version":[{"id":58648,"href":"https:\/\/lestracesdelinfo.com\/index.php\/wp-json\/wp\/v2\/posts\/58646\/revisions\/58648"}],"wp:featuredmedia":[{"embeddable":true,"href":"https:\/\/lestracesdelinfo.com\/index.php\/wp-json\/wp\/v2\/media\/58647"}],"wp:attachment":[{"href":"https:\/\/lestracesdelinfo.com\/index.php\/wp-json\/wp\/v2\/media?parent=58646"}],"wp:term":[{"taxonomy":"category","embeddable":true,"href":"https:\/\/lestracesdelinfo.com\/index.php\/wp-json\/wp\/v2\/categories?post=58646"},{"taxonomy":"post_tag","embeddable":true,"href":"https:\/\/lestracesdelinfo.com\/index.php\/wp-json\/wp\/v2\/tags?post=58646"}],"curies":[{"name":"wp","href":"https:\/\/api.w.org\/{rel}","templated":true}]}}