{"id":58652,"date":"2024-08-07T11:36:52","date_gmt":"2024-08-07T11:36:52","guid":{"rendered":"https:\/\/lestracesdelinfo.com\/?p=58652"},"modified":"2024-08-07T11:43:16","modified_gmt":"2024-08-07T11:43:16","slug":"ministre-de-la-culture-le-president-de-la-republique-a-donne-des-directives-pour-la-conduite-de-laction-gouvernementale","status":"publish","type":"post","link":"https:\/\/lestracesdelinfo.com\/index.php\/2024\/08\/07\/ministre-de-la-culture-le-president-de-la-republique-a-donne-des-directives-pour-la-conduite-de-laction-gouvernementale\/","title":{"rendered":"Ministre de la Culture: le Pr\u00e9sident de la R\u00e9publique a donn\u00e9 des directives pour la conduite de l\u2019action gouvernementale"},"content":{"rendered":"\n<p>Ami<\/p>\n\n\n\n<figure class=\"wp-block-image size-full\"><img loading=\"lazy\" decoding=\"async\" width=\"750\" height=\"430\" src=\"https:\/\/lestracesdelinfo.com\/wp-content\/uploads\/2024\/08\/image-1.png\" alt=\"\" class=\"wp-image-58653\" srcset=\"https:\/\/lestracesdelinfo.com\/wp-content\/uploads\/2024\/08\/image-1.png 750w, https:\/\/lestracesdelinfo.com\/wp-content\/uploads\/2024\/08\/image-1-300x172.png 300w\" sizes=\"auto, (max-width: 750px) 100vw, 750px\" \/><\/figure>\n\n\n\n<p>Le ministre de la Culture, des Arts, de la Communication et des Relations avec le Parlement, M. Houssein Ould Meddou, a comment\u00e9, mardi soir, les r\u00e9sultats du conseil des ministres qui s\u2019est d\u00e9roul\u00e9 plus t\u00f4t dans l\u2019apr\u00e8s-midi. Dans la salle de presse de l\u2019Agence Mauritanienne d\u2019Information, il a pass\u00e9 en revue les points saillants de la premi\u00e8re r\u00e9union du gouvernement, nouvellement form\u00e9.<\/p>\n\n\n\n<p>Le ministre a indiqu\u00e9 qu\u2019\u00e0 l\u2019entame de la r\u00e9union, le Pr\u00e9sident de la R\u00e9publique, SEM Mohamed Ould Cheikh El Ghazouani, a f\u00e9licit\u00e9 les membres du gouvernement, et leur a souhait\u00e9 bonne chance. Selon le ministre, la composition du gouvernement est en phase avec le programme pr\u00e9sidentiel, notamment en ce qui concerne la place des jeunes et le choix de comp\u00e9tences av\u00e9r\u00e9es \u00e0 la t\u00eate des divers d\u00e9partements.<\/p>\n\n\n\n<p>Ould Meddou a ensuite soulign\u00e9 que le Pr\u00e9sident a donn\u00e9 des directives, qui doivent guider l\u2019action gouvernementale, constamment. La premi\u00e8re a trait \u00e0 la solidarit\u00e9 gouvernementale, la culture de l\u2019esprit d\u2019\u00e9quipe et l\u2019entraide afin d\u2019atteindre les r\u00e9sultats escompt\u00e9s.<\/p>\n\n\n\n<p>La deuxi\u00e8me concerne l\u2019engagement politique, relevant que la charge minist\u00e9rielle est un poste politique par excellence. De ce fait, chaque ministre doit s\u2019inscrire dans la vision d\u2019ensemble et l\u2019orientation politique fix\u00e9e, pour le d\u00e9veloppement du pays, a not\u00e9 le ministre. Elle sugg\u00e8re aussi que les ministres ne doivent m\u00e9nager aucun effort, pour d\u00e9fendre le projet gouvernemental et en vue d\u2019une atteinte certaine des objectifs.<\/p>\n\n\n\n<p>Toujours concernant les directives pr\u00e9sidentielles, le ministre a d\u00e9clar\u00e9 que la troisi\u00e8me est li\u00e9e aux pr\u00e9rogatives. D\u2019apr\u00e8s lui, il est ici question de donner aux responsables les pouvoirs n\u00e9cessaires, pour qu\u2019ils puissent mener \u00e0 bien leurs missions. Cela est un imp\u00e9ratif pour une action gouvernementale efficace, dont les r\u00e9sultats sont mesurables.<\/p>\n\n\n\n<p>Poursuivant, le ministre a pr\u00e9cis\u00e9 que les pr\u00e9rogatives viennent avec les responsabilit\u00e9s. Ainsi, chaque ministre est comptable de l\u2019action de son d\u00e9partement, avec un accent particulier mis sur la bonne gouvernance et la performance.<\/p>\n\n\n\n<p>Par ailleurs, le ministre a r\u00e9it\u00e9r\u00e9 l\u2019engagement du Pr\u00e9sident de la R\u00e9publique \u00e0 lutter contre la corruption et la mauvaise gestion, soulignant qu\u2019une politique tol\u00e9rance z\u00e9ro sera de rigueur. D\u2019ores et d\u00e9j\u00e0, les membres du gouvernement ont \u00e9t\u00e9 invit\u00e9s \u00e0 d\u00e9clarer leur patrimoine aupr\u00e8s des autorit\u00e9s comp\u00e9tentes, dans les meilleurs d\u00e9lais.<\/p>\n\n\n\n<p>Au cours de la session de questions\/r\u00e9ponses, le ministre a \u00e9t\u00e9 interpell\u00e9 sur la repr\u00e9sentativit\u00e9 des membres du gouvernement. Selon lui, cette repr\u00e9sentativit\u00e9 doit \u00eatre observ\u00e9e au-del\u00e0 du gouvernement, car il existe toute une administration, avec des responsabilit\u00e9s diverses, ou le tout est pr\u00e9sent.<\/p>\n\n\n\n<p>S\u2019agissant de la place des jeunes, il a soulign\u00e9 qu\u2019un minist\u00e8re leur est consacr\u00e9 avec un rang plus \u00e9lev\u00e9 au niveau protocolaire, ce qui est en phase avec le programme pr\u00e9sidentiel, selon Ould Meddou.<\/p>\n\n\n\n<p>Pour ce qui est de la professionnalisation des m\u00e9dias, le ministre a rappel\u00e9 qu\u2019une s\u00e9rie de r\u00e9formes a \u00e9t\u00e9 adopt\u00e9e au cours des derni\u00e8res ann\u00e9es, dont une loi sur la professionnalisation des m\u00e9dias. Il a annonc\u00e9 qu\u2019un d\u00e9cret d\u2019application sera pris bient\u00f4t pour que la loi soit applicable. Il en est de m\u00eame pour les textes ayant trait aux radios associatives.<\/p>\n\n\n\n<p>En ce qui concerne le budget de l\u2019ann\u00e9e d\u00e9j\u00e0 entam\u00e9, le ministre a not\u00e9 que le gouvernement dans sa configuration actuelle, n\u00e9cessite effectivement un r\u00e9ajustement du budget. Mais il a rassur\u00e9 que ce n\u2019\u00e9tait pas un motif d\u2019inqui\u00e9tude car les lois rectificatives sont pr\u00e9vues pour prendre en compte de nouvelles r\u00e9alit\u00e9s.<\/p>\n","protected":false},"excerpt":{"rendered":"<p>Ami Le ministre de la Culture, des Arts, de la Communication et des Relations avec le Parlement, M. Houssein Ould Meddou, a comment\u00e9, mardi soir, les r\u00e9sultats du conseil des ministres qui s\u2019est d\u00e9roul\u00e9 plus t\u00f4t dans l\u2019apr\u00e8s-midi. Dans la salle de presse de l\u2019Agence Mauritanienne d\u2019Information, il a pass\u00e9 en revue les points saillants [&hellip;]<\/p>\n","protected":false},"author":2,"featured_media":58654,"comment_status":"open","ping_status":"open","sticky":false,"template":"","format":"standard","meta":{"footnotes":""},"categories":[1449],"tags":[],"class_list":["post-58652","post","type-post","status-publish","format-standard","has-post-thumbnail","hentry","category-national"],"_links":{"self":[{"href":"https:\/\/lestracesdelinfo.com\/index.php\/wp-json\/wp\/v2\/posts\/58652","targetHints":{"allow":["GET"]}}],"collection":[{"href":"https:\/\/lestracesdelinfo.com\/index.php\/wp-json\/wp\/v2\/posts"}],"about":[{"href":"https:\/\/lestracesdelinfo.com\/index.php\/wp-json\/wp\/v2\/types\/post"}],"author":[{"embeddable":true,"href":"https:\/\/lestracesdelinfo.com\/index.php\/wp-json\/wp\/v2\/users\/2"}],"replies":[{"embeddable":true,"href":"https:\/\/lestracesdelinfo.com\/index.php\/wp-json\/wp\/v2\/comments?post=58652"}],"version-history":[{"count":1,"href":"https:\/\/lestracesdelinfo.com\/index.php\/wp-json\/wp\/v2\/posts\/58652\/revisions"}],"predecessor-version":[{"id":58655,"href":"https:\/\/lestracesdelinfo.com\/index.php\/wp-json\/wp\/v2\/posts\/58652\/revisions\/58655"}],"wp:featuredmedia":[{"embeddable":true,"href":"https:\/\/lestracesdelinfo.com\/index.php\/wp-json\/wp\/v2\/media\/58654"}],"wp:attachment":[{"href":"https:\/\/lestracesdelinfo.com\/index.php\/wp-json\/wp\/v2\/media?parent=58652"}],"wp:term":[{"taxonomy":"category","embeddable":true,"href":"https:\/\/lestracesdelinfo.com\/index.php\/wp-json\/wp\/v2\/categories?post=58652"},{"taxonomy":"post_tag","embeddable":true,"href":"https:\/\/lestracesdelinfo.com\/index.php\/wp-json\/wp\/v2\/tags?post=58652"}],"curies":[{"name":"wp","href":"https:\/\/api.w.org\/{rel}","templated":true}]}}