{"id":58667,"date":"2024-08-09T10:00:31","date_gmt":"2024-08-09T10:00:31","guid":{"rendered":"https:\/\/lestracesdelinfo.com\/?p=58667"},"modified":"2024-08-09T10:09:20","modified_gmt":"2024-08-09T10:09:20","slug":"le-president-de-la-republique-sentretient-avec-le-directeur-general-du-centre-africain-de-controle-et-de-prevention-des-maladies","status":"publish","type":"post","link":"https:\/\/lestracesdelinfo.com\/index.php\/2024\/08\/09\/le-president-de-la-republique-sentretient-avec-le-directeur-general-du-centre-africain-de-controle-et-de-prevention-des-maladies\/","title":{"rendered":"Le Pr\u00e9sident de la R\u00e9publique, s\u2019entretient avec le directeur g\u00e9n\u00e9ral du Centre africain de contr\u00f4le et de pr\u00e9vention des maladies"},"content":{"rendered":"\n<figure class=\"wp-block-image\"><a href=\"https:\/\/ami.mr\/fr\/wp-content\/uploads\/2024\/08\/%D8%A7%D9%84%D8%B1%D8%A6%D9%8A%D8%B3.jpg\"><img decoding=\"async\" src=\"https:\/\/ami.mr\/fr\/wp-content\/uploads\/2024\/08\/%D8%A7%D9%84%D8%B1%D8%A6%D9%8A%D8%B3-750x430.jpg\" alt=\"\"\/><\/a><\/figure>\n\n\n\n<p>Son Excellence le Pr\u00e9sident de la R\u00e9publique, Pr\u00e9sident de l\u2019Union Africaine, Mohamed Ould Cheikh El Ghazouani, s\u2019est entretenu jeudi par vid\u00e9oconf\u00e9rence avec le Dr Jean Cassia, directeur g\u00e9n\u00e9ral du Centre Africain de Contr\u00f4le et de Pr\u00e9vention des Maladies (ACDC).<\/p>\n\n\n\n<p>La r\u00e9union a pour objet de passer en revue la situation g\u00e9n\u00e9rale et les mesures prises pour faire face \u00e0 l\u2019\u00e9pid\u00e9mie de variole du singe qui s\u2019est r\u00e9cemment propag\u00e9e en Afrique centrale et australe.<\/p>\n\n\n\n<p>Son Excellence le Pr\u00e9sident de la R\u00e9publique, Pr\u00e9sident de l\u2019Union africaine (UA), avait imm\u00e9diatement et fermement soutenu le Centre de contr\u00f4le et de pr\u00e9vention des maladies (CDC), lui octroyant \u00e0 ce jour 10,4 millions de dollars.<\/p>\n\n\n\n<p>Son Excellence a \u00e9cout\u00e9 les explications d\u00e9taill\u00e9es fournies par le chef du Centre, le Dr Jean Cassia.<\/p>\n\n\n\n<p>Enfin, le Pr\u00e9sident a remerci\u00e9 le directeur g\u00e9n\u00e9ral du Centre pour les efforts pr\u00e9cieux d\u00e9ploy\u00e9s pour faire face \u00e0 cette pand\u00e9mie, exprimant sa profonde inqui\u00e9tude quant \u00e0 sa propagation.<\/p>\n\n\n\n<p>Il a \u00e9galement demand\u00e9 au directeur du Centre d\u2019intensifier la coordination avec les \u00c9tats membres, en particulier ceux o\u00f9 l\u2019\u00e9pid\u00e9mie s\u2019est d\u00e9clar\u00e9e, soulignant qu\u2019il \u00e9tait pr\u00eat \u00e0 d\u00e9ployer tous les efforts n\u00e9cessaires pour r\u00e9pondre rapidement aux suggestions et aux recommandations du Centre, tout en s\u2019engageant \u00e0 approfondir bient\u00f4t la discussion sur l\u2019\u00e9pid\u00e9mie avec ses fr\u00e8res, les chefs d\u2019\u00c9tat des \u00c9tats membres.<\/p>\n\n\n\n<p>La r\u00e9union s\u2019est d\u00e9roul\u00e9e en pr\u00e9sence du ministre charg\u00e9 du Cabinet de la Pr\u00e9sidence de la R\u00e9publique, M. Nani Ould Chrougha, du ministre des Affaires \u00e9trang\u00e8res, de la Coop\u00e9ration africaine et des Mauritaniens de l\u2019Ext\u00e9rieur, M. Mohamed Salem Ould Merzoug, du ministre de la Sant\u00e9, M. Abdallahi Ould Wedih, et l\u2019ambassadeur de notre pays en Ethiopie, Repr\u00e9sentant permanent aupr\u00e8s de l\u2019Union Africaine, Mme Khadijetou M\u2019Bareck.<\/p>\n\n\n\n<p><a href=\"https:\/\/www.facebook.com\/sharer\/sharer.php?u=https%3A%2F%2Fami.mr%2Ffr%2Farchives%2F251573\" rel=\"noreferrer noopener\" target=\"_blank\"><\/a><a href=\"https:\/\/twitter.com\/intent\/tweet?text=Le%20Pr%C3%A9sident%20de%20la%20R%C3%A9publique%2C%20s%27entretient%20avec%20le%20directeur%20g%C3%A9n%C3%A9ral%20du%20Centre%20africain%20de%20contr%C3%B4le%20et%20de%20pr%C3%A9vention%20des%20maladies&amp;url=https%3A%2F%2Fami.mr%2Ffr%2Farchives%2F251573\" rel=\"noreferrer noopener\" target=\"_blank\"><\/a><a href=\"https:\/\/api.whatsapp.com\/send?text=Le%20Pr%C3%A9sident%20de%20la%20R%C3%A9publique%2C%20s%27entretient%20avec%20le%20directeur%20g%C3%A9n%C3%A9ral%20du%20Centre%20africain%20de%20contr%C3%B4le%20et%20de%20pr%C3%A9vention%20des%20maladies%20https%3A%2F%2Fami.mr%2Ffr%2Farchives%2F251573\" rel=\"noreferrer noopener\" target=\"_blank\"><\/a><a href=\"https:\/\/www.instagram.com\/\" rel=\"noreferrer noopener\" target=\"_blank\"><\/a><a href=\"https:\/\/ami.mr\/fr\/archives\/251573\"><\/a><\/p>\n","protected":false},"excerpt":{"rendered":"<p>Son Excellence le Pr\u00e9sident de la R\u00e9publique, Pr\u00e9sident de l\u2019Union Africaine, Mohamed Ould Cheikh El Ghazouani, s\u2019est entretenu jeudi par vid\u00e9oconf\u00e9rence avec le Dr Jean Cassia, directeur g\u00e9n\u00e9ral du Centre Africain de Contr\u00f4le et de Pr\u00e9vention des Maladies (ACDC). La r\u00e9union a pour objet de passer en revue la situation g\u00e9n\u00e9rale et les mesures prises [&hellip;]<\/p>\n","protected":false},"author":2,"featured_media":58668,"comment_status":"open","ping_status":"open","sticky":false,"template":"","format":"standard","meta":{"footnotes":""},"categories":[1449],"tags":[],"class_list":["post-58667","post","type-post","status-publish","format-standard","has-post-thumbnail","hentry","category-national"],"_links":{"self":[{"href":"https:\/\/lestracesdelinfo.com\/index.php\/wp-json\/wp\/v2\/posts\/58667","targetHints":{"allow":["GET"]}}],"collection":[{"href":"https:\/\/lestracesdelinfo.com\/index.php\/wp-json\/wp\/v2\/posts"}],"about":[{"href":"https:\/\/lestracesdelinfo.com\/index.php\/wp-json\/wp\/v2\/types\/post"}],"author":[{"embeddable":true,"href":"https:\/\/lestracesdelinfo.com\/index.php\/wp-json\/wp\/v2\/users\/2"}],"replies":[{"embeddable":true,"href":"https:\/\/lestracesdelinfo.com\/index.php\/wp-json\/wp\/v2\/comments?post=58667"}],"version-history":[{"count":1,"href":"https:\/\/lestracesdelinfo.com\/index.php\/wp-json\/wp\/v2\/posts\/58667\/revisions"}],"predecessor-version":[{"id":58669,"href":"https:\/\/lestracesdelinfo.com\/index.php\/wp-json\/wp\/v2\/posts\/58667\/revisions\/58669"}],"wp:featuredmedia":[{"embeddable":true,"href":"https:\/\/lestracesdelinfo.com\/index.php\/wp-json\/wp\/v2\/media\/58668"}],"wp:attachment":[{"href":"https:\/\/lestracesdelinfo.com\/index.php\/wp-json\/wp\/v2\/media?parent=58667"}],"wp:term":[{"taxonomy":"category","embeddable":true,"href":"https:\/\/lestracesdelinfo.com\/index.php\/wp-json\/wp\/v2\/categories?post=58667"},{"taxonomy":"post_tag","embeddable":true,"href":"https:\/\/lestracesdelinfo.com\/index.php\/wp-json\/wp\/v2\/tags?post=58667"}],"curies":[{"name":"wp","href":"https:\/\/api.w.org\/{rel}","templated":true}]}}