{"id":58670,"date":"2024-08-09T10:08:06","date_gmt":"2024-08-09T10:08:06","guid":{"rendered":"https:\/\/lestracesdelinfo.com\/?p=58670"},"modified":"2024-08-09T10:11:12","modified_gmt":"2024-08-09T10:11:12","slug":"kna-reunion-de-sensibilisation-sur-le-lancement-de-la-campagne-agricole-pluviale-2024","status":"publish","type":"post","link":"https:\/\/lestracesdelinfo.com\/index.php\/2024\/08\/09\/kna-reunion-de-sensibilisation-sur-le-lancement-de-la-campagne-agricole-pluviale-2024\/","title":{"rendered":"kna : R\u00e9union de sensibilisation sur le lancement de la campagne agricole pluviale 2024"},"content":{"rendered":"\n<figure class=\"wp-block-image is-resized\"><a href=\"https:\/\/ami.mr\/fr\/wp-content\/uploads\/2024\/08\/%D9%84%D8%A8%D8%B1%D8%A7%D9%83%D9%86%D9%88.jpg\"><img decoding=\"async\" src=\"https:\/\/ami.mr\/fr\/wp-content\/uploads\/2024\/08\/%D9%84%D8%A8%D8%B1%D8%A7%D9%83%D9%86%D9%88-750x430.jpg\" alt=\"\" style=\"width:530px;height:auto\"\/><\/a><\/figure>\n\n\n\n<p>Le wali du Brakna, M. Mohamed Ould Saleck, a pr\u00e9sid\u00e9, jeudi, une r\u00e9union de sensibilisation sur le lancement de la campagne agricole pluviale de cette ann\u00e9e.<\/p>\n\n\n\n<p>Au cours de cette r\u00e9union, le wali a soulign\u00e9 l\u2019importance de l\u2019agriculture en tant que pilier de la s\u00e9curit\u00e9 alimentaire, ce qui a amen\u00e9 les hautes autorit\u00e9s du pays \u00e0 lui accorder une importance particuli\u00e8re.<\/p>\n\n\n\n<p>Le wali a expliqu\u00e9 que cette rencontre s\u2019inscrit dans le cadre de la mise en \u0153uvre de la circulaire du ministre de l\u2019int\u00e9rieur, de la d\u00e9centralisation et du d\u00e9veloppement local dans le cadre de la campagne de sensibilisation sur la n\u00e9cessit\u00e9 de se tourner vers l\u2019agriculture, notamment l\u2019agriculture pluviale, rappelant que le Brakna est consid\u00e9r\u00e9e comme une wilaya agricole par excellence et dispose de nombreuses potentialit\u00e9s qui doivent \u00eatre exploit\u00e9es au profit de la population.<\/p>\n\n\n\n<p>Il a ajout\u00e9 que les hautes autorit\u00e9s, sous la direction du Pr\u00e9sident de la R\u00e9publique Mohamed Ould Cheikh Ghazouani, ont pris un ensemble de mesures importantes pour am\u00e9liorer les rendements de l\u2019agriculture, aussi bien pluviale qu\u2019irrigu\u00e9e, en soutenant les agriculteurs avec des m\u00e9canismes qui leur permettent d\u2019am\u00e9liorer et de d\u00e9velopper leur production.<\/p>\n\n\n\n<p>Au cours de la r\u00e9union, le pr\u00e9sident de la wilaya du Brakna, M. Moustapha Ould Mohamed Mahmoud, a soulign\u00e9 que la R\u00e9gion a \u0153uvr\u00e9, d\u00e8s le d\u00e9but, pour soutenir les agriculteurs en fournissant plusieurs tracteurs et en distribuant certains \u00e9quipements agricoles aux agriculteurs afin de les encourager \u00e0 se lancer dans l\u2019agriculture.<\/p>\n\n\n\n<p>Le d\u00e9l\u00e9gu\u00e9 r\u00e9gional du minist\u00e8re de l\u2019Agriculture et de la Souverainet\u00e9 alimentaire dans la wilaya du Brakna, M. Momme Ould Bouboutt, a pass\u00e9 en revue les efforts d\u00e9ploy\u00e9s par le secteur dans la wilaya pour la r\u00e9ussite de la campagne agricole de cette ann\u00e9e \u00e0 travers la construction, la restauration et la cl\u00f4ture de plusieurs barrages et diguettes de sable, soulignant que la r\u00e9gion a b\u00e9n\u00e9fici\u00e9, cette ann\u00e9e, de 101 tonnes de semences traditionnelles et de plus de 70 charrues \u00e0 distribuer aux agriculteurs de la r\u00e9gion.<\/p>\n\n\n\n<p>Les hakem des moughataa, les chefs des d\u00e9partements techniques et les autorit\u00e9s militaires et de s\u00e9curit\u00e9 de la wilaya ont particip\u00e9 \u00e0 la r\u00e9union.<\/p>\n\n\n\n<p><\/p>\n\n\n\n<p><a href=\"https:\/\/www.facebook.com\/sharer\/sharer.php?u=https%3A%2F%2Fami.mr%2Ffr%2Farchives%2F251573\" target=\"_blank\" rel=\"noreferrer noopener\"><\/a><a href=\"https:\/\/twitter.com\/intent\/tweet?text=Le%20Pr%C3%A9sident%20de%20la%20R%C3%A9publique%2C%20s%27entretient%20avec%20le%20directeur%20g%C3%A9n%C3%A9ral%20du%20Centre%20africain%20de%20contr%C3%B4le%20et%20de%20pr%C3%A9vention%20des%20maladies&amp;url=https%3A%2F%2Fami.mr%2Ffr%2Farchives%2F251573\" target=\"_blank\" rel=\"noreferrer noopener\"><\/a><a href=\"https:\/\/api.whatsapp.com\/send?text=Le%20Pr%C3%A9sident%20de%20la%20R%C3%A9publique%2C%20s%27entretient%20avec%20le%20directeur%20g%C3%A9n%C3%A9ral%20du%20Centre%20africain%20de%20contr%C3%B4le%20et%20de%20pr%C3%A9vention%20des%20maladies%20https%3A%2F%2Fami.mr%2Ffr%2Farchives%2F251573\" target=\"_blank\" rel=\"noreferrer noopener\"><\/a><a href=\"https:\/\/www.instagram.com\/\" target=\"_blank\" rel=\"noreferrer noopener\"><\/a><a href=\"https:\/\/ami.mr\/fr\/archives\/251573\"><\/a><\/p>\n","protected":false},"excerpt":{"rendered":"<p>Le wali du Brakna, M. Mohamed Ould Saleck, a pr\u00e9sid\u00e9, jeudi, une r\u00e9union de sensibilisation sur le lancement de la campagne agricole pluviale de cette ann\u00e9e. Au cours de cette r\u00e9union, le wali a soulign\u00e9 l\u2019importance de l\u2019agriculture en tant que pilier de la s\u00e9curit\u00e9 alimentaire, ce qui a amen\u00e9 les hautes autorit\u00e9s du pays [&hellip;]<\/p>\n","protected":false},"author":2,"featured_media":58671,"comment_status":"open","ping_status":"open","sticky":false,"template":"","format":"standard","meta":{"footnotes":""},"categories":[1449],"tags":[],"class_list":["post-58670","post","type-post","status-publish","format-standard","has-post-thumbnail","hentry","category-national"],"_links":{"self":[{"href":"https:\/\/lestracesdelinfo.com\/index.php\/wp-json\/wp\/v2\/posts\/58670","targetHints":{"allow":["GET"]}}],"collection":[{"href":"https:\/\/lestracesdelinfo.com\/index.php\/wp-json\/wp\/v2\/posts"}],"about":[{"href":"https:\/\/lestracesdelinfo.com\/index.php\/wp-json\/wp\/v2\/types\/post"}],"author":[{"embeddable":true,"href":"https:\/\/lestracesdelinfo.com\/index.php\/wp-json\/wp\/v2\/users\/2"}],"replies":[{"embeddable":true,"href":"https:\/\/lestracesdelinfo.com\/index.php\/wp-json\/wp\/v2\/comments?post=58670"}],"version-history":[{"count":1,"href":"https:\/\/lestracesdelinfo.com\/index.php\/wp-json\/wp\/v2\/posts\/58670\/revisions"}],"predecessor-version":[{"id":58672,"href":"https:\/\/lestracesdelinfo.com\/index.php\/wp-json\/wp\/v2\/posts\/58670\/revisions\/58672"}],"wp:featuredmedia":[{"embeddable":true,"href":"https:\/\/lestracesdelinfo.com\/index.php\/wp-json\/wp\/v2\/media\/58671"}],"wp:attachment":[{"href":"https:\/\/lestracesdelinfo.com\/index.php\/wp-json\/wp\/v2\/media?parent=58670"}],"wp:term":[{"taxonomy":"category","embeddable":true,"href":"https:\/\/lestracesdelinfo.com\/index.php\/wp-json\/wp\/v2\/categories?post=58670"},{"taxonomy":"post_tag","embeddable":true,"href":"https:\/\/lestracesdelinfo.com\/index.php\/wp-json\/wp\/v2\/tags?post=58670"}],"curies":[{"name":"wp","href":"https:\/\/api.w.org\/{rel}","templated":true}]}}