{"id":58673,"date":"2024-08-11T20:32:32","date_gmt":"2024-08-11T20:32:32","guid":{"rendered":"https:\/\/lestracesdelinfo.com\/?p=58673"},"modified":"2024-08-11T20:32:36","modified_gmt":"2024-08-11T20:32:36","slug":"rwanda-kagame-investi-president-pour-un-quatrieme-mandat","status":"publish","type":"post","link":"https:\/\/lestracesdelinfo.com\/index.php\/2024\/08\/11\/rwanda-kagame-investi-president-pour-un-quatrieme-mandat\/","title":{"rendered":"Rwanda : Kagame investi pr\u00e9sident pour un quatri\u00e8me mandat"},"content":{"rendered":"\n<p><a href=\"https:\/\/fr.apanews.net\/category\/centre\/\">CENTRE<\/a>\u00a0<img loading=\"lazy\" decoding=\"async\" width=\"32\" height=\"32\" srcset=\"https:\/\/fr.apanews.net\/wp-content\/uploads\/sites\/2\/2023\/09\/APA-Ico-48x48.png 48w, https:\/\/fr.apanews.net\/wp-content\/uploads\/sites\/2\/2023\/09\/APA-Ico-300x300.png 300w, https:\/\/fr.apanews.net\/wp-content\/uploads\/sites\/2\/2023\/09\/APA-Ico-150x150.png 150w, https:\/\/fr.apanews.net\/wp-content\/uploads\/sites\/2\/2023\/09\/APA-Ico-70x70.png 70w, https:\/\/fr.apanews.net\/wp-content\/uploads\/sites\/2\/2023\/09\/APA-Ico-450x450.png 450w, https:\/\/fr.apanews.net\/wp-content\/uploads\/sites\/2\/2023\/09\/APA-Ico-24x24.png 24w, https:\/\/fr.apanews.net\/wp-content\/uploads\/sites\/2\/2023\/09\/APA-Ico-96x96.png 96w, https:\/\/fr.apanews.net\/wp-content\/uploads\/sites\/2\/2023\/09\/APA-Ico.png 512w\" src=\"https:\/\/fr.apanews.net\/wp-content\/uploads\/sites\/2\/2023\/09\/APA-Ico-48x48.png\" alt=\"APA-Kigali (Rwanda)\"><a>APA-KIGALI (RWANDA)<\/a><\/p>\n\n\n\n<figure class=\"wp-block-image size-large\"><img loading=\"lazy\" decoding=\"async\" width=\"1024\" height=\"718\" src=\"https:\/\/lestracesdelinfo.com\/wp-content\/uploads\/2024\/08\/image-4-1024x718.png\" alt=\"\" class=\"wp-image-58679\" srcset=\"https:\/\/lestracesdelinfo.com\/wp-content\/uploads\/2024\/08\/image-4-1024x718.png 1024w, https:\/\/lestracesdelinfo.com\/wp-content\/uploads\/2024\/08\/image-4-300x210.png 300w, https:\/\/lestracesdelinfo.com\/wp-content\/uploads\/2024\/08\/image-4-768x538.png 768w, https:\/\/lestracesdelinfo.com\/wp-content\/uploads\/2024\/08\/image-4.png 1080w\" sizes=\"auto, (max-width: 1024px) 100vw, 1024px\" \/><\/figure>\n\n\n\n<p><a href=\"https:\/\/www.facebook.com\/sharer.php?u=https%3A%2F%2Ffr.apanews.net%2Fnews%2Frwanda-kagame-investi-president-pour-un-quatrieme-mandat%2F\" target=\"_blank\" rel=\"noreferrer noopener\"><\/a><a href=\"https:\/\/twitter.com\/intent\/tweet?url=https%3A%2F%2Ffr.apanews.net%2Fnews%2Frwanda-kagame-investi-president-pour-un-quatrieme-mandat%2F&amp;text=Rwanda%20%3A%20Kagame%20investi%20pr%C3%A9sident%20pour%20un%20quatri%C3%A8me%20mandat\" target=\"_blank\" rel=\"noreferrer noopener\"><\/a><a href=\"https:\/\/wa.me\/?text=Rwanda%20%3A%20Kagame%20investi%20pr%C3%A9sident%20pour%20un%20quatri%C3%A8me%20mandat%20https%3A%2F%2Ffr.apanews.net%2Fnews%2Frwanda-kagame-investi-president-pour-un-quatrieme-mandat%2F\" target=\"_blank\" rel=\"noreferrer noopener\"><\/a><a href=\"mailto:?subject=Rwanda%20%3A%20Kagame%20investi%20pr%C3%A9sident%20pour%20un%20quatri%C3%A8me%20mandat&amp;body=https%3A%2F%2Ffr.apanews.net%2Fnews%2Frwanda-kagame-investi-president-pour-un-quatrieme-mandat%2F\" target=\"_blank\" rel=\"noreferrer noopener\"><\/a><a href=\"https:\/\/www.linkedin.com\/shareArticle?mini=true&amp;url=https%3A%2F%2Ffr.apanews.net%2Fnews%2Frwanda-kagame-investi-president-pour-un-quatrieme-mandat%2F\" target=\"_blank\" rel=\"noreferrer noopener\"><\/a><a href=\"https:\/\/t.me\/share\/url?url=https%3A%2F%2Ffr.apanews.net%2Fnews%2Frwanda-kagame-investi-president-pour-un-quatrieme-mandat%2F&amp;title=Rwanda%20%3A%20Kagame%20investi%20pr%C3%A9sident%20pour%20un%20quatri%C3%A8me%20mandat\" target=\"_blank\" rel=\"noreferrer noopener\"><\/a><\/p>\n\n\n\n<p><strong>R\u00e9\u00e9lu pour un quatri\u00e8me mandat \u00e0 la t\u00eate du Rwanda, le pr\u00e9sident Paul Kagame a pr\u00eat\u00e9 serment dimanche 11 ao\u00fbt devant des milliers de personnes \u00e0 Kigali.&nbsp;<\/strong><\/p>\n\n\n\n<p>Le pr\u00e9sident rwandais Paul Kagame a pr\u00eat\u00e9 serment dimanche pour un quatri\u00e8me mandat, assurant que la paix r\u00e9gionale \u00e9tait sa \u00ab priorit\u00e9 \u00bb face au conflit en cours en RDC voisine.<\/p>\n\n\n\n<p>M. Kagame, 66 ans, a remport\u00e9 la pr\u00e9sidentielle le mois dernier avec un score de 99,18 % des voix.<\/p>\n\n\n\n<p>Plusieurs dizaines de chefs d\u2019\u00c9tat et d\u2019autres dignitaires africains ont fait le d\u00e9placement pour assister \u00e0 la c\u00e9r\u00e9monie d\u2019investiture, organis\u00e9e dimanche apr\u00e8s-midi dans un stade bond\u00e9 de 45 000 places de la capitale Kigali, o\u00f9 beaucoup portaient les couleurs du drapeau rwandais (vert, jaune et bleu).<\/p>\n\n\n\n<p>M. Kagame a pr\u00eat\u00e9 serment devant le pr\u00e9sident de la Cour supr\u00eame Faustin Ntezilyayo, s\u2019engageant \u00e0 \u00ab&nbsp;<em>pr\u00e9server la paix et la souverainet\u00e9 nationale&nbsp;<\/em>\u00bb et \u00e0 \u00ab&nbsp;<em>consolider l\u2019unit\u00e9 nationale<\/em>&nbsp;\u00bb.<\/p>\n\n\n<div class=\"wp-block-image\">\n<figure class=\"alignleft\"><img decoding=\"async\" src=\"https:\/\/fr.apanews.net\/wp-content\/uploads\/sites\/2\/2024\/08\/FB_IMG_1723401351157-300x290.jpg\" alt=\"\" class=\"wp-image-188675\"\/><\/figure>\n<\/div>\n\n\n<p>Le pr\u00e9sident Kagame a aussi assur\u00e9 que \u00ab&nbsp;<em>la paix dans notre r\u00e9gion est une priorit\u00e9 pour le Rwanda, mais elle fait d\u00e9faut, en particulier dans l\u2019Est de la RDC<\/em>&nbsp;\u00bb. Cependant, pour le chef de l\u2019\u00c9tat rwandais, \u00ab<em>&nbsp;la paix ne peut \u00eatre instaur\u00e9e (\u2026) si la partie la plus concern\u00e9e ne fait pas ce qui est n\u00e9cessaire \u00bb<\/em>.<\/p>\n\n\n\n<p>Dans un entretien avec un m\u00e9dia congolais \u00e0 Bruxelles, le pr\u00e9sident de la R\u00e9publique d\u00e9mocratique du Congo, F\u00e9lix Tshisekedi, a d\u00e9clar\u00e9 \u00eatre pr\u00eat \u00e0 parler avec Kagame, rejetant en revanche toute \u00e9ventualit\u00e9 de n\u00e9gocier avec le M23 \u00ab&nbsp;<em>tant que je serai pr\u00e9sident&nbsp;<\/em>\u00bb.<\/p>\n\n\n\n<p>Le pr\u00e9sident angolais Jo\u00e3o Louren\u00e7o, qui a assist\u00e9 \u00e0 la c\u00e9r\u00e9monie de dimanche, devait s\u2019entretenir avec M. Kagame \u00e0 propos de l\u2019accord de cessez-le-feu en RDC conclu le mois dernier avec la m\u00e9diation angolaise, a fait savoir Luanda.<\/p>\n\n\n\n<p>L\u2019Angola avait n\u00e9goci\u00e9 cet accord apr\u00e8s une rencontre entre les ministres des Affaires \u00e9trang\u00e8res de la RDC et du Rwanda. Mais le 4 ao\u00fbt, jour o\u00f9 il devait entrer en vigueur, les rebelles du M23, qui se sont empar\u00e9s de vastes territoires dans l\u2019Est de la RDC depuis le d\u00e9clenchement de leur offensive fin 2021, ont pris le contr\u00f4le d\u2019une ville \u00e0 la fronti\u00e8re avec l\u2019Ouganda.<\/p>\n\n\n\n<p>Un rapport r\u00e9cent d\u2019experts de l\u2019ONU indique que 3 000 \u00e0 4 000 soldats rwandais combattent aux c\u00f4t\u00e9s du M23 et que Kigali a&nbsp;<em>\u00ab le contr\u00f4le de facto&nbsp;<\/em>\u00bb des op\u00e9rations du groupe.<\/p>\n\n\n\n<p>Interrog\u00e9 \u00e0 plusieurs reprises sur le sujet, M. Kagame n\u2019a pas ni\u00e9 la pr\u00e9sence de soldats rwandais en RDC, soulignant \u00e0 la place la \u00ab pers\u00e9cution \u00bb de la minorit\u00e9 tutsie et le risque d\u2019instabilit\u00e9 \u00e0 la fronti\u00e8re rwandaise.<\/p>\n\n\n\n<p>Apr\u00e8s avoir atteint la limite de deux septennats, M. Kagame a pu se pr\u00e9senter \u00e0 nouveau en 2017, \u00e0 la faveur d\u2019une r\u00e9vision constitutionnelle intervenue deux ans plus t\u00f4t instaurant le quinquennat \u2013 avec le maintien d\u2019un maximum de deux mandats. Cette r\u00e9forme peut lui permettre de rester au pouvoir jusqu\u2019en 2034.<\/p>\n\n\n\n<p>Paul Kagame est l\u2019homme fort du Rwanda depuis qu\u2019il a renvers\u00e9 en juillet 1994, avec la r\u00e9bellion du Front patriotique rwandais (FPR), le gouvernement extr\u00e9miste hutu instigateur du g\u00e9nocide qui a fait, selon l\u2019ONU, plus de 800 000 morts au sein de la minorit\u00e9 tutsie.<\/p>\n\n\n\n<p>Cr\u00e9dit\u00e9 du spectaculaire redressement \u00e9conomique de son pays depuis, il est aussi sensible pour le manque d\u2019ouverture d\u00e9mocratique.<\/p>\n\n\n\n<p>Seuls deux candidats avaient \u00e9t\u00e9 autoris\u00e9s \u00e0 concourir contre lui \u00e0 l\u2019\u00e9lection de juillet, les six autres, dont certains opposants tr\u00e8s critiques de M. Kagame, en ayant \u00e9t\u00e9 emp\u00each\u00e9s.<\/p>\n\n\n\n<p>Frank Habineza, le dirigeant du seul parti d\u2019opposition autoris\u00e9 (le Parti d\u00e9mocratique vert, DGPR), et l\u2019ind\u00e9pendant Philippe Mpayimana ont obtenu respectivement 0,50 % et 0,32 % des voix.<\/p>\n\n\n\n<p>Avec 65 % de la population \u00e2g\u00e9e de moins de trente ans, la plupart des Rwandais n\u2019ont connu que Paul Kagame \u00e0 la t\u00eate de leur pays.<\/p>\n\n\n\n<p>\u00ab&nbsp;<em>J\u2019ai fi\u00e8rement vot\u00e9 pour le pr\u00e9sident Kagame et il \u00e9tait essentiel que je sois l\u00e0 aujourd\u2019hui pour assister \u00e0 cette investiture historique&nbsp;<\/em>\u00bb, a dit Tania Iriza, une commer\u00e7ante de 27 ans venue assister \u00e0 la c\u00e9r\u00e9monie. \u00ab&nbsp;<em>Ses qualit\u00e9s de dirigeant ont transform\u00e9 notre nation. Sous son r\u00e9gime, le Rwanda s\u2019est relev\u00e9 de son pass\u00e9 tragique pour tracer un chemin vers la prosp\u00e9rit\u00e9, l\u2019unit\u00e9 et l\u2019innovation \u00bb<\/em>.<\/p>\n\n\n\n<p>Paul Kagame a remport\u00e9 chaque pr\u00e9sidentielle \u00e0 laquelle il s\u2019est pr\u00e9sent\u00e9, \u00e0 chaque fois avec plus de 93 % des voix.<\/p>\n\n\n\n<p><strong>Sf\/APA avec AFP&nbsp;<\/strong><\/p>\n","protected":false},"excerpt":{"rendered":"<p>CENTRE\u00a0APA-KIGALI (RWANDA) R\u00e9\u00e9lu pour un quatri\u00e8me mandat \u00e0 la t\u00eate du Rwanda, le pr\u00e9sident Paul Kagame a pr\u00eat\u00e9 serment dimanche 11 ao\u00fbt devant des milliers de personnes \u00e0 Kigali.&nbsp; Le pr\u00e9sident rwandais Paul Kagame a pr\u00eat\u00e9 serment dimanche pour un quatri\u00e8me mandat, assurant que la paix r\u00e9gionale \u00e9tait sa \u00ab priorit\u00e9 \u00bb face au conflit [&hellip;]<\/p>\n","protected":false},"author":2,"featured_media":58680,"comment_status":"open","ping_status":"open","sticky":false,"template":"","format":"standard","meta":{"footnotes":""},"categories":[1447],"tags":[],"class_list":["post-58673","post","type-post","status-publish","format-standard","has-post-thumbnail","hentry","category-afrique"],"_links":{"self":[{"href":"https:\/\/lestracesdelinfo.com\/index.php\/wp-json\/wp\/v2\/posts\/58673","targetHints":{"allow":["GET"]}}],"collection":[{"href":"https:\/\/lestracesdelinfo.com\/index.php\/wp-json\/wp\/v2\/posts"}],"about":[{"href":"https:\/\/lestracesdelinfo.com\/index.php\/wp-json\/wp\/v2\/types\/post"}],"author":[{"embeddable":true,"href":"https:\/\/lestracesdelinfo.com\/index.php\/wp-json\/wp\/v2\/users\/2"}],"replies":[{"embeddable":true,"href":"https:\/\/lestracesdelinfo.com\/index.php\/wp-json\/wp\/v2\/comments?post=58673"}],"version-history":[{"count":1,"href":"https:\/\/lestracesdelinfo.com\/index.php\/wp-json\/wp\/v2\/posts\/58673\/revisions"}],"predecessor-version":[{"id":58681,"href":"https:\/\/lestracesdelinfo.com\/index.php\/wp-json\/wp\/v2\/posts\/58673\/revisions\/58681"}],"wp:featuredmedia":[{"embeddable":true,"href":"https:\/\/lestracesdelinfo.com\/index.php\/wp-json\/wp\/v2\/media\/58680"}],"wp:attachment":[{"href":"https:\/\/lestracesdelinfo.com\/index.php\/wp-json\/wp\/v2\/media?parent=58673"}],"wp:term":[{"taxonomy":"category","embeddable":true,"href":"https:\/\/lestracesdelinfo.com\/index.php\/wp-json\/wp\/v2\/categories?post=58673"},{"taxonomy":"post_tag","embeddable":true,"href":"https:\/\/lestracesdelinfo.com\/index.php\/wp-json\/wp\/v2\/tags?post=58673"}],"curies":[{"name":"wp","href":"https:\/\/api.w.org\/{rel}","templated":true}]}}