{"id":58698,"date":"2024-08-13T15:15:05","date_gmt":"2024-08-13T15:15:05","guid":{"rendered":"https:\/\/lestracesdelinfo.com\/?p=58698"},"modified":"2024-08-13T15:17:01","modified_gmt":"2024-08-13T15:17:01","slug":"le-ministre-de-la-peche-recoit-le-president-de-la-zone-franche-pour-le-transfert-des-dossiers-des-ports-de-nouadhibou","status":"publish","type":"post","link":"https:\/\/lestracesdelinfo.com\/index.php\/2024\/08\/13\/le-ministre-de-la-peche-recoit-le-president-de-la-zone-franche-pour-le-transfert-des-dossiers-des-ports-de-nouadhibou\/","title":{"rendered":"Le ministre de la p\u00eache re\u00e7oit le Pr\u00e9sident de la Zone Franche pour le transfert des dossiers des ports de Nouadhibou"},"content":{"rendered":"\n<figure class=\"wp-block-image size-full\"><img loading=\"lazy\" decoding=\"async\" width=\"750\" height=\"430\" src=\"https:\/\/lestracesdelinfo.com\/wp-content\/uploads\/2024\/08\/image-6.png\" alt=\"\" class=\"wp-image-58700\" srcset=\"https:\/\/lestracesdelinfo.com\/wp-content\/uploads\/2024\/08\/image-6.png 750w, https:\/\/lestracesdelinfo.com\/wp-content\/uploads\/2024\/08\/image-6-300x172.png 300w\" sizes=\"auto, (max-width: 750px) 100vw, 750px\" \/><\/figure>\n\n\n\n<p>Le ministre de la P\u00eache, des Infrastructures maritimes et portuaires, M. Fadel Sidaty, a re\u00e7u lundi \u00e0 son bureau le pr\u00e9sident de la Zone franche de Nouadhibou, M. Ba Abdoullaye.<\/p>\n\n\n\n<p>Au cours de l\u2019entretien, le pr\u00e9sident de la Zone franche de Nouadhibou a remis au ministre les dossiers du port autonome de Nouadhibou et de celui de la Baie du Repos qui, dans le cadre de la nouvelle structure gouvernementale, sont d\u00e9sormais sous la tutelle du minist\u00e8re de la P\u00eache et des Infrastructures maritimes et portuaires.<\/p>\n\n\n\n<p>La r\u00e9union s\u2019est d\u00e9roul\u00e9e en pr\u00e9sence du secr\u00e9taire g\u00e9n\u00e9ral du minist\u00e8re, M. Sidi Aly Ould Sidi Boubakar, et du conseiller juridique du minist\u00e8re, M. Camara Dramane Hamady.<\/p>\n","protected":false},"excerpt":{"rendered":"<p>Le ministre de la P\u00eache, des Infrastructures maritimes et portuaires, M. Fadel Sidaty, a re\u00e7u lundi \u00e0 son bureau le pr\u00e9sident de la Zone franche de Nouadhibou, M. Ba Abdoullaye. Au cours de l\u2019entretien, le pr\u00e9sident de la Zone franche de Nouadhibou a remis au ministre les dossiers du port autonome de Nouadhibou et de [&hellip;]<\/p>\n","protected":false},"author":2,"featured_media":58701,"comment_status":"open","ping_status":"open","sticky":false,"template":"","format":"standard","meta":{"footnotes":""},"categories":[1449],"tags":[],"class_list":["post-58698","post","type-post","status-publish","format-standard","has-post-thumbnail","hentry","category-national"],"_links":{"self":[{"href":"https:\/\/lestracesdelinfo.com\/index.php\/wp-json\/wp\/v2\/posts\/58698","targetHints":{"allow":["GET"]}}],"collection":[{"href":"https:\/\/lestracesdelinfo.com\/index.php\/wp-json\/wp\/v2\/posts"}],"about":[{"href":"https:\/\/lestracesdelinfo.com\/index.php\/wp-json\/wp\/v2\/types\/post"}],"author":[{"embeddable":true,"href":"https:\/\/lestracesdelinfo.com\/index.php\/wp-json\/wp\/v2\/users\/2"}],"replies":[{"embeddable":true,"href":"https:\/\/lestracesdelinfo.com\/index.php\/wp-json\/wp\/v2\/comments?post=58698"}],"version-history":[{"count":1,"href":"https:\/\/lestracesdelinfo.com\/index.php\/wp-json\/wp\/v2\/posts\/58698\/revisions"}],"predecessor-version":[{"id":58702,"href":"https:\/\/lestracesdelinfo.com\/index.php\/wp-json\/wp\/v2\/posts\/58698\/revisions\/58702"}],"wp:featuredmedia":[{"embeddable":true,"href":"https:\/\/lestracesdelinfo.com\/index.php\/wp-json\/wp\/v2\/media\/58701"}],"wp:attachment":[{"href":"https:\/\/lestracesdelinfo.com\/index.php\/wp-json\/wp\/v2\/media?parent=58698"}],"wp:term":[{"taxonomy":"category","embeddable":true,"href":"https:\/\/lestracesdelinfo.com\/index.php\/wp-json\/wp\/v2\/categories?post=58698"},{"taxonomy":"post_tag","embeddable":true,"href":"https:\/\/lestracesdelinfo.com\/index.php\/wp-json\/wp\/v2\/tags?post=58698"}],"curies":[{"name":"wp","href":"https:\/\/api.w.org\/{rel}","templated":true}]}}