{"id":58706,"date":"2024-08-13T15:55:24","date_gmt":"2024-08-13T15:55:24","guid":{"rendered":"https:\/\/lestracesdelinfo.com\/?p=58706"},"modified":"2024-08-13T15:55:28","modified_gmt":"2024-08-13T15:55:28","slug":"atelier-sur-la-lutte-antitabac-en-mauritanie","status":"publish","type":"post","link":"https:\/\/lestracesdelinfo.com\/index.php\/2024\/08\/13\/atelier-sur-la-lutte-antitabac-en-mauritanie\/","title":{"rendered":"Atelier sur la lutte antitabac en Mauritanie"},"content":{"rendered":"\n<figure class=\"wp-block-image size-full\"><img loading=\"lazy\" decoding=\"async\" width=\"750\" height=\"430\" src=\"https:\/\/lestracesdelinfo.com\/wp-content\/uploads\/2024\/08\/image-7.png\" alt=\"\" class=\"wp-image-58707\" srcset=\"https:\/\/lestracesdelinfo.com\/wp-content\/uploads\/2024\/08\/image-7.png 750w, https:\/\/lestracesdelinfo.com\/wp-content\/uploads\/2024\/08\/image-7-300x172.png 300w\" sizes=\"auto, (max-width: 750px) 100vw, 750px\" \/><\/figure>\n\n\n\n<p>Un atelier technique consacr\u00e9 au renforcement des capacit\u00e9s de mise en \u0153uvre et d\u2019application de la lutte contre le tabagisme en Mauritanie a \u00e9t\u00e9 ouvert mardi \u00e0 Nouakchott. L\u2019atelier de trois jours vise \u00e0 faire la lumi\u00e8re sur le tabagisme, son danger et ses effets n\u00e9gatifs sur la sant\u00e9 des personnes, en plus du renforcement des capacit\u00e9s du pays dans le domaine de la lutte contre le tabagisme.<\/p>\n\n\n\n<p>Dans un discours prononc\u00e9 \u00e0 cette occasion, le directeur g\u00e9n\u00e9ral de la sant\u00e9 publique, M. Mohamed Mahmoud Ould Ely Mahmoud, a pr\u00e9cis\u00e9 que le tabac est l\u2019un des principaux d\u00e9fis en mati\u00e8re de sant\u00e9, causant plus de 8 millions de d\u00e9c\u00e8s dans le monde chaque ann\u00e9e. Il a indiqu\u00e9 que les statistiques de l\u2019enqu\u00eate d\u00e9mographique et de sant\u00e9 2019 dans le pays ont montr\u00e9 que le taux de tabagisme chez les hommes a atteint 16,2 pour cent et chez les femmes 2,1 pour cent, notant que ces chiffres appellent \u00e0 des mesures fermes pour faire face \u00e0 ce d\u00e9fi de sant\u00e9.<\/p>\n\n\n\n<p>Le directeur g\u00e9n\u00e9ral de la sant\u00e9 publique a ajout\u00e9 que la Mauritanie a adopt\u00e9 la loi n\u00b0 020-2018 le 6 juin, qui vise \u00e0 r\u00e9glementer la production, l\u2019importation, la distribution, la commercialisation et la consommation du tabac et de ses d\u00e9riv\u00e9s, notant que la mise en \u0153uvre de cette loi n\u00e9cessite la participation active de tous les secteurs concern\u00e9s pour jouer leur r\u00f4le afin d\u2019assurer sa mise en \u0153uvre r\u00e9ussie.<\/p>\n\n\n\n<p>Il a remerci\u00e9 tous les partenaires, en particulier l\u2019Organisation mondiale de la sant\u00e9 (OMS) pour son soutien continu au secteur de la sant\u00e9 et ses efforts de promotion de la sant\u00e9 publique et de lutte antitabac.<\/p>\n\n\n\n<p>Pour sa part, la repr\u00e9sentante de l\u2019OMS en Mauritanie, Mme Charlotte Faty N\u2019Diaye, a expliqu\u00e9 que l\u2019objectif de cet atelier est d\u2019am\u00e9liorer la compr\u00e9hension des politiques et des lois antitabac aux niveaux national, r\u00e9gional et mondial, ainsi que de renforcer les capacit\u00e9s dans le domaine de l\u2019application de la loi antitabac, en particulier en ce qui concerne les produits nouveaux, et d\u2019am\u00e9liorer la coop\u00e9ration dans le domaine de la lutte antitabac entre les diff\u00e9rents d\u00e9partements minist\u00e9riels charg\u00e9s de l\u2019application de la loi.<\/p>\n\n\n\n<p>L\u2019ouverture s\u2019est d\u00e9roul\u00e9e en pr\u00e9sence des responsables du minist\u00e8re de la Sant\u00e9 du repr\u00e9sentant de la mission de l\u2019OMS pour l\u2019Alliance de Ouagadougou en plus de repr\u00e9sentants des secteurs gouvernementaux concern\u00e9s.<\/p>\n\n\n\n<p><a href=\"https:\/\/www.facebook.com\/sharer\/sharer.php?u=https%3A%2F%2Fami.mr%2Ffr%2Farchives%2F252009\" rel=\"noreferrer noopener\" target=\"_blank\"><\/a><a href=\"https:\/\/twitter.com\/intent\/tweet?text=Atelier%20sur%20la%20lutte%20antitabac%20en%20Mauritanie&amp;url=https%3A%2F%2Fami.mr%2Ffr%2Farchives%2F252009\" rel=\"noreferrer noopener\" target=\"_blank\"><\/a><a href=\"https:\/\/api.whatsapp.com\/send?text=Atelier%20sur%20la%20lutte%20antitabac%20en%20Mauritanie%20https%3A%2F%2Fami.mr%2Ffr%2Farchives%2F252009\" rel=\"noreferrer noopener\" target=\"_blank\"><\/a><a href=\"https:\/\/www.instagram.com\/\" rel=\"noreferrer noopener\" target=\"_blank\"><\/a><a href=\"https:\/\/ami.mr\/fr\/archives\/252009\"><\/a><\/p>\n","protected":false},"excerpt":{"rendered":"<p>Un atelier technique consacr\u00e9 au renforcement des capacit\u00e9s de mise en \u0153uvre et d\u2019application de la lutte contre le tabagisme en Mauritanie a \u00e9t\u00e9 ouvert mardi \u00e0 Nouakchott. L\u2019atelier de trois jours vise \u00e0 faire la lumi\u00e8re sur le tabagisme, son danger et ses effets n\u00e9gatifs sur la sant\u00e9 des personnes, en plus du renforcement [&hellip;]<\/p>\n","protected":false},"author":2,"featured_media":58708,"comment_status":"open","ping_status":"open","sticky":false,"template":"","format":"standard","meta":{"footnotes":""},"categories":[1449],"tags":[],"class_list":["post-58706","post","type-post","status-publish","format-standard","has-post-thumbnail","hentry","category-national"],"_links":{"self":[{"href":"https:\/\/lestracesdelinfo.com\/index.php\/wp-json\/wp\/v2\/posts\/58706","targetHints":{"allow":["GET"]}}],"collection":[{"href":"https:\/\/lestracesdelinfo.com\/index.php\/wp-json\/wp\/v2\/posts"}],"about":[{"href":"https:\/\/lestracesdelinfo.com\/index.php\/wp-json\/wp\/v2\/types\/post"}],"author":[{"embeddable":true,"href":"https:\/\/lestracesdelinfo.com\/index.php\/wp-json\/wp\/v2\/users\/2"}],"replies":[{"embeddable":true,"href":"https:\/\/lestracesdelinfo.com\/index.php\/wp-json\/wp\/v2\/comments?post=58706"}],"version-history":[{"count":1,"href":"https:\/\/lestracesdelinfo.com\/index.php\/wp-json\/wp\/v2\/posts\/58706\/revisions"}],"predecessor-version":[{"id":58709,"href":"https:\/\/lestracesdelinfo.com\/index.php\/wp-json\/wp\/v2\/posts\/58706\/revisions\/58709"}],"wp:featuredmedia":[{"embeddable":true,"href":"https:\/\/lestracesdelinfo.com\/index.php\/wp-json\/wp\/v2\/media\/58708"}],"wp:attachment":[{"href":"https:\/\/lestracesdelinfo.com\/index.php\/wp-json\/wp\/v2\/media?parent=58706"}],"wp:term":[{"taxonomy":"category","embeddable":true,"href":"https:\/\/lestracesdelinfo.com\/index.php\/wp-json\/wp\/v2\/categories?post=58706"},{"taxonomy":"post_tag","embeddable":true,"href":"https:\/\/lestracesdelinfo.com\/index.php\/wp-json\/wp\/v2\/tags?post=58706"}],"curies":[{"name":"wp","href":"https:\/\/api.w.org\/{rel}","templated":true}]}}