{"id":58717,"date":"2024-08-14T11:32:02","date_gmt":"2024-08-14T11:32:02","guid":{"rendered":"https:\/\/lestracesdelinfo.com\/?p=58717"},"modified":"2024-08-14T11:32:05","modified_gmt":"2024-08-14T11:32:05","slug":"niger-lancien-president-issoufou-appelle-a-la-reconciliation-nationale","status":"publish","type":"post","link":"https:\/\/lestracesdelinfo.com\/index.php\/2024\/08\/14\/niger-lancien-president-issoufou-appelle-a-la-reconciliation-nationale\/","title":{"rendered":"Niger\u00a0: l\u2019ancien pr\u00e9sident Issoufou appelle \u00e0 la r\u00e9conciliation nationale"},"content":{"rendered":"\n<p><a href=\"https:\/\/fr.apanews.net\/category\/news\/\">News<\/a>\u00a0<img loading=\"lazy\" decoding=\"async\" width=\"32\" height=\"32\" srcset=\"https:\/\/fr.apanews.net\/wp-content\/uploads\/sites\/2\/2023\/09\/APA-Ico-48x48.png 48w, https:\/\/fr.apanews.net\/wp-content\/uploads\/sites\/2\/2023\/09\/APA-Ico-300x300.png 300w, https:\/\/fr.apanews.net\/wp-content\/uploads\/sites\/2\/2023\/09\/APA-Ico-150x150.png 150w, https:\/\/fr.apanews.net\/wp-content\/uploads\/sites\/2\/2023\/09\/APA-Ico-70x70.png 70w, https:\/\/fr.apanews.net\/wp-content\/uploads\/sites\/2\/2023\/09\/APA-Ico-450x450.png 450w, https:\/\/fr.apanews.net\/wp-content\/uploads\/sites\/2\/2023\/09\/APA-Ico-24x24.png 24w, https:\/\/fr.apanews.net\/wp-content\/uploads\/sites\/2\/2023\/09\/APA-Ico-96x96.png 96w, https:\/\/fr.apanews.net\/wp-content\/uploads\/sites\/2\/2023\/09\/APA-Ico.png 512w\" src=\"https:\/\/fr.apanews.net\/wp-content\/uploads\/sites\/2\/2023\/09\/APA-Ico-48x48.png\" alt=\"APA-Niamey (Niger)\"><a>APA-Niamey (Niger<\/a><\/p>\n\n\n\n<figure class=\"wp-block-image\"><img decoding=\"async\" src=\"https:\/\/fr.apanews.net\/wp-content\/uploads\/sites\/2\/2024\/08\/Fyly3ibWYAIVuXr-1024x815.jpeg\" alt=\"\" title=\"Niger\u00a0: l\u2019ancien pr\u00e9sident Issoufou appelle \u00e0 la r\u00e9conciliation nationale\"\/><\/figure>\n\n\n\n<p>Partager<\/p>\n\n\n\n<p><a href=\"https:\/\/www.facebook.com\/sharer.php?u=https%3A%2F%2Ffr.apanews.net%2Fnews%2Fniger-lancien-president-issoufou-appelle-a-la-reconciliation-nationale%2F\" target=\"_blank\" rel=\"noreferrer noopener\"><\/a><a href=\"https:\/\/twitter.com\/intent\/tweet?url=https%3A%2F%2Ffr.apanews.net%2Fnews%2Fniger-lancien-president-issoufou-appelle-a-la-reconciliation-nationale%2F&amp;text=Niger%C2%A0%3A%20l%E2%80%99ancien%20pr%C3%A9sident%20Issoufou%20appelle%20%C3%A0%20la%20r%C3%A9conciliation%20nationale\" target=\"_blank\" rel=\"noreferrer noopener\"><\/a><a href=\"https:\/\/wa.me\/?text=Niger%C2%A0%3A%20l%E2%80%99ancien%20pr%C3%A9sident%20Issoufou%20appelle%20%C3%A0%20la%20r%C3%A9conciliation%20nationale%20https%3A%2F%2Ffr.apanews.net%2Fnews%2Fniger-lancien-president-issoufou-appelle-a-la-reconciliation-nationale%2F\" target=\"_blank\" rel=\"noreferrer noopener\"><\/a><a href=\"mailto:?subject=Niger%C2%A0%3A%20l%E2%80%99ancien%20pr%C3%A9sident%20Issoufou%20appelle%20%C3%A0%20la%20r%C3%A9conciliation%20nationale&amp;body=https%3A%2F%2Ffr.apanews.net%2Fnews%2Fniger-lancien-president-issoufou-appelle-a-la-reconciliation-nationale%2F\" target=\"_blank\" rel=\"noreferrer noopener\"><\/a><a href=\"https:\/\/www.linkedin.com\/shareArticle?mini=true&amp;url=https%3A%2F%2Ffr.apanews.net%2Fnews%2Fniger-lancien-president-issoufou-appelle-a-la-reconciliation-nationale%2F\" target=\"_blank\" rel=\"noreferrer noopener\"><\/a><a href=\"https:\/\/t.me\/share\/url?url=https%3A%2F%2Ffr.apanews.net%2Fnews%2Fniger-lancien-president-issoufou-appelle-a-la-reconciliation-nationale%2F&amp;title=Niger%C2%A0%3A%20l%E2%80%99ancien%20pr%C3%A9sident%20Issoufou%20appelle%20%C3%A0%20la%20r%C3%A9conciliation%20nationale\" target=\"_blank\" rel=\"noreferrer noopener\"><\/a><\/p>\n\n\n\n<p><strong>L\u2019ancien chef d\u2019Etat Mahamadou Issoufou s\u2019est engag\u00e9 \u00e0 contribuer \u00e0 une solution pacifique de la crise politique au Niger, impliquant la lib\u00e9ration des prisonniers politiques dont son successeur Mohamed Bazoum.<\/strong><\/p>\n\n\n\n<p>En r\u00e9ponse \u00e0 une lettre du comit\u00e9 du Prix Mo Ibrahim, l\u2019ancien pr\u00e9sident nig\u00e9rien, Issoufou Mahamadou (2011-2021), s\u2019est exprim\u00e9 sur la situation politique actuelle de son pays. Dans sa r\u00e9ponse, dat\u00e9e du 1er ao\u00fbt mais rendue publique deux semaines plus tard, il a expliqu\u00e9 implicitement \u00eatre l\u2019une des victimes des nouvelles autorit\u00e9s malgr\u00e9 les accusations port\u00e9es contre lui.<\/p>\n\n\n\n<p>Depuis plus d\u2019un an, le Niger est dirig\u00e9 par une junte militaire et de nombreuses voix accusent en effet le Pr\u00e9sident Issoufou d\u2019avoir jou\u00e9 un r\u00f4le dans le renversement de son successeur, Mohamed Bazoum, le 26 juillet 2023.<\/p>\n\n\n\n<p>Issoufou Mahamadou a d\u2019abord soulign\u00e9 l\u2019incarc\u00e9ration prolong\u00e9e de son fils, Sani Issoufou Mahamadou, ancien ministre du P\u00e9trole, qui est d\u00e9tenu \u00ab&nbsp;<em>dans une prison situ\u00e9e \u00e0 200 kilom\u00e8tres de la capitale<\/em>&nbsp;\u00bb. Cette d\u00e9tention s\u2019ajoute \u00e0 celle du pr\u00e9sident d\u00e9chu Mohamed Bazoum, de son \u00e9pouse ainsi que d\u2019autres personnalit\u00e9s politiques depuis plus d\u2019un an.<\/p>\n\n\n\n<p>Afin de dissiper tout doute sur son implication, l\u2019ancien chef d\u2019Etat a r\u00e9it\u00e9r\u00e9 sa condamnation du coup d\u2019\u00c9tat men\u00e9 par le g\u00e9n\u00e9ral Abdourahamane Tiani, ancien chef de la garde pr\u00e9sidentielle sous ses deux mandats et celui de son successeur.&nbsp;Il a affirm\u00e9 son attachement aux principes d\u00e9mocratiques et \u00e0 l\u2019\u00c9tat de droit, rappelant les efforts qu\u2019il avait initialement d\u00e9ploy\u00e9s pour trouver une solution n\u00e9goci\u00e9e \u00e0 la crise.<\/p>\n\n\n\n<p>Issoufou s\u2019est \u00e9galement prononc\u00e9 contre une intervention militaire de la Communaut\u00e9 \u00e9conomique des \u00c9tats de l\u2019Afrique de l\u2019Ouest (C\u00e9d\u00e9ao), craignant qu\u2019elle n\u2019accentue la d\u00e9stabilisation de la r\u00e9gion. Cette option avait \u00e9t\u00e9 envisag\u00e9e par les chefs d\u2019\u00c9tat ouest-africains d\u00e8s les premi\u00e8res heures du coup d\u2019\u00c9tat du g\u00e9n\u00e9ral Tiani, avant d\u2019\u00eatre apparemment \u00e9cart\u00e9e sous la pression des r\u00e9gimes militaires du Mali et du Burkina Faso. Ces deux pays, avec le Niger, ont depuis annonc\u00e9 leur d\u00e9part de la C\u00e9d\u00e9ao pour mettre en place l\u2019Alliance des \u00c9tats du Sahel (AES).<\/p>\n\n\n\n<p>Apr\u00e8s avoir quitt\u00e9 le pouvoir de mani\u00e8re d\u00e9mocratique apr\u00e8s deux mandats, le pr\u00e9sident Issoufou a rappel\u00e9 son r\u00f4le dans la r\u00e9alisation de la premi\u00e8re alternance d\u00e9mocratique de l\u2019histoire du Niger en 2021 en d\u00e9pit des nombreuses tentatives de coup d\u2019\u00c9tat qu\u2019il a d\u00e9jou\u00e9es au cours de ses mandats. Il a compar\u00e9 l\u2019instabilit\u00e9 chronique de son pays au \u00ab&nbsp;<em>mythe de Sisyphe&nbsp;<\/em>\u00bb, appelant \u00e0 une solution structurelle pour sortir de ce cycle d\u2019instabilit\u00e9 politique.<\/p>\n\n\n\n<p>Il a lanc\u00e9 un appel \u00e0 l\u2019unit\u00e9 et \u00e0 la r\u00e9conciliation nationale, exhortant les Nig\u00e9riens \u00e0 \u00ab&nbsp;se ressaisir, tirer les le\u00e7ons du pass\u00e9, mettre fin aux querelles et divisions st\u00e9riles, \u00e9viter l\u2019\u00e9ternel recommencement, se pardonner, se r\u00e9concilier et \u0153uvrer ensemble pour stabiliser durablement le pays&nbsp;\u00bb.<\/p>\n\n\n\n<p>R\u00e9affirmant son opposition \u00e0 toute violence ou intervention ext\u00e9rieure, Issoufou Mahamadou s\u2019est engag\u00e9 \u00e0 contribuer \u00e0 une solution pacifique de la crise politique, y compris par la lib\u00e9ration des prisonniers politiques, dans le but de retrouver un \u00ab&nbsp;Niger stable, en paix et prosp\u00e8re&nbsp;\u00bb.<\/p>\n\n\n\n<p><strong>ODL\/ac\/APA<\/strong><\/p>\n","protected":false},"excerpt":{"rendered":"<p>News\u00a0APA-Niamey (Niger Partager L\u2019ancien chef d\u2019Etat Mahamadou Issoufou s\u2019est engag\u00e9 \u00e0 contribuer \u00e0 une solution pacifique de la crise politique au Niger, impliquant la lib\u00e9ration des prisonniers politiques dont son successeur Mohamed Bazoum. En r\u00e9ponse \u00e0 une lettre du comit\u00e9 du Prix Mo Ibrahim, l\u2019ancien pr\u00e9sident nig\u00e9rien, Issoufou Mahamadou (2011-2021), s\u2019est exprim\u00e9 sur la situation [&hellip;]<\/p>\n","protected":false},"author":2,"featured_media":58718,"comment_status":"open","ping_status":"open","sticky":false,"template":"","format":"standard","meta":{"footnotes":""},"categories":[1447],"tags":[],"class_list":["post-58717","post","type-post","status-publish","format-standard","has-post-thumbnail","hentry","category-afrique"],"_links":{"self":[{"href":"https:\/\/lestracesdelinfo.com\/index.php\/wp-json\/wp\/v2\/posts\/58717","targetHints":{"allow":["GET"]}}],"collection":[{"href":"https:\/\/lestracesdelinfo.com\/index.php\/wp-json\/wp\/v2\/posts"}],"about":[{"href":"https:\/\/lestracesdelinfo.com\/index.php\/wp-json\/wp\/v2\/types\/post"}],"author":[{"embeddable":true,"href":"https:\/\/lestracesdelinfo.com\/index.php\/wp-json\/wp\/v2\/users\/2"}],"replies":[{"embeddable":true,"href":"https:\/\/lestracesdelinfo.com\/index.php\/wp-json\/wp\/v2\/comments?post=58717"}],"version-history":[{"count":1,"href":"https:\/\/lestracesdelinfo.com\/index.php\/wp-json\/wp\/v2\/posts\/58717\/revisions"}],"predecessor-version":[{"id":58719,"href":"https:\/\/lestracesdelinfo.com\/index.php\/wp-json\/wp\/v2\/posts\/58717\/revisions\/58719"}],"wp:featuredmedia":[{"embeddable":true,"href":"https:\/\/lestracesdelinfo.com\/index.php\/wp-json\/wp\/v2\/media\/58718"}],"wp:attachment":[{"href":"https:\/\/lestracesdelinfo.com\/index.php\/wp-json\/wp\/v2\/media?parent=58717"}],"wp:term":[{"taxonomy":"category","embeddable":true,"href":"https:\/\/lestracesdelinfo.com\/index.php\/wp-json\/wp\/v2\/categories?post=58717"},{"taxonomy":"post_tag","embeddable":true,"href":"https:\/\/lestracesdelinfo.com\/index.php\/wp-json\/wp\/v2\/tags?post=58717"}],"curies":[{"name":"wp","href":"https:\/\/api.w.org\/{rel}","templated":true}]}}