{"id":58721,"date":"2024-08-14T15:43:12","date_gmt":"2024-08-14T15:43:12","guid":{"rendered":"https:\/\/lestracesdelinfo.com\/?p=58721"},"modified":"2024-08-14T15:45:09","modified_gmt":"2024-08-14T15:45:09","slug":"afrique-nous-devons-mettre-les-emotions-de-cote-et-travailler-sur-la-base-de-preoccupations-concretes-declare-ousmane-sonko","status":"publish","type":"post","link":"https:\/\/lestracesdelinfo.com\/index.php\/2024\/08\/14\/afrique-nous-devons-mettre-les-emotions-de-cote-et-travailler-sur-la-base-de-preoccupations-concretes-declare-ousmane-sonko\/","title":{"rendered":"Afrique\u00a0: \u00ab\u00a0Nous devons mettre les \u00e9motions de c\u00f4t\u00e9 et travailler sur la base de pr\u00e9occupations concr\u00e8tes\u00a0\u00bb, d\u00e9clare Ousmane Sonko"},"content":{"rendered":"\n<p><strong>\u00a0\u00a0<\/strong><a href=\"mailto:?subject=LeFaso.net%20-%20%C3%A0%20lire%20:%20Afrique%C2%A0:%20%C2%AB%C2%A0Nous%20devons%20mettre%20les%20%C3%A9motions%20de%20c%C3%B4t%C3%A9%20et%20travailler%20sur%20la%20base%20de%20pr%C3%A9occupations%20concr%C3%A8tes%C2%A0%C2%BB,%20d%C3%A9clare%20Ousmane%20Sonko&amp;body=Afrique%C2%A0:%20%C2%AB%C2%A0Nous%20devons%20mettre%20les%20%C3%A9motions%20de%20c%C3%B4t%C3%A9%20et%20travailler%20sur%20la%20base%20de%20pr%C3%A9occupations%20concr%C3%A8tes%C2%A0%C2%BB,%20d%C3%A9clare%20Ousmane%20Sonko.%0D%0A%0D%0ALe%20Premier%20ministre%20s%C3%A9n%C3%A9galais,%20Ousmane%20Sonko,%20a%20effectu%C3%A9%20une%20visite%20de%20travail%20et%20d%E2%80%99amiti%C3%A9%20au%20Mali%20le%2012%20ao%C3%BBt%202024.%20Cette%20visite%20s%E2%80%99est%20inscrit%20%C3%A9galement%20dans%20le%20cadre%20des%20efforts%20diplomatiques%20du%20S%C3%A9n%C3%A9gal%20pour%20convaincre%20le%20Mali,%20de%20r%C3%A9int%C3%A9grer%20la%20Communaut%C3%A9%20%C3%A9conomique%20des%20%C3%89tats%20de%20l%E2%80%99Afrique%20de%20l%E2%80%99Ouest%20(CEDEAO).%0D%0A%0D%0Ahttps:\/\/lefaso.net\/spip.php?article132275\"><\/a>\u00a0<a href=\"https:\/\/www.facebook.com\/sharer\/sharer.php?u=https:\/\/lefaso.net\/spip.php?article132275&amp;display=popup\" target=\"_blank\" rel=\"noreferrer noopener\"><\/a>\u00a0<a href=\"https:\/\/twitter.com\/intent\/tweet?url=https:\/\/lefaso.net\/spip.php?article132275&amp;text=Afrique%C2%A0:%20%C2%AB%C2%A0Nous%20devons%20mettre%20les%20%C3%A9motions%20de%20c%C3%B4t%C3%A9%20et%20travailler%20sur%20la%20base%20de%20pr%C3%A9occupations%20concr%C3%A8tes%C2%A0%C2%BB,%20d%C3%A9clare%20Ousmane%20Sonko\" target=\"_blank\" rel=\"noreferrer noopener\"><\/a>\u00a0<a href=\"https:\/\/www.linkedin.com\/sharing\/share-offsite\/?url=https:\/\/lefaso.net\/spip.php?article132275\" target=\"_blank\" rel=\"noreferrer noopener\"><\/a>\u00a0<a href=\"\/\/lefaso.net\/spip.php?article132275\" target=\"_blank\" rel=\"noreferrer noopener\"><\/a>\u00a0<a href=\"https:\/\/telegram.me\/share\/url?url=https:\/\/lefaso.net\/spip.php?article132275&amp;text=Afrique%C2%A0:%20%C2%AB%C2%A0Nous%20devons%20mettre%20les%20%C3%A9motions%20de%20c%C3%B4t%C3%A9%20et%20travailler%20sur%20la%20base%20de%20pr%C3%A9occupations%20concr%C3%A8tes%C2%A0%C2%BB,%20d%C3%A9clare%20Ousmane%20Sonko\" target=\"_blank\" rel=\"noreferrer noopener\"><\/a>\u00a0<a href=\"https:\/\/lefaso.net\/?page=impression&amp;id_article=132275\"><\/a><\/p>\n\n\n\n<p><img decoding=\"async\" src=\"https:\/\/lefaso.net\/local\/cache-vignettes\/L680xH499\/whatsapp_image_2024-08-14_at_12.06_51-874f4.jpg?1723641264\" width=\"100%\" alt=\"Afrique&nbsp;: \u00ab&nbsp;Nous devons mettre les \u00e9motions de c\u00f4t\u00e9 et travailler sur la base de pr\u00e9occupations concr\u00e8tes&nbsp;\u00bb, d\u00e9clare Ousmane Sonko\"><\/p>\n\n\n\n<h3 class=\"wp-block-heading\">Le Premier ministre s\u00e9n\u00e9galais, Ousmane Sonko, a effectu\u00e9 une visite de travail et d\u2019amiti\u00e9 au Mali le 12 ao\u00fbt 2024. Cette visite s\u2019est inscrit \u00e9galement dans le cadre des efforts diplomatiques du S\u00e9n\u00e9gal pour convaincre le Mali, de r\u00e9int\u00e9grer la Communaut\u00e9 \u00e9conomique des \u00c9tats de l\u2019Afrique de l\u2019Ouest (CEDEAO).<\/h3>\n\n\n\n<p>Depuis la victoire de son parti \u00e0 la pr\u00e9sidentielle en mars 2024, c\u2019est la premi\u00e8re fois que le chef du gouvernement du S\u00e9n\u00e9gal, Ousmane Sonko, se rend au Mali. La coop\u00e9ration entre les deux pays a \u00e9t\u00e9 au menu de cette visite mais \u00e9galement l\u2019actualit\u00e9 de la sous-r\u00e9gion, notamment celle de l\u2019Alliance des \u00c9tats du Sahel (AES).<\/p>\n\n\n\n<p>\u00c0 l\u2019issue d\u2019une audience avec le pr\u00e9sident malien, le colonel Assimi Go\u00efta, le Premier ministre Ousmane Sonko, a livr\u00e9 une d\u00e9claration. Selon Africa News, il a soulign\u00e9 l\u2019importance de d\u00e9passer les divergences pour favoriser l\u2019unit\u00e9 r\u00e9gionale. \u00ab&nbsp;Nous devons mettre les \u00e9motions de c\u00f4t\u00e9 et travailler sur la base de pr\u00e9occupations concr\u00e8tes. Si nous sommes panafricanistes, chaque panafricaniste doit avoir pour seul objectif l\u2019unit\u00e9 des Africains au-del\u00e0 de nos diff\u00e9rences&nbsp;\u00bb, a-t-il d\u00e9clar\u00e9.<\/p>\n\n\n\n<p>Ousmane Sonko a \u00e9galement insist\u00e9 sur la n\u00e9cessit\u00e9 de recr\u00e9er un lien fort entre les pays, rappelant l\u2019importance de l\u2019unit\u00e9 historique de la r\u00e9gion. \u00ab&nbsp;Quelles que soient nos diff\u00e9rences, essayons, comme nos a\u00een\u00e9s l\u2019ont fait, de recr\u00e9er l\u2019empire malien qui s\u2019\u00e9tendait d\u2019ici au S\u00e9n\u00e9gal, au Ghana et partout ailleurs&nbsp;\u00bb, a-t-il ajout\u00e9.<\/p>\n\n\n\n<p><strong>Maintenir des liens forts entre le S\u00e9n\u00e9gal et le Mali<\/strong><\/p>\n\n\n\n<p>Depuis le palais pr\u00e9sidentiel malien, l\u2019ancien opposant s\u00e9n\u00e9galais a rappel\u00e9 la constance de sa position. \u00ab&nbsp;Nous avons \u00e9t\u00e9 en tant qu\u2019opposant les premiers \u00e0 d\u00e9noncer fermement l\u2019embargo qui a \u00e9t\u00e9 fait sur le Mali par des pays fr\u00e8res et malheureusement parmi lesquels notre propre pays. Je l\u2019avais, au nom de mon parti d\u00e9nonc\u00e9, je continue \u00e0 le d\u00e9noncer. Et comme je l\u2019ai dit, sous notre r\u00e9gime, ce genre de pratiques ne pourront jamais prosp\u00e9rer, et personne ne passera par le S\u00e9n\u00e9gal pour d\u00e9stabiliser le Mali ou aucun autre pays fr\u00e8re, ou alors lui imposer des sanctions de cette nature&nbsp;\u00bb, a-t-il d\u00e9velopp\u00e9.<\/p>\n\n\n\n<p>Ainsi, il a r\u00e9affirm\u00e9 la volont\u00e9 de maintenir des liens forts entre le S\u00e9n\u00e9gal et le Mali \u00ab&nbsp;en accord avec les r\u00e9alit\u00e9s g\u00e9ographiques, historiques, \u00e9conomiques et sociales qui nous imposent d\u2019\u00eatre deux nations tr\u00e8s unies et de continuer \u00e0 coop\u00e9rer \u00e0 tous les niveaux&nbsp;\u00bb.<\/p>\n\n\n\n<p><strong>\u00ab&nbsp;Nous continuerons \u00e0 travailler&nbsp;\u00bb<\/strong><\/p>\n\n\n\n<p>En ce qui concerne l\u2019Alliance des \u00c9tats du Sahel (AES), Ousmane Sonko dit respecter et comprendre les choix de ces pays. \u00ab&nbsp;Nous sommes tous des pays souverains, nous devons nous respecter dans nos choix souverains et nous respectons le Mali dans ses choix, nous respectons le Burkina dans ses choix. Nous respectons tout le monde. Des choix que nous comprenons&nbsp;\u00bb, a-t-il soulign\u00e9.<\/p>\n\n\n\n<p>Il faut noter que dans l\u2019espace de l\u2019AES, il y a souvent des critiques \u00e0 l\u2019\u00e9gard de l\u2019actuel r\u00e9gime s\u00e9n\u00e9galais dans sa d\u00e9marche pour le retour dans la Communaut\u00e9 \u00e9conomique des \u00c9tats de l\u2019Afrique de l\u2019Ouest (CEDEAO). \u00ab&nbsp;Depuis quand peut-on reprocher \u00e0 un panafricaniste de tout faire pour qu\u2019on reste dans des cadres solides plut\u00f4t que de nous diviser&nbsp;? Nous continuerons \u00e0 travailler. Je l\u2019ai dit, quel que soit l\u2019aboutissement ou le choix qui a \u00e9t\u00e9 fait, cela ne changera absolument rien dans nos relations avec chacun des pays&nbsp;\u00bb, a-t-il d\u00e9clar\u00e9.<\/p>\n\n\n\n<p>Quant \u00e0 une \u00e9ventuelle int\u00e9gration du S\u00e9n\u00e9gal dans l\u2019AES, Ousmane Sonko a \u00ab&nbsp;pr\u00e9cis\u00e9 qu\u2019\u00e0 aucun moment, il n\u2019a dit que le S\u00e9n\u00e9gal allait rejoindre l\u2019AES&nbsp;\u00bb, rapporte l\u2019Agence d\u2019information du Burkina (AIB).<\/p>\n\n\n\n<p>Au cours de cette visite d\u2019amiti\u00e9 et de travail, le Premier ministre s\u00e9n\u00e9galais a aussi pr\u00e9sent\u00e9 ses condol\u00e9ances au peuple malien qui a perdu des soldats en juillet 2024 dans des attaques perp\u00e9tr\u00e9es par des terroristes.<\/p>\n\n\n\n<p>Pour rappel, le 16 septembre 2023, le Mali, le Burkina Faso et le Niger avaient annonc\u00e9 la signature de la Charte du Liptako-Gourma, cr\u00e9ant ainsi l\u2019Alliance des \u00c9tats du Sahel (AES). Ils ont quitt\u00e9 la CEDEAO en janvier 2024.<\/p>\n\n\n\n<p><strong>Cryspin Laoundiki<br>Lefaso.net<\/strong><\/p>\n","protected":false},"excerpt":{"rendered":"<p>\u00a0\u00a0\u00a0\u00a0\u00a0\u00a0\u00a0\u00a0 Le Premier ministre s\u00e9n\u00e9galais, Ousmane Sonko, a effectu\u00e9 une visite de travail et d\u2019amiti\u00e9 au Mali le 12 ao\u00fbt 2024. Cette visite s\u2019est inscrit \u00e9galement dans le cadre des efforts diplomatiques du S\u00e9n\u00e9gal pour convaincre le Mali, de r\u00e9int\u00e9grer la Communaut\u00e9 \u00e9conomique des \u00c9tats de l\u2019Afrique de l\u2019Ouest (CEDEAO). Depuis la victoire de son [&hellip;]<\/p>\n","protected":false},"author":2,"featured_media":58723,"comment_status":"open","ping_status":"open","sticky":false,"template":"","format":"standard","meta":{"footnotes":""},"categories":[1447],"tags":[],"class_list":["post-58721","post","type-post","status-publish","format-standard","has-post-thumbnail","hentry","category-afrique"],"_links":{"self":[{"href":"https:\/\/lestracesdelinfo.com\/index.php\/wp-json\/wp\/v2\/posts\/58721","targetHints":{"allow":["GET"]}}],"collection":[{"href":"https:\/\/lestracesdelinfo.com\/index.php\/wp-json\/wp\/v2\/posts"}],"about":[{"href":"https:\/\/lestracesdelinfo.com\/index.php\/wp-json\/wp\/v2\/types\/post"}],"author":[{"embeddable":true,"href":"https:\/\/lestracesdelinfo.com\/index.php\/wp-json\/wp\/v2\/users\/2"}],"replies":[{"embeddable":true,"href":"https:\/\/lestracesdelinfo.com\/index.php\/wp-json\/wp\/v2\/comments?post=58721"}],"version-history":[{"count":1,"href":"https:\/\/lestracesdelinfo.com\/index.php\/wp-json\/wp\/v2\/posts\/58721\/revisions"}],"predecessor-version":[{"id":58722,"href":"https:\/\/lestracesdelinfo.com\/index.php\/wp-json\/wp\/v2\/posts\/58721\/revisions\/58722"}],"wp:featuredmedia":[{"embeddable":true,"href":"https:\/\/lestracesdelinfo.com\/index.php\/wp-json\/wp\/v2\/media\/58723"}],"wp:attachment":[{"href":"https:\/\/lestracesdelinfo.com\/index.php\/wp-json\/wp\/v2\/media?parent=58721"}],"wp:term":[{"taxonomy":"category","embeddable":true,"href":"https:\/\/lestracesdelinfo.com\/index.php\/wp-json\/wp\/v2\/categories?post=58721"},{"taxonomy":"post_tag","embeddable":true,"href":"https:\/\/lestracesdelinfo.com\/index.php\/wp-json\/wp\/v2\/tags?post=58721"}],"curies":[{"name":"wp","href":"https:\/\/api.w.org\/{rel}","templated":true}]}}