{"id":58738,"date":"2024-08-15T23:30:14","date_gmt":"2024-08-15T23:30:14","guid":{"rendered":"https:\/\/lestracesdelinfo.com\/?p=58738"},"modified":"2024-08-15T23:30:58","modified_gmt":"2024-08-15T23:30:58","slug":"le-pm-recoit-une-lettre-de-missions-pour-la-mise-en-oeuvre-du-programme-mes-ambitions-pour-la-patrie","status":"publish","type":"post","link":"https:\/\/lestracesdelinfo.com\/index.php\/2024\/08\/15\/le-pm-recoit-une-lettre-de-missions-pour-la-mise-en-oeuvre-du-programme-mes-ambitions-pour-la-patrie\/","title":{"rendered":"Le PM re\u00e7oit une lettre de missions pour la mise en \u0153uvre du programme \u00ab Mes ambitions pour la Patrie \u00bb"},"content":{"rendered":"\n<p><img loading=\"lazy\" decoding=\"async\" src=\"https:\/\/cridem.org\/media\/photos\/photo\/ghazouani_pm_diay_MDY15082402.jpg\" alt=\"Le PM re\u00e7oit une lettre de missions pour la mise en \u0153uvre du programme \u00ab Mes ambitions pour la Patrie \u00bb\" width=\"300\" height=\"200\"><\/p>\n\n\n\n<p>AMI &#8211; Son Excellence le Pr\u00e9sident de la R\u00e9publique, Monsieur Mohamed Ould Cheikh El Ghazouani a remis, jeudi au Palais pr\u00e9sidentiel, une lettre de missions au Premier ministre M. Mokhtar Ould Diay.<br><br>Dans cette lettre, le Pr\u00e9sident de la R\u00e9publique a consign\u00e9 les t\u00e2ches relevant de ce mandat avec instruction de les conduire de fa\u00e7on compl\u00e9mentaire de mani\u00e8re \u00e0 concr\u00e9tiser de notre ambition et de contribuer \u00e0 la r\u00e9alisation des aspirations du peuple, du pays, de la r\u00e9gion et du monde sur la voie de la stabilit\u00e9, de la croissance et la prosp\u00e9rit\u00e9, ainsi que le renforcement de notre syst\u00e8me d\u00e9mocratique dans un cadre d\u2019ouverture, de coop\u00e9ration et de respect mutuel entre toutes les composantes de l\u2019\u00e9chiquier politique.<br><br>Il s\u2019agit aussi, au travers de ces missions, de faire de notre pays une patrie dont les fils sont fiers de lui appartenir, prompts \u00e0 la prot\u00e9ger, \u00e0 pr\u00e9server les valeurs insignes de notre sainte religion l\u2019Islam, \u00e0 sauvegarder leur identit\u00e9 civilisationnelle dans toute sa richesse et sa diversit\u00e9 tout en renfor\u00e7ant les liens forts de la citoyennet\u00e9 r\u00e9publicaine fond\u00e9e sur l\u2019\u00e9galit\u00e9 dans la dignit\u00e9, les droits et les devoirs, dans une soci\u00e9t\u00e9 d\u00e9mocratique ouverte, unie, harmonieuse et imbue de sa culture diverse et riche.<br><br>Avant de d\u00e9tailler les missions assign\u00e9es au Premier ministre, Son Excellence le Pr\u00e9sident de la R\u00e9publique a soulign\u00e9 que ces missions doivent \u00eatre conduites dans le strict respect des principes de la constitution, particuli\u00e8rement des dispositions consacrant la s\u00e9paration des pouvoirs l\u00e9gislatif, ex\u00e9cutif et judiciaire avec l\u2019observation de l\u2019ind\u00e9pendance de chacune de ces sph\u00e8res et la souplesse dans leur interaction entre elles.<br><br>Il a \u00e9galement soulign\u00e9 qu\u2019il attend de l\u2019action du gouvernement de consolider les acquis accomplis au cours du premier mandat et de mettre l\u2019accent sur la r\u00e9alisation des objectifs cl\u00e9s du programme \u00e9lectoral \u00ab Mes ambitions pour la Patrie \u00bb qui a joui du large pl\u00e9biscite des citoyens qui ont r\u00e9investi le Pr\u00e9sident de la R\u00e9publique de leur confiance, donnant \u00e0 ce programme force de pacte et d\u2019engagement.<br><br>Il appartient au gouvernement, a-t-il dit, de d\u00e9cliner cet engagement en strat\u00e9gies appropri\u00e9es et en plans d\u2019action pertinents pour, entre autres, atteindre les objectifs suivants :<br><br>Premi\u00e8rement :<br><br>Parfaire la construction de l\u2019\u00c9tat de droit et d\u2019institutions solides avec une gouvernance efficace et moderne gr\u00e2ce \u00e0 l\u2019acc\u00e9l\u00e9ration du rythme des r\u00e9formes n\u00e9cessaires \u00e0 la consolidation de nos institutions d\u00e9mocratiques, \u00e0 la mise \u00e0 niveau de notre syst\u00e8me judiciaire, conform\u00e9ment aux aspirations l\u00e9gitimes de nos citoyens \u00e0 la pr\u00e9valence de la justice et de l\u2019\u00e9quit\u00e9 ainsi que gr\u00e2ce \u00e0 la lutte implacable et sans concession contre la gabegie en plus de la moralisation de la vie publique.<br><br>Deuxi\u00e8mement :<br><br>L\u2019impulsion d\u2019une \u00e9conomie performante, croissante et durable sur le plan environnemental gr\u00e2ce \u00e0 la transformation structurelle g\u00e9n\u00e9ratrice d\u2019une forte croissance fond\u00e9e sur le principe de la concurrence, la diversit\u00e9 et sa capacit\u00e9 de r\u00e9silience.<br><br>Troisi\u00e8mement :<br><br>Le d\u00e9veloppement du capital humain, particuli\u00e8rement chez les jeunes qui sont le moyen et la finalit\u00e9 de toute action pr\u00e9sente ou future. A cet effet, les efforts devront porter sur une r\u00e9forme globale de notre syst\u00e8me \u00e9ducatif, le renforcement de l\u2019\u00e9cole r\u00e9publicaine ainsi que l\u2019am\u00e9lioration de la qualit\u00e9, de l\u2019exhaustivit\u00e9 et de l\u2019efficacit\u00e9 de l\u2019enseignement et de la formation \u00e0 tous les niveaux.<br><br>Quatri\u00e8mement :<br><br>L\u2019appui \u00e0 l\u2019int\u00e9gration sociale pour garantir l\u2019harmonie et la coh\u00e9sion de la soci\u00e9t\u00e9 et renforcer l\u2019unit\u00e9 nationale en concevant et mettant en \u0153uvre des m\u00e9canismes efficaces pour lutter contre la pauvret\u00e9 et les disparit\u00e9s \u00e9conomiques et sociales.<br><br>Pour l\u2019atteinte des objections qui d\u00e9coulent de ces axes cl\u00e9s, le Pr\u00e9sident de la R\u00e9publique a fait observer l\u2019imp\u00e9ratif pour tous les d\u00e9partements minist\u00e9riels de respecter les principes de la gouvernance publique et de la transparence pr\u00e9cisant qu\u2019un plan d\u2019action gouvernemental global avec des plans d\u2019action sectoriels assortis de chronogrammes de r\u00e9alisation et coupl\u00e9s \u00e0 des indicateurs \u00e0 court et \u00e0 long terme pour suivre l\u2019\u00e9volution de la mise en \u0153uvre du plan sont indispensables au suivi de la mise en \u0153uvre du programme ainsi que des diff\u00e9rents autres projets de d\u00e9veloppement.<br><br>Son Excellence le Pr\u00e9sident de la R\u00e9publique a soulign\u00e9 l\u2019obligation pour toutes les entit\u00e9s publiques de travailler efficacement et en synergie pour que les citoyens ressentent une am\u00e9lioration positive de mani\u00e8re aussi \u00e0 ce que les performances se r\u00e9percutent sur leur v\u00e9cu quotidien. C\u2019est l\u00e0 l\u2019objectif ultime de toute action publique, a-t-il assur\u00e9 avant de noter qu\u2019il r\u00e9alise pleinement l\u2019ampleur de la mission assign\u00e9e au gouvernement qui b\u00e9n\u00e9ficiera de son soutien sans r\u00e9serve et fera de sa part l\u2019objet d\u2019un suivi rigoureux.<br><br>La c\u00e9r\u00e9monie de de remise de la lettre de missions s\u2019est d\u00e9roul\u00e9e en pr\u00e9sence du secr\u00e9taire g\u00e9n\u00e9ral de la Pr\u00e9sidence de la R\u00e9publique, M. Moulaye Ould Mohamed Laghdhaf, du ministre conseiller \u00e0 la Pr\u00e9sidence de la R\u00e9publique, M. Mohamed Ould Abdallahi Ould Ethmane, du ministre charg\u00e9 du cabinet du Pr\u00e9sidence de la R\u00e9publique, M. Nani Ould Chrougha, et l\u2019amiral Isselkou Ould Cheikh El Weli, chef d\u2019\u00e9tat-major particulier du Pr\u00e9sident de la R\u00e9publique.<\/p>\n","protected":false},"excerpt":{"rendered":"<p>AMI &#8211; Son Excellence le Pr\u00e9sident de la R\u00e9publique, Monsieur Mohamed Ould Cheikh El Ghazouani a remis, jeudi au Palais pr\u00e9sidentiel, une lettre de missions au Premier ministre M. Mokhtar Ould Diay. Dans cette lettre, le Pr\u00e9sident de la R\u00e9publique a consign\u00e9 les t\u00e2ches relevant de ce mandat avec instruction de les conduire de fa\u00e7on [&hellip;]<\/p>\n","protected":false},"author":2,"featured_media":58739,"comment_status":"open","ping_status":"open","sticky":false,"template":"","format":"standard","meta":{"footnotes":""},"categories":[1449],"tags":[],"class_list":["post-58738","post","type-post","status-publish","format-standard","has-post-thumbnail","hentry","category-national"],"_links":{"self":[{"href":"https:\/\/lestracesdelinfo.com\/index.php\/wp-json\/wp\/v2\/posts\/58738","targetHints":{"allow":["GET"]}}],"collection":[{"href":"https:\/\/lestracesdelinfo.com\/index.php\/wp-json\/wp\/v2\/posts"}],"about":[{"href":"https:\/\/lestracesdelinfo.com\/index.php\/wp-json\/wp\/v2\/types\/post"}],"author":[{"embeddable":true,"href":"https:\/\/lestracesdelinfo.com\/index.php\/wp-json\/wp\/v2\/users\/2"}],"replies":[{"embeddable":true,"href":"https:\/\/lestracesdelinfo.com\/index.php\/wp-json\/wp\/v2\/comments?post=58738"}],"version-history":[{"count":1,"href":"https:\/\/lestracesdelinfo.com\/index.php\/wp-json\/wp\/v2\/posts\/58738\/revisions"}],"predecessor-version":[{"id":58740,"href":"https:\/\/lestracesdelinfo.com\/index.php\/wp-json\/wp\/v2\/posts\/58738\/revisions\/58740"}],"wp:featuredmedia":[{"embeddable":true,"href":"https:\/\/lestracesdelinfo.com\/index.php\/wp-json\/wp\/v2\/media\/58739"}],"wp:attachment":[{"href":"https:\/\/lestracesdelinfo.com\/index.php\/wp-json\/wp\/v2\/media?parent=58738"}],"wp:term":[{"taxonomy":"category","embeddable":true,"href":"https:\/\/lestracesdelinfo.com\/index.php\/wp-json\/wp\/v2\/categories?post=58738"},{"taxonomy":"post_tag","embeddable":true,"href":"https:\/\/lestracesdelinfo.com\/index.php\/wp-json\/wp\/v2\/tags?post=58738"}],"curies":[{"name":"wp","href":"https:\/\/api.w.org\/{rel}","templated":true}]}}