{"id":58751,"date":"2024-08-16T22:17:08","date_gmt":"2024-08-16T22:17:08","guid":{"rendered":"http:\/\/lestracesdelinfo.com\/?p=58751"},"modified":"2024-08-16T22:17:14","modified_gmt":"2024-08-16T22:17:14","slug":"le-president-de-la-republique-recoit-les-secretaires-generaux-des-ministeres","status":"publish","type":"post","link":"https:\/\/lestracesdelinfo.com\/index.php\/2024\/08\/16\/le-president-de-la-republique-recoit-les-secretaires-generaux-des-ministeres\/","title":{"rendered":"Le Pr\u00e9sident de la R\u00e9publique re\u00e7oit les secr\u00e9taires g\u00e9n\u00e9raux des minist\u00e8res"},"content":{"rendered":"\n<p><img loading=\"lazy\" decoding=\"async\" src=\"https:\/\/cridem.org\/media\/photos\/photo\/PR_SG_2024_005_750x430.jpg\" alt=\"Le Pr\u00e9sident de la R\u00e9publique re\u00e7oit les secr\u00e9taires g\u00e9n\u00e9raux des minist\u00e8res\" width=\"300\" height=\"200\"><\/p>\n\n\n\n<p>AMI &#8211; Le Pr\u00e9sident de la R\u00e9publique, Son Excellence Monsieur Mohamed Ould Cheikh Ghazouani, a re\u00e7u en audience, vendredi au Palais pr\u00e9sidentiel, les secr\u00e9taires g\u00e9n\u00e9raux des minist\u00e8res.<br><br>Au cours de l\u2019audience, le Pr\u00e9sident de la R\u00e9publique a indiqu\u00e9 que l\u2019objectif de la rencontre est ax\u00e9 sur la redynamisation de l\u2019action du gouvernement et d\u2019am\u00e9lioration de ses performances.<br><br>A cette occasion, il a rappel\u00e9 aux secr\u00e9taires g\u00e9n\u00e9raux que leurs fonctions les rendent directement responsables de la gestion financi\u00e8re et administrative de leurs d\u00e9partement et les obligent \u00e0 prendre les mesures appropri\u00e9es pour faire face \u00e0 tous les ph\u00e9nom\u00e8nes incompatibles avec l\u2019\u00e9thique de l\u2019administration, le respect des fonds publics.<br><br>A cet \u00e9gard, le Pr\u00e9sident de la R\u00e9publique a notamment insist\u00e9 sur la n\u00e9cessit\u00e9 de rapprocher l\u2019administration des citoyens et d\u2019am\u00e9liorer leur prise en charge au niveau des diff\u00e9rents services administratifs.<br><br>L\u2019audience s\u2019est d\u00e9roul\u00e9e en pr\u00e9sence du Premier ministre, M. Mokhtar Ould Diay, du ministre secr\u00e9taire g\u00e9n\u00e9ral de la Pr\u00e9sidence de la R\u00e9publique, M. Moulay Ould Mohamed Laghdaf, du ministre charg\u00e9 de cabinet du Pr\u00e9sident de la R\u00e9publique, M. Nani Ould Chrougha, des ministres conseillers \u00e0 la Pr\u00e9sidence de la R\u00e9publique M. Mohamed Ould Abdellahi Ould Ethmane, Mme Ba Aissata Yahya et le ministre charg\u00e9 du secr\u00e9tariat g\u00e9n\u00e9ral du gouvernement, M. Moctar Al Housseynou LAM.<\/p>\n","protected":false},"excerpt":{"rendered":"<p>AMI &#8211; Le Pr\u00e9sident de la R\u00e9publique, Son Excellence Monsieur Mohamed Ould Cheikh Ghazouani, a re\u00e7u en audience, vendredi au Palais pr\u00e9sidentiel, les secr\u00e9taires g\u00e9n\u00e9raux des minist\u00e8res. Au cours de l\u2019audience, le Pr\u00e9sident de la R\u00e9publique a indiqu\u00e9 que l\u2019objectif de la rencontre est ax\u00e9 sur la redynamisation de l\u2019action du gouvernement et d\u2019am\u00e9lioration de [&hellip;]<\/p>\n","protected":false},"author":2,"featured_media":58752,"comment_status":"open","ping_status":"open","sticky":false,"template":"","format":"standard","meta":{"footnotes":""},"categories":[1449],"tags":[],"class_list":["post-58751","post","type-post","status-publish","format-standard","has-post-thumbnail","hentry","category-national"],"_links":{"self":[{"href":"https:\/\/lestracesdelinfo.com\/index.php\/wp-json\/wp\/v2\/posts\/58751","targetHints":{"allow":["GET"]}}],"collection":[{"href":"https:\/\/lestracesdelinfo.com\/index.php\/wp-json\/wp\/v2\/posts"}],"about":[{"href":"https:\/\/lestracesdelinfo.com\/index.php\/wp-json\/wp\/v2\/types\/post"}],"author":[{"embeddable":true,"href":"https:\/\/lestracesdelinfo.com\/index.php\/wp-json\/wp\/v2\/users\/2"}],"replies":[{"embeddable":true,"href":"https:\/\/lestracesdelinfo.com\/index.php\/wp-json\/wp\/v2\/comments?post=58751"}],"version-history":[{"count":1,"href":"https:\/\/lestracesdelinfo.com\/index.php\/wp-json\/wp\/v2\/posts\/58751\/revisions"}],"predecessor-version":[{"id":58753,"href":"https:\/\/lestracesdelinfo.com\/index.php\/wp-json\/wp\/v2\/posts\/58751\/revisions\/58753"}],"wp:featuredmedia":[{"embeddable":true,"href":"https:\/\/lestracesdelinfo.com\/index.php\/wp-json\/wp\/v2\/media\/58752"}],"wp:attachment":[{"href":"https:\/\/lestracesdelinfo.com\/index.php\/wp-json\/wp\/v2\/media?parent=58751"}],"wp:term":[{"taxonomy":"category","embeddable":true,"href":"https:\/\/lestracesdelinfo.com\/index.php\/wp-json\/wp\/v2\/categories?post=58751"},{"taxonomy":"post_tag","embeddable":true,"href":"https:\/\/lestracesdelinfo.com\/index.php\/wp-json\/wp\/v2\/tags?post=58751"}],"curies":[{"name":"wp","href":"https:\/\/api.w.org\/{rel}","templated":true}]}}