{"id":58757,"date":"2024-08-18T09:11:45","date_gmt":"2024-08-18T09:11:45","guid":{"rendered":"https:\/\/lestracesdelinfo.com\/?p=58757"},"modified":"2024-08-18T09:11:47","modified_gmt":"2024-08-18T09:11:47","slug":"affaire-aziz-la-defense-accuse-les-autorites-de-mener-une-guerre-psychologique-contre-lex-president","status":"publish","type":"post","link":"https:\/\/lestracesdelinfo.com\/index.php\/2024\/08\/18\/affaire-aziz-la-defense-accuse-les-autorites-de-mener-une-guerre-psychologique-contre-lex-president\/","title":{"rendered":"&#8211;\u00a0Affaire Aziz : La d\u00e9fense accuse les autorit\u00e9s de mener \u201cune guerre psychologique\u201d contre l\u2019ex-pr\u00e9sident"},"content":{"rendered":"\n<figure class=\"wp-block-image size-full\"><img loading=\"lazy\" decoding=\"async\" width=\"780\" height=\"470\" src=\"https:\/\/lestracesdelinfo.com\/wp-content\/uploads\/2024\/08\/image-8.png\" alt=\"\" class=\"wp-image-58758\" srcset=\"https:\/\/lestracesdelinfo.com\/wp-content\/uploads\/2024\/08\/image-8.png 780w, https:\/\/lestracesdelinfo.com\/wp-content\/uploads\/2024\/08\/image-8-300x181.png 300w, https:\/\/lestracesdelinfo.com\/wp-content\/uploads\/2024\/08\/image-8-768x463.png 768w\" sizes=\"auto, (max-width: 780px) 100vw, 780px\" \/><\/figure>\n\n\n\n<p>La D\u00e9p\u00eache &#8211; Le collectif de d\u00e9fense de l\u2019ancien pr\u00e9sident, Mohamed Ould Abdelaziz, a d\u00e9nigr\u00e9, lors d\u2019une conf\u00e9rence, ce qu\u2019il a consid\u00e9r\u00e9 comme de \u00ab l\u2019acharnement \u00bb et de \u00ab l\u2019arbitraire \u00bb des autorit\u00e9s mauritaniennes contre lui.<br><br>Selon son pr\u00e9sident, Me Ichidou, l\u2019ancien pr\u00e9sident arbitrairement d\u00e9tenu, priv\u00e9 de \u00ab sa libert\u00e9, de ses soins, de visites.. \u00bb. Me. Ichidou soutient que m\u00eame ses avocats sont d\u00e9pouill\u00e9s de tout lors des visites carc\u00e9rales.<br><br>Selon lui les raisons \u00e0 ces \u00ab mesures contre leur client \u00bb tiendraient \u00e0 \u00ab des instructions donn\u00e9es par ses adversaires politiques \u00bb et qui seraient en contradiction avec la loi.<br><br>Ould Ichidou s\u2019est dit \u00e9tonn\u00e9 de voir de telles mesures appliqu\u00e9es \u00e0 son client alors que des d\u00e9tenus poursuivis pour homicide ou trafic de drogue continuent de jouir de services comme l\u2019usage en prison de leurs t\u00e9l\u00e9phones, des visites des leurs et m\u00eame de libert\u00e9s provisoires.<br><br>L\u2019avocat de l\u2019ancien pr\u00e9sident pr\u00e9cise que c\u2019est l\u00e0 une partie des mesures arbitraires et de violation des lois contre son client que le collectif a voulu partager avec l\u2019opinion publique. Pour lui, les adversaires politiques de l\u2019ancien pr\u00e9sident seraient mus, dans la gestion des affaires publiques, par des int\u00e9r\u00eats personnels et mercantiles alors qu\u2019il militerait lui (Aziz) pour les int\u00e9r\u00eats de la Mauritanie.<br><br>Le pr\u00e9sident du collectif des avocats de l\u2019ancien pr\u00e9sident a enfin accus\u00e9 les autorit\u00e9s politiques du pays de mener une guerre psychologique \u00e0 l\u2019ancien pr\u00e9sident mais que celui-ci fait montre d\u2019une capacit\u00e9 de r\u00e9silience inou\u00efe face \u00e0 l\u2019adversit\u00e9.<br><br>Condamn\u00e9, en d\u00e9cembre 2023, pour enrichissement illicite, l\u2019ancien pr\u00e9sident purge une peine de prison de cinq ans de prison ferme, rappelle-t-on.<\/p>\n","protected":false},"excerpt":{"rendered":"<p>La D\u00e9p\u00eache &#8211; Le collectif de d\u00e9fense de l\u2019ancien pr\u00e9sident, Mohamed Ould Abdelaziz, a d\u00e9nigr\u00e9, lors d\u2019une conf\u00e9rence, ce qu\u2019il a consid\u00e9r\u00e9 comme de \u00ab l\u2019acharnement \u00bb et de \u00ab l\u2019arbitraire \u00bb des autorit\u00e9s mauritaniennes contre lui. Selon son pr\u00e9sident, Me Ichidou, l\u2019ancien pr\u00e9sident arbitrairement d\u00e9tenu, priv\u00e9 de \u00ab sa libert\u00e9, de ses soins, de [&hellip;]<\/p>\n","protected":false},"author":2,"featured_media":58759,"comment_status":"open","ping_status":"open","sticky":false,"template":"","format":"standard","meta":{"footnotes":""},"categories":[1449],"tags":[],"class_list":["post-58757","post","type-post","status-publish","format-standard","has-post-thumbnail","hentry","category-national"],"_links":{"self":[{"href":"https:\/\/lestracesdelinfo.com\/index.php\/wp-json\/wp\/v2\/posts\/58757","targetHints":{"allow":["GET"]}}],"collection":[{"href":"https:\/\/lestracesdelinfo.com\/index.php\/wp-json\/wp\/v2\/posts"}],"about":[{"href":"https:\/\/lestracesdelinfo.com\/index.php\/wp-json\/wp\/v2\/types\/post"}],"author":[{"embeddable":true,"href":"https:\/\/lestracesdelinfo.com\/index.php\/wp-json\/wp\/v2\/users\/2"}],"replies":[{"embeddable":true,"href":"https:\/\/lestracesdelinfo.com\/index.php\/wp-json\/wp\/v2\/comments?post=58757"}],"version-history":[{"count":1,"href":"https:\/\/lestracesdelinfo.com\/index.php\/wp-json\/wp\/v2\/posts\/58757\/revisions"}],"predecessor-version":[{"id":58760,"href":"https:\/\/lestracesdelinfo.com\/index.php\/wp-json\/wp\/v2\/posts\/58757\/revisions\/58760"}],"wp:featuredmedia":[{"embeddable":true,"href":"https:\/\/lestracesdelinfo.com\/index.php\/wp-json\/wp\/v2\/media\/58759"}],"wp:attachment":[{"href":"https:\/\/lestracesdelinfo.com\/index.php\/wp-json\/wp\/v2\/media?parent=58757"}],"wp:term":[{"taxonomy":"category","embeddable":true,"href":"https:\/\/lestracesdelinfo.com\/index.php\/wp-json\/wp\/v2\/categories?post=58757"},{"taxonomy":"post_tag","embeddable":true,"href":"https:\/\/lestracesdelinfo.com\/index.php\/wp-json\/wp\/v2\/tags?post=58757"}],"curies":[{"name":"wp","href":"https:\/\/api.w.org\/{rel}","templated":true}]}}