{"id":58761,"date":"2024-08-18T09:14:53","date_gmt":"2024-08-18T09:14:53","guid":{"rendered":"https:\/\/lestracesdelinfo.com\/?p=58761"},"modified":"2024-08-18T23:15:15","modified_gmt":"2024-08-18T23:15:15","slug":"construction-de-lhopital-regional-daleg-le-ministre-sinsurge-contre-les-retards-constates-par-le-maitre-doeuvre","status":"publish","type":"post","link":"https:\/\/lestracesdelinfo.com\/index.php\/2024\/08\/18\/construction-de-lhopital-regional-daleg-le-ministre-sinsurge-contre-les-retards-constates-par-le-maitre-doeuvre\/","title":{"rendered":"Construction de l\u2019h\u00f4pital r\u00e9gional d\u2019Aleg : le ministre s\u2019insurge contre les retards constat\u00e9s par le maitre d\u2019\u0153uvre"},"content":{"rendered":"\n<figure class=\"wp-block-image size-full\"><img loading=\"lazy\" decoding=\"async\" width=\"780\" height=\"470\" src=\"https:\/\/lestracesdelinfo.com\/wp-content\/uploads\/2024\/08\/image-9.png\" alt=\"\" class=\"wp-image-58762\" srcset=\"https:\/\/lestracesdelinfo.com\/wp-content\/uploads\/2024\/08\/image-9.png 780w, https:\/\/lestracesdelinfo.com\/wp-content\/uploads\/2024\/08\/image-9-300x181.png 300w, https:\/\/lestracesdelinfo.com\/wp-content\/uploads\/2024\/08\/image-9-768x463.png 768w\" sizes=\"auto, (max-width: 780px) 100vw, 780px\" \/><\/figure>\n\n\n\n<p>La D\u00e9p\u00eache &#8211; Le Ministre de l\u2019Habitat de l\u2019Urbanisme et de l\u2019Am\u00e9nagement du Territoire (MHUAT), M. Mamadou Niang, s\u2019est insurg\u00e9 samedi, \u00e0 l\u2019occasion d\u2019une mission de terrain dans le Brakna, contre le retard accus\u00e9 par le maitre d\u2019\u0153uvre des travaux de construction de l\u2019h\u00f4pital r\u00e9gional (Aleg).<br><br>Le ministre s\u2019\u00e9tait rendu samedi sur place pour s\u2019enqu\u00e9rir de l\u2019avancement des travaux de cette importante structure sanitaire.<br><br>Fort du constat dans la r\u00e9alisation des travaux, le ministre a tenu une r\u00e9union technique avec toutes les parties impliqu\u00e9es dans la r\u00e9alisation de l\u2019infrastructure concern\u00e9e afin d\u2019\u00e9valuer la situation et donner des instructions pour trouver les solutions idoines.<br><br>A cet effet, et \u00e0 l\u2019issue de la r\u00e9union technique, il a \u00e9t\u00e9 d\u00e9cid\u00e9 de mettre en place un planning clair et d\u00e9finitif des travaux pour corriger le d\u00e9calage observ\u00e9 par rapport aux engagements souscrits par l\u2019entreprise dans les cahiers de charge.<br><br>Le ministre a enfin exhort\u00e9 les superviseurs du chantier des travaux de construction de l\u2019h\u00f4pital \u00e0 \u00e9tablir un proc\u00e8s-verbal avec le maitre d\u2019\u0153uvre l\u2019engageant \u00e0 se conformer scrupuleusement \u00e0 ses engagements contractuels et aux d\u00e9lais impartis pour la livraison de l\u2019infrastructure en question.<\/p>\n","protected":false},"excerpt":{"rendered":"<p>La D\u00e9p\u00eache &#8211; Le Ministre de l\u2019Habitat de l\u2019Urbanisme et de l\u2019Am\u00e9nagement du Territoire (MHUAT), M. Mamadou Niang, s\u2019est insurg\u00e9 samedi, \u00e0 l\u2019occasion d\u2019une mission de terrain dans le Brakna, contre le retard accus\u00e9 par le maitre d\u2019\u0153uvre des travaux de construction de l\u2019h\u00f4pital r\u00e9gional (Aleg). Le ministre s\u2019\u00e9tait rendu samedi sur place pour s\u2019enqu\u00e9rir [&hellip;]<\/p>\n","protected":false},"author":2,"featured_media":58763,"comment_status":"open","ping_status":"open","sticky":false,"template":"","format":"standard","meta":{"footnotes":""},"categories":[1449],"tags":[],"class_list":["post-58761","post","type-post","status-publish","format-standard","has-post-thumbnail","hentry","category-national"],"_links":{"self":[{"href":"https:\/\/lestracesdelinfo.com\/index.php\/wp-json\/wp\/v2\/posts\/58761","targetHints":{"allow":["GET"]}}],"collection":[{"href":"https:\/\/lestracesdelinfo.com\/index.php\/wp-json\/wp\/v2\/posts"}],"about":[{"href":"https:\/\/lestracesdelinfo.com\/index.php\/wp-json\/wp\/v2\/types\/post"}],"author":[{"embeddable":true,"href":"https:\/\/lestracesdelinfo.com\/index.php\/wp-json\/wp\/v2\/users\/2"}],"replies":[{"embeddable":true,"href":"https:\/\/lestracesdelinfo.com\/index.php\/wp-json\/wp\/v2\/comments?post=58761"}],"version-history":[{"count":1,"href":"https:\/\/lestracesdelinfo.com\/index.php\/wp-json\/wp\/v2\/posts\/58761\/revisions"}],"predecessor-version":[{"id":58764,"href":"https:\/\/lestracesdelinfo.com\/index.php\/wp-json\/wp\/v2\/posts\/58761\/revisions\/58764"}],"wp:featuredmedia":[{"embeddable":true,"href":"https:\/\/lestracesdelinfo.com\/index.php\/wp-json\/wp\/v2\/media\/58763"}],"wp:attachment":[{"href":"https:\/\/lestracesdelinfo.com\/index.php\/wp-json\/wp\/v2\/media?parent=58761"}],"wp:term":[{"taxonomy":"category","embeddable":true,"href":"https:\/\/lestracesdelinfo.com\/index.php\/wp-json\/wp\/v2\/categories?post=58761"},{"taxonomy":"post_tag","embeddable":true,"href":"https:\/\/lestracesdelinfo.com\/index.php\/wp-json\/wp\/v2\/tags?post=58761"}],"curies":[{"name":"wp","href":"https:\/\/api.w.org\/{rel}","templated":true}]}}