{"id":58765,"date":"2024-08-18T23:14:01","date_gmt":"2024-08-18T23:14:01","guid":{"rendered":"https:\/\/lestracesdelinfo.com\/?p=58765"},"modified":"2024-08-18T23:14:06","modified_gmt":"2024-08-18T23:14:06","slug":"mauritanie-la-defense-de-lex-president-ould-abdelaziz-denonce-son-isolement-et-alerte-sur-son-etat-de-sante","status":"publish","type":"post","link":"https:\/\/lestracesdelinfo.com\/index.php\/2024\/08\/18\/mauritanie-la-defense-de-lex-president-ould-abdelaziz-denonce-son-isolement-et-alerte-sur-son-etat-de-sante\/","title":{"rendered":"\u00a0Mauritanie : la d\u00e9fense de l\u2019ex pr\u00e9sident Ould Abdelaziz d\u00e9nonce son \u00ab isolement \u00bb et alerte sur son \u00e9tat de sant\u00e9"},"content":{"rendered":"\n<p><img loading=\"lazy\" decoding=\"async\" src=\"https:\/\/cridem.org\/media\/photos\/photo\/avoc_aziz_samed17aout.jpeg\" alt=\"Mauritanie : la d\u00e9fense de l\u2019ex pr\u00e9sident Ould Abdelaziz d\u00e9nonce son \u00ab isolement \u00bb et alerte sur son \u00e9tat de sant\u00e9\" width=\"300\" height=\"200\"><\/p>\n\n\n\n<p>Dakar Midi &#8211; En conf\u00e9rence de presse ce samedi \u00e0 Nouakchott, l\u2019avocat s\u00e9n\u00e9galais Me Cir\u00e9 Cl\u00e9dor Ly et ses coll\u00e8gues de la d\u00e9fense de l\u2019ancien pr\u00e9sident mauritanien Mohamed Ould Abdelaziz, ont d\u00e9nonc\u00e9 la situation \u00ab d\u2019isolement complet \u00bb que subit leur client.<br><br>Ils ont alert\u00e9 sur son \u00e9tat de sant\u00e9 \u00ab critique \u00bb et exprim\u00e9 leur incompr\u00e9hension du \u00ab silence \u00bb de la communaut\u00e9 internationale et des ONG, face \u00e0 cette situation.<br><br>Selon le pool d\u2019avocats, rien ne peux justifier le maintien en prison de l\u2019ancien pr\u00e9sident de la Mauritanie, Mohamed Ould Abdelaziz.<br><br>\u00c9coutez leurs arguments \u00e0 travers cette vid\u00e9o :<br><br>https:\/\/www.youtube.com\/embed\/dMG1tlT8nnw?si=D8SVjJ_f04WHlPGW<br><br><br><\/p>\n","protected":false},"excerpt":{"rendered":"<p>Dakar Midi &#8211; En conf\u00e9rence de presse ce samedi \u00e0 Nouakchott, l\u2019avocat s\u00e9n\u00e9galais Me Cir\u00e9 Cl\u00e9dor Ly et ses coll\u00e8gues de la d\u00e9fense de l\u2019ancien pr\u00e9sident mauritanien Mohamed Ould Abdelaziz, ont d\u00e9nonc\u00e9 la situation \u00ab d\u2019isolement complet \u00bb que subit leur client. Ils ont alert\u00e9 sur son \u00e9tat de sant\u00e9 \u00ab critique \u00bb et exprim\u00e9 [&hellip;]<\/p>\n","protected":false},"author":2,"featured_media":58766,"comment_status":"open","ping_status":"open","sticky":false,"template":"","format":"standard","meta":{"footnotes":""},"categories":[1449],"tags":[],"class_list":["post-58765","post","type-post","status-publish","format-standard","has-post-thumbnail","hentry","category-national"],"_links":{"self":[{"href":"https:\/\/lestracesdelinfo.com\/index.php\/wp-json\/wp\/v2\/posts\/58765","targetHints":{"allow":["GET"]}}],"collection":[{"href":"https:\/\/lestracesdelinfo.com\/index.php\/wp-json\/wp\/v2\/posts"}],"about":[{"href":"https:\/\/lestracesdelinfo.com\/index.php\/wp-json\/wp\/v2\/types\/post"}],"author":[{"embeddable":true,"href":"https:\/\/lestracesdelinfo.com\/index.php\/wp-json\/wp\/v2\/users\/2"}],"replies":[{"embeddable":true,"href":"https:\/\/lestracesdelinfo.com\/index.php\/wp-json\/wp\/v2\/comments?post=58765"}],"version-history":[{"count":1,"href":"https:\/\/lestracesdelinfo.com\/index.php\/wp-json\/wp\/v2\/posts\/58765\/revisions"}],"predecessor-version":[{"id":58767,"href":"https:\/\/lestracesdelinfo.com\/index.php\/wp-json\/wp\/v2\/posts\/58765\/revisions\/58767"}],"wp:featuredmedia":[{"embeddable":true,"href":"https:\/\/lestracesdelinfo.com\/index.php\/wp-json\/wp\/v2\/media\/58766"}],"wp:attachment":[{"href":"https:\/\/lestracesdelinfo.com\/index.php\/wp-json\/wp\/v2\/media?parent=58765"}],"wp:term":[{"taxonomy":"category","embeddable":true,"href":"https:\/\/lestracesdelinfo.com\/index.php\/wp-json\/wp\/v2\/categories?post=58765"},{"taxonomy":"post_tag","embeddable":true,"href":"https:\/\/lestracesdelinfo.com\/index.php\/wp-json\/wp\/v2\/tags?post=58765"}],"curies":[{"name":"wp","href":"https:\/\/api.w.org\/{rel}","templated":true}]}}