{"id":58777,"date":"2024-08-19T23:39:28","date_gmt":"2024-08-19T23:39:28","guid":{"rendered":"https:\/\/lestracesdelinfo.com\/?p=58777"},"modified":"2024-08-19T23:39:34","modified_gmt":"2024-08-19T23:39:34","slug":"le-premier-ministre-recoit-la-representante-residente-loms-en-mauritanie","status":"publish","type":"post","link":"https:\/\/lestracesdelinfo.com\/index.php\/2024\/08\/19\/le-premier-ministre-recoit-la-representante-residente-loms-en-mauritanie\/","title":{"rendered":"Le Premier ministre re\u00e7oit la repr\u00e9sentante r\u00e9sidente l\u2019OMS en Mauritanie"},"content":{"rendered":"\n<p>AMI<\/p>\n\n\n\n<figure class=\"wp-block-image\"><a href=\"https:\/\/ami.mr\/fr\/wp-content\/uploads\/2024\/08\/16-08-2024-001.jpg\"><img decoding=\"async\" src=\"https:\/\/ami.mr\/fr\/wp-content\/uploads\/2024\/08\/16-08-2024-001-750x430.jpg\" alt=\"\"\/><\/a><\/figure>\n\n\n\n<p>Le Premier ministre, M. Mokhtar Ould Diay a re\u00e7u en audience, vendredi \u00e0 Nouakchott, la repr\u00e9sentante r\u00e9sidente de l\u2019Organisation mondiale de la sant\u00e9 (OMS) en Mauritanie, Mme Ndiaye Fati Charlotte.<\/p>\n\n\n\n<p>L\u2019audience a port\u00e9 sur la coop\u00e9ration entre la Mauritanie et cette organisation du syst\u00e8me des Nations Unies ainsi que les moyens permettant de la renforcer davantage.<\/p>\n\n\n\n<p>L\u2019entrevue s\u2019est d\u00e9roul\u00e9e en pr\u00e9sence de la directrice de cabinet du Premier ministre, Mme A\u00efcha Vall Verges et de M. Mohamed Brahim El Kouri, conseiller au Premier Minist\u00e8re.<\/p>\n\n\n\n<p><a href=\"https:\/\/www.facebook.com\/sharer\/sharer.php?u=https%3A%2F%2Fami.mr%2Ffr%2Farchives%2F252325\" rel=\"noreferrer noopener\" target=\"_blank\"><\/a><a href=\"https:\/\/twitter.com\/intent\/tweet?text=Le%20Premier%20ministre%20re%C3%A7oit%20la%20repr%C3%A9sentante%20r%C3%A9sidente%20l%E2%80%99OMS%20en%20Mauritanie&amp;url=https%3A%2F%2Fami.mr%2Ffr%2Farchives%2F252325\" rel=\"noreferrer noopener\" target=\"_blank\"><\/a><a href=\"https:\/\/api.whatsapp.com\/send?text=Le%20Premier%20ministre%20re%C3%A7oit%20la%20repr%C3%A9sentante%20r%C3%A9sidente%20l%E2%80%99OMS%20en%20Mauritanie%20https%3A%2F%2Fami.mr%2Ffr%2Farchives%2F252325\" rel=\"noreferrer noopener\" target=\"_blank\"><\/a><a href=\"https:\/\/www.instagram.com\/\" rel=\"noreferrer noopener\" target=\"_blank\"><\/a><a href=\"https:\/\/ami.mr\/fr\/archives\/252325\"><\/a><\/p>\n","protected":false},"excerpt":{"rendered":"<p>AMI Le Premier ministre, M. Mokhtar Ould Diay a re\u00e7u en audience, vendredi \u00e0 Nouakchott, la repr\u00e9sentante r\u00e9sidente de l\u2019Organisation mondiale de la sant\u00e9 (OMS) en Mauritanie, Mme Ndiaye Fati Charlotte. L\u2019audience a port\u00e9 sur la coop\u00e9ration entre la Mauritanie et cette organisation du syst\u00e8me des Nations Unies ainsi que les moyens permettant de la [&hellip;]<\/p>\n","protected":false},"author":2,"featured_media":58778,"comment_status":"open","ping_status":"open","sticky":false,"template":"","format":"standard","meta":{"footnotes":""},"categories":[1],"tags":[],"class_list":["post-58777","post","type-post","status-publish","format-standard","has-post-thumbnail","hentry","category-aucun"],"_links":{"self":[{"href":"https:\/\/lestracesdelinfo.com\/index.php\/wp-json\/wp\/v2\/posts\/58777","targetHints":{"allow":["GET"]}}],"collection":[{"href":"https:\/\/lestracesdelinfo.com\/index.php\/wp-json\/wp\/v2\/posts"}],"about":[{"href":"https:\/\/lestracesdelinfo.com\/index.php\/wp-json\/wp\/v2\/types\/post"}],"author":[{"embeddable":true,"href":"https:\/\/lestracesdelinfo.com\/index.php\/wp-json\/wp\/v2\/users\/2"}],"replies":[{"embeddable":true,"href":"https:\/\/lestracesdelinfo.com\/index.php\/wp-json\/wp\/v2\/comments?post=58777"}],"version-history":[{"count":1,"href":"https:\/\/lestracesdelinfo.com\/index.php\/wp-json\/wp\/v2\/posts\/58777\/revisions"}],"predecessor-version":[{"id":58779,"href":"https:\/\/lestracesdelinfo.com\/index.php\/wp-json\/wp\/v2\/posts\/58777\/revisions\/58779"}],"wp:featuredmedia":[{"embeddable":true,"href":"https:\/\/lestracesdelinfo.com\/index.php\/wp-json\/wp\/v2\/media\/58778"}],"wp:attachment":[{"href":"https:\/\/lestracesdelinfo.com\/index.php\/wp-json\/wp\/v2\/media?parent=58777"}],"wp:term":[{"taxonomy":"category","embeddable":true,"href":"https:\/\/lestracesdelinfo.com\/index.php\/wp-json\/wp\/v2\/categories?post=58777"},{"taxonomy":"post_tag","embeddable":true,"href":"https:\/\/lestracesdelinfo.com\/index.php\/wp-json\/wp\/v2\/tags?post=58777"}],"curies":[{"name":"wp","href":"https:\/\/api.w.org\/{rel}","templated":true}]}}