{"id":58780,"date":"2024-08-20T23:24:52","date_gmt":"2024-08-20T23:24:52","guid":{"rendered":"https:\/\/lestracesdelinfo.com\/?p=58780"},"modified":"2024-08-20T23:25:44","modified_gmt":"2024-08-20T23:25:44","slug":"magal-acces-a-leau-et-assainissement-les-engagements-de-diomaye-a-touba","status":"publish","type":"post","link":"https:\/\/lestracesdelinfo.com\/index.php\/2024\/08\/20\/magal-acces-a-leau-et-assainissement-les-engagements-de-diomaye-a-touba\/","title":{"rendered":"Magal \u2013 Acc\u00e8s \u00e0 l\u2019eau et assainissement : Les engagements de Diomaye \u00e0 Touba"},"content":{"rendered":"\n<p><a href=\"https:\/\/lequotidien.sn\/author\/aicha\/\">Lequotidien<\/a>\u00a0<\/p>\n\n\n\n<figure class=\"wp-block-image\"><img decoding=\"async\" src=\"https:\/\/lequotidien.sn\/wp-content\/uploads\/2024\/08\/diomaye-a-touba.jpg\" alt=\"\"\/><\/figure>\n\n\n\n<p><strong>Le Magal de Touba est pr\u00e9vu dans 72 heures. Cette 130\u00e8me \u00e9dition va se d\u00e9rouler dans un contexte marqu\u00e9 par les inondations et l\u2019insuffisance du liquide pr\u00e9cieux not\u00e9e au niveau de certains quartiers. Le Pr\u00e9sident Faye, en d\u00e9placement dans la cit\u00e9 religieuse, compte r\u00e9gler d\u00e9finitivement ces deux questions au courant de son mandat&nbsp;: eau et assainissement.<\/strong><\/p>\n\n\n\n<p>C\u2019est la troisi\u00e8me visite du Pr\u00e9sident Diomaye \u00e0 Touba, qui se pr\u00e9pare \u00e0 accueillir le Magal pr\u00e9vu ce vendredi. Le chef de l\u2019Etat veut r\u00e9soudre de fa\u00e7on d\u00e9finitive, les deux \u00e9quations majeures auxquelles les diff\u00e9rents r\u00e9gimes n\u2019ont pu trouver la solution pour la ville religieuse. Il s\u2019agit de l\u2019acc\u00e8s en quantit\u00e9 et en qualit\u00e9 du liquide pr\u00e9cieux, mais aussi des inondations. Bassirou Diomaye a promis de r\u00e9soudre ces questions majeures au Khalife g\u00e9n\u00e9ral des mourides : \u00abJ\u2019avais instruit le Premier ministre, en rapport avec les ministres impliqu\u00e9s directement dans le Magal, de prendre toutes les dispositions idoines afin de tout faire pour que cet \u00e9v\u00e8nement religieux tr\u00e8s important dans la religion musulmane se fasse dans d\u2019excellentes conditions. Ils ont essay\u00e9 de respecter l\u2019ensemble des engagements que leurs diff\u00e9rents services avaient pris. Je dois dire que les ambitions sont en de\u00e7\u00e0 de ce qui a \u00e9t\u00e9 r\u00e9alis\u00e9. Je dois dire que j\u2019ai la ferme volont\u00e9 de r\u00e9soudre de fa\u00e7on d\u00e9finitive, l\u2019\u00e9pineux probl\u00e8me de l\u2019eau et des inondations. J\u2019en fais d\u2019ailleurs une sur-priorit\u00e9 pour ce mandat.\u00bb<\/p>\n\n\n\n<p><strong>Cheikh Bassirou Mback\u00e9 aux chauffeurs : Prudence sur les routes<\/strong><br>En \u00e9cho, le porte-parole de Touba soutient&nbsp;: \u00abDepuis votre premi\u00e8re rencontre, le khalife a d\u00e9velopp\u00e9 une affection particuli\u00e8re pour vous, un sentiment qu\u2019il a exprim\u00e9 m\u00eame en votre absence. Cette relation s\u2019est renforc\u00e9e gr\u00e2ce aux efforts continus pour le bien-\u00eatre de la ville sainte de Touba.\u00bb Selon Serigne Bass Abdou Khadre, le Khalife g\u00e9n\u00e9ral des mourides \u00aba lou\u00e9 les efforts du pr\u00e9sident de la R\u00e9publique et de son gouvernement, exhortant le chef de l\u2019Etat \u00e0 toujours cultiver la tol\u00e9rance et l\u2019unit\u00e9 dans le cadre de sa Gouvernance, surtout en cette p\u00e9riode marqu\u00e9e par la d\u00e9couverte de nouvelles ressources naturelles\u00bb.<\/p>\n\n\n\n<blockquote class=\"wp-block-quote is-layout-flow wp-block-quote-is-layout-flow\">\n<h2 class=\"wp-block-heading\"><strong><a href=\"https:\/\/lequotidien.sn\/dossier-de-lonas-cheikh-dans-un-tunnel\/\">Dossier de l\u2019Onas : Cheikh dans un tunnel<\/a><\/strong><\/h2>\n<\/blockquote>\n\n\n\n<p>Il faut savoir que le Magal accueille beaucoup de fid\u00e8les. Si on en croit Cheikh Bassirou Mback\u00e9 Abdou Khadre, l\u2019\u00e9dition pass\u00e9e, environ 5,8 millions de personnes avaient fait le d\u00e9placement pour comm\u00e9morer le d\u00e9part en exil de Cheikh Ahmadou Bamba. Au nom de Serigne Mountakha, il dira que le gouvernement, sous l\u2019impulsion du Premier ministre, a ex\u00e9cut\u00e9 \u00e0 la lettre les instructions qu\u2019il avait donn\u00e9es pour le bon d\u00e9roulement du Magal.<\/p>\n\n\n\n<p>S\u2019adressant aux chauffeurs, il leur a demand\u00e9, \u00abau nom du khalife, de faire preuve de prudence parce que l\u2019ann\u00e9e pass\u00e9e, pas moins de 20 pertes en vies humaines ont \u00e9t\u00e9 d\u00e9nombr\u00e9es\u00bb.<\/p>\n","protected":false},"excerpt":{"rendered":"<p>Lequotidien\u00a0 Le Magal de Touba est pr\u00e9vu dans 72 heures. Cette 130\u00e8me \u00e9dition va se d\u00e9rouler dans un contexte marqu\u00e9 par les inondations et l\u2019insuffisance du liquide pr\u00e9cieux not\u00e9e au niveau de certains quartiers. Le Pr\u00e9sident Faye, en d\u00e9placement dans la cit\u00e9 religieuse, compte r\u00e9gler d\u00e9finitivement ces deux questions au courant de son mandat&nbsp;: eau [&hellip;]<\/p>\n","protected":false},"author":2,"featured_media":58781,"comment_status":"open","ping_status":"open","sticky":false,"template":"","format":"standard","meta":{"footnotes":""},"categories":[1447],"tags":[],"class_list":["post-58780","post","type-post","status-publish","format-standard","has-post-thumbnail","hentry","category-afrique"],"_links":{"self":[{"href":"https:\/\/lestracesdelinfo.com\/index.php\/wp-json\/wp\/v2\/posts\/58780","targetHints":{"allow":["GET"]}}],"collection":[{"href":"https:\/\/lestracesdelinfo.com\/index.php\/wp-json\/wp\/v2\/posts"}],"about":[{"href":"https:\/\/lestracesdelinfo.com\/index.php\/wp-json\/wp\/v2\/types\/post"}],"author":[{"embeddable":true,"href":"https:\/\/lestracesdelinfo.com\/index.php\/wp-json\/wp\/v2\/users\/2"}],"replies":[{"embeddable":true,"href":"https:\/\/lestracesdelinfo.com\/index.php\/wp-json\/wp\/v2\/comments?post=58780"}],"version-history":[{"count":1,"href":"https:\/\/lestracesdelinfo.com\/index.php\/wp-json\/wp\/v2\/posts\/58780\/revisions"}],"predecessor-version":[{"id":58782,"href":"https:\/\/lestracesdelinfo.com\/index.php\/wp-json\/wp\/v2\/posts\/58780\/revisions\/58782"}],"wp:featuredmedia":[{"embeddable":true,"href":"https:\/\/lestracesdelinfo.com\/index.php\/wp-json\/wp\/v2\/media\/58781"}],"wp:attachment":[{"href":"https:\/\/lestracesdelinfo.com\/index.php\/wp-json\/wp\/v2\/media?parent=58780"}],"wp:term":[{"taxonomy":"category","embeddable":true,"href":"https:\/\/lestracesdelinfo.com\/index.php\/wp-json\/wp\/v2\/categories?post=58780"},{"taxonomy":"post_tag","embeddable":true,"href":"https:\/\/lestracesdelinfo.com\/index.php\/wp-json\/wp\/v2\/tags?post=58780"}],"curies":[{"name":"wp","href":"https:\/\/api.w.org\/{rel}","templated":true}]}}