{"id":58783,"date":"2024-08-20T23:30:31","date_gmt":"2024-08-20T23:30:31","guid":{"rendered":"https:\/\/lestracesdelinfo.com\/?p=58783"},"modified":"2024-08-20T23:35:22","modified_gmt":"2024-08-20T23:35:22","slug":"les-pays-de-laes-denoncent-le-soutien-ouvert-et-assume-du-gouvernement-de-la-republique-dukraine-au-terrorisme","status":"publish","type":"post","link":"https:\/\/lestracesdelinfo.com\/index.php\/2024\/08\/20\/les-pays-de-laes-denoncent-le-soutien-ouvert-et-assume-du-gouvernement-de-la-republique-dukraine-au-terrorisme\/","title":{"rendered":"Les pays de l\u2019AES d\u00e9noncent le soutien ouvert et assum\u00e9 du Gouvernement de la R\u00e9publique d\u2019Ukraine au terrorisme"},"content":{"rendered":"\n<p>B24 Opinion\u00a0<\/p>\n\n\n\n<p><\/p>\n\n\n\n<figure class=\"wp-block-image\"><img decoding=\"async\" src=\"https:\/\/burkina24.com\/wp-content\/uploads\/2024\/07\/Alliance-des-Etats-du-Sahel-AES-Colonel-Assimi-Goita-General-Tiani-Capitaine-Ibrahim-Traore-1.jpg-768x425-1.png\" alt=\"\"\/><\/figure>\n\n\n\n<blockquote class=\"wp-block-quote is-layout-flow wp-block-quote-is-layout-flow\">\n<h4 class=\"wp-block-heading\"><em>Ceci est la lettre conjointe des Gouvernements respectifs des Etats de l\u2019AES adress\u00e9e au Conseil de S\u00e9curit\u00e9 des Nations Unies pour d\u00e9noncer le soutien ouvert et assum\u00e9 du Gouvernement de la R\u00e9publique d\u2019Ukraine au terrorisme international en particulier au Sahel.<\/em><\/h4>\n<\/blockquote>\n\n\n\n<figure class=\"wp-block-image\"><img decoding=\"async\" src=\"https:\/\/burkina24.com\/wp-content\/uploads\/2024\/08\/FB_IMG_1724192018742.jpg\" alt=\"\" class=\"wp-image-377942\"\/><\/figure>\n\n\n\n<p>La suite apr\u00e8s cette publicit\u00e9<\/p>\n","protected":false},"excerpt":{"rendered":"<p>B24 Opinion\u00a0 Ceci est la lettre conjointe des Gouvernements respectifs des Etats de l\u2019AES adress\u00e9e au Conseil de S\u00e9curit\u00e9 des Nations Unies pour d\u00e9noncer le soutien ouvert et assum\u00e9 du Gouvernement de la R\u00e9publique d\u2019Ukraine au terrorisme international en particulier au Sahel. La suite apr\u00e8s cette publicit\u00e9<\/p>\n","protected":false},"author":2,"featured_media":58784,"comment_status":"open","ping_status":"open","sticky":false,"template":"","format":"standard","meta":{"footnotes":""},"categories":[1447],"tags":[],"class_list":["post-58783","post","type-post","status-publish","format-standard","has-post-thumbnail","hentry","category-afrique"],"_links":{"self":[{"href":"https:\/\/lestracesdelinfo.com\/index.php\/wp-json\/wp\/v2\/posts\/58783","targetHints":{"allow":["GET"]}}],"collection":[{"href":"https:\/\/lestracesdelinfo.com\/index.php\/wp-json\/wp\/v2\/posts"}],"about":[{"href":"https:\/\/lestracesdelinfo.com\/index.php\/wp-json\/wp\/v2\/types\/post"}],"author":[{"embeddable":true,"href":"https:\/\/lestracesdelinfo.com\/index.php\/wp-json\/wp\/v2\/users\/2"}],"replies":[{"embeddable":true,"href":"https:\/\/lestracesdelinfo.com\/index.php\/wp-json\/wp\/v2\/comments?post=58783"}],"version-history":[{"count":1,"href":"https:\/\/lestracesdelinfo.com\/index.php\/wp-json\/wp\/v2\/posts\/58783\/revisions"}],"predecessor-version":[{"id":58785,"href":"https:\/\/lestracesdelinfo.com\/index.php\/wp-json\/wp\/v2\/posts\/58783\/revisions\/58785"}],"wp:featuredmedia":[{"embeddable":true,"href":"https:\/\/lestracesdelinfo.com\/index.php\/wp-json\/wp\/v2\/media\/58784"}],"wp:attachment":[{"href":"https:\/\/lestracesdelinfo.com\/index.php\/wp-json\/wp\/v2\/media?parent=58783"}],"wp:term":[{"taxonomy":"category","embeddable":true,"href":"https:\/\/lestracesdelinfo.com\/index.php\/wp-json\/wp\/v2\/categories?post=58783"},{"taxonomy":"post_tag","embeddable":true,"href":"https:\/\/lestracesdelinfo.com\/index.php\/wp-json\/wp\/v2\/tags?post=58783"}],"curies":[{"name":"wp","href":"https:\/\/api.w.org\/{rel}","templated":true}]}}