{"id":58793,"date":"2024-08-21T11:43:01","date_gmt":"2024-08-21T11:43:01","guid":{"rendered":"https:\/\/lestracesdelinfo.com\/?p=58793"},"modified":"2024-08-21T11:43:06","modified_gmt":"2024-08-21T11:43:06","slug":"abdou-mbow-nous-avons-un-pouvoir-qui-ne-connait-pas-les-priorites","status":"publish","type":"post","link":"https:\/\/lestracesdelinfo.com\/index.php\/2024\/08\/21\/abdou-mbow-nous-avons-un-pouvoir-qui-ne-connait-pas-les-priorites\/","title":{"rendered":"Abdou Mbow : \u00abNous avons un pouvoir qui ne conna\u00eet pas les priorit\u00e9s\u00bb"},"content":{"rendered":"\n<p><a href=\"https:\/\/lequotidien.sn\/author\/aicha\/\">Lequotidien<\/a><\/p>\n\n\n\n<figure class=\"wp-block-image\"><img decoding=\"async\" src=\"https:\/\/lequotidien.sn\/wp-content\/uploads\/2024\/07\/ABDOU-MBOW.jpg\" alt=\"\"\/><\/figure>\n\n\n\n<p><strong>La journ\u00e9e sans presse d\u00e9cr\u00e9t\u00e9e hier a suscit\u00e9 une vague d\u2019indignations au sein de la classe politique. Pr\u00e9sident du Groupe parlementaire Benno bokk yaakaar (Bby), Abdou Mbow estime que la presse est bien plus qu\u2019un simple relais de l\u2019information, elle constitue un pilier fondamental de la d\u00e9mocratie.<\/strong><\/p>\n\n\n\n<p><strong>Par Ousmane SOW \u2013<\/strong>Face \u00e0 ce qu\u2019il consid\u00e8re comme un recul dangereux de la libert\u00e9 d\u2019expression, le pr\u00e9sident du Groupe parlementaire Benno bokk yaakaar (Bby), Abdou Mbow, a exprim\u00e9 sa solidarit\u00e9 \u00e0 la presse s\u00e9n\u00e9galaise concernant la journ\u00e9e sans presse observ\u00e9e hier par la majorit\u00e9 des m\u00e9dias priv\u00e9s. \u00abJe marque ma solidarit\u00e9 \u00e0 la presse s\u00e9n\u00e9galaise. Personnelle-ment, je suis un journaliste et donc, je pouvais \u00eatre aujourd\u2019hui l\u00e0 o\u00f9 vous \u00eates\u00bb, a d\u00e9clar\u00e9 Abdou Mbow hier, lors de l\u2019ouverture de la premi\u00e8re Session extraordinaire de l\u2019ann\u00e9e 2024 de l\u2019Assembl\u00e9e nationale consacr\u00e9e \u00e0 la demande de r\u00e9actualisation du R\u00e8glement int\u00e9rieur de l\u2019Assembl\u00e9e nationale.<\/p>\n\n\n\n<p>Pour le parlementaire de Benno bokk yaakaar, la presse est bien plus qu\u2019un simple relais de l\u2019information, elle constitue un pilier fondamental de la d\u00e9mocratie. \u00abLa presse est un maillon important de la d\u00e9mocratie. Et c\u2019est triste de voir aujourd\u2019hui, au S\u00e9n\u00e9gal, au 21\u00e8me si\u00e8cle, une journ\u00e9e sans presse\u00bb, regrette le d\u00e9put\u00e9 et porte-parole adjoint de l\u2019Alliance pour la R\u00e9publique (Apr, ancien parti au pouvoir). Abdou Mbow rappelle que ce n\u2019est que la deuxi\u00e8me fois dans l\u2019histoire politique du S\u00e9n\u00e9gal qu\u2019une telle initiative est prise, la derni\u00e8re remontant \u00e0 l\u2019ann\u00e9e 2004. \u00abDans l\u2019histoire politique du S\u00e9n\u00e9gal, c\u2019est la deuxi\u00e8me fois, \u00e0 part en 2004, qu\u2019on organise une journ\u00e9e sans presse. Cela veut dire qu\u2019aujourd\u2019hui, l\u2019horizon est sombre, la d\u00e9mocratie a des difficult\u00e9s.<br>Cela veut dire qu\u2019on veut casser la libert\u00e9 d\u2019opinion. Cela veut dire qu\u2019aujourd\u2019hui, au S\u00e9n\u00e9gal, nous avons un pouvoir qui ne conna\u00eet pas les priorit\u00e9s\u00bb, d\u00e9clare Abdou Mbow. Le pr\u00e9sident du Groupe parlementaire Benno bokk yaakaar souligne \u00e9galement l\u2019impact \u00e9conomique potentiel d\u2019une telle r\u00e9gression, rappelant que la libert\u00e9 de la presse est un crit\u00e8re essentiel pour les organisations internationales lorsqu\u2019il s\u2019agit de soutenir certaines d\u00e9mocraties. \u00abIl faut le dire, m\u00eame sur le plan \u00e9conomique, la libert\u00e9 de presse, la libert\u00e9 d\u2019opinion font partie des crit\u00e8res que les organisations internationales mettent sur la table pour accompagner certaines d\u00e9mocraties\u00bb, pr\u00e9cise le responsable de l\u2019Alliance pour la R\u00e9publique.<\/p>\n\n\n\n<p>Le d\u00e9put\u00e9 conclut en exprimant son inqui\u00e9tude face \u00e0 ce qu\u2019il consid\u00e8re comme une tendance inqui\u00e9tante. \u00abEt aujourd\u2019hui on a not\u00e9 depuis 3 mois, comme l\u2019\u00e9ditorial commun l\u2019a bien d\u00e9crit : une volont\u00e9 manifeste de travailler \u00e0 tout<\/p>\n","protected":false},"excerpt":{"rendered":"<p>Lequotidien La journ\u00e9e sans presse d\u00e9cr\u00e9t\u00e9e hier a suscit\u00e9 une vague d\u2019indignations au sein de la classe politique. Pr\u00e9sident du Groupe parlementaire Benno bokk yaakaar (Bby), Abdou Mbow estime que la presse est bien plus qu\u2019un simple relais de l\u2019information, elle constitue un pilier fondamental de la d\u00e9mocratie. Par Ousmane SOW \u2013Face \u00e0 ce qu\u2019il [&hellip;]<\/p>\n","protected":false},"author":2,"featured_media":58794,"comment_status":"open","ping_status":"open","sticky":false,"template":"","format":"standard","meta":{"footnotes":""},"categories":[1447],"tags":[],"class_list":["post-58793","post","type-post","status-publish","format-standard","has-post-thumbnail","hentry","category-afrique"],"_links":{"self":[{"href":"https:\/\/lestracesdelinfo.com\/index.php\/wp-json\/wp\/v2\/posts\/58793","targetHints":{"allow":["GET"]}}],"collection":[{"href":"https:\/\/lestracesdelinfo.com\/index.php\/wp-json\/wp\/v2\/posts"}],"about":[{"href":"https:\/\/lestracesdelinfo.com\/index.php\/wp-json\/wp\/v2\/types\/post"}],"author":[{"embeddable":true,"href":"https:\/\/lestracesdelinfo.com\/index.php\/wp-json\/wp\/v2\/users\/2"}],"replies":[{"embeddable":true,"href":"https:\/\/lestracesdelinfo.com\/index.php\/wp-json\/wp\/v2\/comments?post=58793"}],"version-history":[{"count":1,"href":"https:\/\/lestracesdelinfo.com\/index.php\/wp-json\/wp\/v2\/posts\/58793\/revisions"}],"predecessor-version":[{"id":58795,"href":"https:\/\/lestracesdelinfo.com\/index.php\/wp-json\/wp\/v2\/posts\/58793\/revisions\/58795"}],"wp:featuredmedia":[{"embeddable":true,"href":"https:\/\/lestracesdelinfo.com\/index.php\/wp-json\/wp\/v2\/media\/58794"}],"wp:attachment":[{"href":"https:\/\/lestracesdelinfo.com\/index.php\/wp-json\/wp\/v2\/media?parent=58793"}],"wp:term":[{"taxonomy":"category","embeddable":true,"href":"https:\/\/lestracesdelinfo.com\/index.php\/wp-json\/wp\/v2\/categories?post=58793"},{"taxonomy":"post_tag","embeddable":true,"href":"https:\/\/lestracesdelinfo.com\/index.php\/wp-json\/wp\/v2\/tags?post=58793"}],"curies":[{"name":"wp","href":"https:\/\/api.w.org\/{rel}","templated":true}]}}