{"id":58796,"date":"2024-08-21T11:53:58","date_gmt":"2024-08-21T11:53:58","guid":{"rendered":"https:\/\/lestracesdelinfo.com\/?p=58796"},"modified":"2024-08-21T11:54:01","modified_gmt":"2024-08-21T11:54:01","slug":"le-senegal-met-en-place-une-commission-pour-reexaminer-les-contrats-strategiques-signes-par-letat","status":"publish","type":"post","link":"https:\/\/lestracesdelinfo.com\/index.php\/2024\/08\/21\/le-senegal-met-en-place-une-commission-pour-reexaminer-les-contrats-strategiques-signes-par-letat\/","title":{"rendered":"Le S\u00e9n\u00e9gal met en place une commission pour r\u00e9examiner les contrats strat\u00e9giques sign\u00e9s par l\u2019\u00c9tat"},"content":{"rendered":"\n<p><img loading=\"lazy\" decoding=\"async\" src=\"https:\/\/cridem.org\/media\/photos\/photo\/ousmane_sonko_2024_14943.jpeg\" alt=\"Le S\u00e9n\u00e9gal met en place une commission pour r\u00e9examiner les contrats strat\u00e9giques sign\u00e9s par l\u2019\u00c9tat\" width=\"300\" height=\"200\"><\/p>\n\n\n\n<p>RFI Afrique &#8211; Au S\u00e9n\u00e9gal, c\u2019\u00e9tait l\u2019une des grandes promesses du duo Bassirou Diomaye Faye-Ousmane Sonko, sorti victorieux de l\u2019\u00e9lection pr\u00e9sidentielle fin mars : ren\u00e9gocier les contrats sign\u00e9s avec des entreprises \u00e9trang\u00e8res dans les secteurs strat\u00e9giques.<br><br>Cette promesse semble commencer \u00e0 se concr\u00e9tiser puisque le Premier ministre Sonko a officiellement install\u00e9 le 19 ao\u00fbt 2024 une commission sur le sujet. En pr\u00e9ambule, le Premier ministre rappelle qu\u2019une plus grande transparence et un r\u00e9\u00e9quilibrage des contrats sign\u00e9s par l\u2019\u00c9tat du S\u00e9n\u00e9gal est un combat de longue date.<br><br>\u00ab En tant que parti politique d\u2019opposition, nous avions eu \u00e0 regretter et \u00e0 d\u00e9noncer vigoureusement la mani\u00e8re dont les accords et conventions \u00e9taient conclus, au d\u00e9triment, la plupart du temps, des int\u00e9r\u00eats strat\u00e9giques du S\u00e9n\u00e9gal et de son peuple. \u00bb<br><br><strong>\u00ab La logique n\u2019a jamais \u00e9t\u00e9 de venir raser tout \u00bb<\/strong><br><br>D\u00e9sormais au pouvoir, les autorit\u00e9s veulent donc agir. La commission, compos\u00e9e d\u2019experts juridiques, fiscaux et du secteur de l&rsquo;\u00e9nergie, travaillera sur les contrats miniers, p\u00e9troliers et gaziers. Des sp\u00e9cialistes, car il faut faire les choses dans un cadre l\u00e9gal, insiste Ousmane Sonko : \u00ab Contrairement \u00e0 ce que certains ont pu avancer : la logique n\u2019a jamais \u00e9t\u00e9 de venir raser tout, nationaliser comme certains le pensent m\u00eame. La logique est de travailler de mani\u00e8re rigoureuse, m\u00e9thodique. \u00bb<br><br>L\u2019objectif affich\u00e9 est de revenir \u00e0 la table des n\u00e9gociations en \u00e9tant bien pr\u00e9par\u00e9, affirme le chef du gouvernement : \u00ab C\u2019est un travail fastidieux qui devra permettre \u00e0 l\u2019\u00c9tat d\u2019avoir les moyens de poser ou d\u2019imposer la discussion avec les partenaires pour rediscuter, r\u00e9orienter, ces diff\u00e9rentes conventions, dans le sens de beaucoup plus d\u2019\u00e9quilibre, de gain partag\u00e9 pour les deux parties. \u00bb<br><br>L\u2019annonce intervient au moment o\u00f9 le S\u00e9n\u00e9gal devient un pays producteur de p\u00e9trole et de gaz. Mais, pour certains, dont l\u2019ancien pr\u00e9sident Macky Sall, ces ren\u00e9gociations pourraient avoir \u00ab des cons\u00e9quences d\u00e9sastreuses \u00bb sur l\u2019\u00e9conomie.<br><br><strong>Avec notre correspondant \u00e0 Dakar,<br>Gwendal Lavina<\/strong><\/p>\n","protected":false},"excerpt":{"rendered":"<p>RFI Afrique &#8211; Au S\u00e9n\u00e9gal, c\u2019\u00e9tait l\u2019une des grandes promesses du duo Bassirou Diomaye Faye-Ousmane Sonko, sorti victorieux de l\u2019\u00e9lection pr\u00e9sidentielle fin mars : ren\u00e9gocier les contrats sign\u00e9s avec des entreprises \u00e9trang\u00e8res dans les secteurs strat\u00e9giques. Cette promesse semble commencer \u00e0 se concr\u00e9tiser puisque le Premier ministre Sonko a officiellement install\u00e9 le 19 ao\u00fbt 2024 [&hellip;]<\/p>\n","protected":false},"author":2,"featured_media":58797,"comment_status":"open","ping_status":"open","sticky":false,"template":"","format":"standard","meta":{"footnotes":""},"categories":[1447],"tags":[],"class_list":["post-58796","post","type-post","status-publish","format-standard","has-post-thumbnail","hentry","category-afrique"],"_links":{"self":[{"href":"https:\/\/lestracesdelinfo.com\/index.php\/wp-json\/wp\/v2\/posts\/58796","targetHints":{"allow":["GET"]}}],"collection":[{"href":"https:\/\/lestracesdelinfo.com\/index.php\/wp-json\/wp\/v2\/posts"}],"about":[{"href":"https:\/\/lestracesdelinfo.com\/index.php\/wp-json\/wp\/v2\/types\/post"}],"author":[{"embeddable":true,"href":"https:\/\/lestracesdelinfo.com\/index.php\/wp-json\/wp\/v2\/users\/2"}],"replies":[{"embeddable":true,"href":"https:\/\/lestracesdelinfo.com\/index.php\/wp-json\/wp\/v2\/comments?post=58796"}],"version-history":[{"count":1,"href":"https:\/\/lestracesdelinfo.com\/index.php\/wp-json\/wp\/v2\/posts\/58796\/revisions"}],"predecessor-version":[{"id":58798,"href":"https:\/\/lestracesdelinfo.com\/index.php\/wp-json\/wp\/v2\/posts\/58796\/revisions\/58798"}],"wp:featuredmedia":[{"embeddable":true,"href":"https:\/\/lestracesdelinfo.com\/index.php\/wp-json\/wp\/v2\/media\/58797"}],"wp:attachment":[{"href":"https:\/\/lestracesdelinfo.com\/index.php\/wp-json\/wp\/v2\/media?parent=58796"}],"wp:term":[{"taxonomy":"category","embeddable":true,"href":"https:\/\/lestracesdelinfo.com\/index.php\/wp-json\/wp\/v2\/categories?post=58796"},{"taxonomy":"post_tag","embeddable":true,"href":"https:\/\/lestracesdelinfo.com\/index.php\/wp-json\/wp\/v2\/tags?post=58796"}],"curies":[{"name":"wp","href":"https:\/\/api.w.org\/{rel}","templated":true}]}}