{"id":58825,"date":"2024-08-23T09:57:12","date_gmt":"2024-08-23T09:57:12","guid":{"rendered":"https:\/\/lestracesdelinfo.com\/?p=58825"},"modified":"2024-08-23T09:57:15","modified_gmt":"2024-08-23T09:57:15","slug":"le-senegal-vient-de-voir-la-creation-dune-nouvelle-coalition-appelee-bloc-des-liberaux-et-democrates-bld-takku-sunir-en-wolof","status":"publish","type":"post","link":"https:\/\/lestracesdelinfo.com\/index.php\/2024\/08\/23\/le-senegal-vient-de-voir-la-creation-dune-nouvelle-coalition-appelee-bloc-des-liberaux-et-democrates-bld-takku-sunir-en-wolof\/","title":{"rendered":"Le S\u00e9n\u00e9gal vient de voir la cr\u00e9ation d\u2019une nouvelle coalition, appel\u00e9e \u00ab bloc des lib\u00e9raux et d\u00e9mocrates \u00bb (BLD) &#8211; Takku (\u00ab s&rsquo;unir \u00bb en wolof)."},"content":{"rendered":"\n<p><a href=\"https:\/\/www.msn.com\/fr-xl\/actualite\/other\/les-navires-de-croisi%C3%A8re-de-luxe-se-transforment-en-monstres-marins\/ss-AA1piebK\"><\/a><a href=\"https:\/\/www.msn.com\/fr-xl\/actualite\/other\/les-navires-de-croisi%C3%A8re-de-luxe-se-transforment-en-monstres-marins\/ss-AA1piebK\"><\/a><a href=\"https:\/\/www.msn.com\/fr-xl\/actualite\/other\/les-navires-de-croisi%C3%A8re-de-luxe-se-transforment-en-monstres-marins\/ss-AA1piebK\"><\/a><\/p>\n\n\n\n<p><a href=\"https:\/\/www.msn.com\/fr-xl\/actualite\/other\/f%C3%A8s-installation-des-nouveaux-agents-d-autorit%C3%A9\/ar-AA1pgo92\"><\/a><\/p>\n\n\n\n<p><strong>Le S\u00e9n\u00e9gal vient de voir la cr\u00e9ation d\u2019une nouvelle coalition, appel\u00e9e \u00ab bloc des lib\u00e9raux et d\u00e9mocrates \u00bb (BLD) &#8211; Takku (\u00ab s&rsquo;unir \u00bb en wolof).<\/strong><\/p>\n\n\n\n<figure class=\"wp-block-image\"><img decoding=\"async\" src=\"https:\/\/img-s-msn-com.akamaized.net\/tenant\/amp\/entityid\/AA1piCN9.img?w=534&amp;h=300&amp;m=6&amp;x=372&amp;y=78&amp;s=102&amp;d=102\" alt=\"L'ancien pr\u00e9sident du S\u00e9n\u00e9gal Macky Sall pose avant une interview avec l'Associated Press au palais pr\u00e9sidentiel de Dakar, au S\u00e9n\u00e9gal, le 9 f\u00e9vrier 2024.\" title=\"L'ancien pr\u00e9sident du S\u00e9n\u00e9gal Macky Sall pose avant une interview avec l'Associated Press au palais pr\u00e9sidentiel de Dakar, au S\u00e9n\u00e9gal, le 9 f\u00e9vrier 2024.\"\/><\/figure>\n\n\n\n<p>L&rsquo;ancien pr\u00e9sident du S\u00e9n\u00e9gal Macky Sall pose avant une interview avec l&rsquo;Associated Press au palais pr\u00e9sidentiel de Dakar, au S\u00e9n\u00e9gal, le 9 f\u00e9vrier 2024.\u00a9&nbsp;Sylvain Cherkaoui\/<\/p>\n\n\n\n<p><strong>Le S\u00e9n\u00e9gal vient de voir la cr\u00e9ation d\u2019une nouvelle coalition, appel\u00e9e \u00ab&nbsp;<em>bloc des lib\u00e9raux et d\u00e9mocrates<\/em>&nbsp;\u00bb (BLD) &#8211; Takku (\u00ab&nbsp;<em>s&rsquo;unir<\/em>&nbsp;\u00bb en wolof).<\/strong><\/p>\n\n\n\n<p>Compos\u00e9e de 40 partis, dont ceux de l\u2019ex-pr\u00e9sident Macky Sall ou de l\u2019ex-Premier ministre Idrissa Seck, cette formation est lanc\u00e9e alors que des rumeurs d\u2019une dissolution de l\u2019Assembl\u00e9e nationale prennent de l\u2019ampleur.Le \u00ab&nbsp;bloc des lib\u00e9raux et d\u00e9mocrates&nbsp;\u00bb (BLD) &#8211; Takku est compos\u00e9e de 40 partis. Y figurent l&rsquo;Alliance pour la R\u00e9publique (APR), de l&rsquo;ancien pr\u00e9sident Macky Sall, ou encore Rewmi de l&rsquo;ancien premier ministre Idrissa Seck. Mais le Parti d\u00e9mocratique s\u00e9n\u00e9galais (PDS), de Karim Wade, est absent de la formation.<\/p>\n\n\n\n<p>Cette nouvelle coalition s\u2019est lanc\u00e9e alors que la dissolution de l&rsquo;Assembl\u00e9e nationale et de nouvelles \u00e9lections l\u00e9gislatives ne sont pas \u00e0 exclure dans les prochains mois.<\/p>\n\n\n\n<p><\/p>\n\n\n\n<figure class=\"wp-block-embed is-type-video is-provider-youtube wp-block-embed-youtube wp-embed-aspect-16-9 wp-has-aspect-ratio\"><div class=\"wp-block-embed__wrapper\">\n<iframe loading=\"lazy\" title=\"La presse s\u00e9n\u00e9galaise se tait pour protester contre la situation \u00e9conomique \u2022 FRANCE 24\" width=\"640\" height=\"360\" src=\"https:\/\/www.youtube.com\/embed\/mBjvOR_sNXo?feature=oembed\" frameborder=\"0\" allow=\"accelerometer; autoplay; clipboard-write; encrypted-media; gyroscope; picture-in-picture; web-share\" referrerpolicy=\"strict-origin-when-cross-origin\" allowfullscreen><\/iframe>\n<\/div><\/figure>\n\n\n\n<p><img decoding=\"async\" src=\"https:\/\/assets.msn.com\/staticsb\/statics\/latest\/icons-wc\/icons\/VideoBlue.svg\">Vid\u00e9o associ\u00e9e:\u00a0Journ\u00e9e sans presse au S\u00e9n\u00e9gal\u00a0(France 24)<a href=\"https:\/\/youtu.be\/mBjvOR_sNXo\">https:\/\/youtu.be\/mBjvOR_sNXo<\/a><a href=\"https:\/\/www.msn.com\/fr-xl\/actualite\/afrique\/rdc-jean-bosco-mambo-appelle-%C3%A0-dialoguer-avec-les-rebelles\/ar-AA1pgdgS\"><\/a><\/p>\n\n\n\n<p><a href=\"https:\/\/www.msn.com\/fr-xl\/actualite\/other\/londres-berlin-et-washington-pourraient-devenir-les-prochaines-cibles-du-kremlin\/ar-AA1pionx\"><\/a><\/p>\n\n\n\n<p><a href=\"https:\/\/www.msn.com\/fr-xl\/afrique-centre-et-est\/actualite\/congo-70-de-la-population-vit-en-milieu-urbain\/ar-AA1pftoX\"><\/a><\/p>\n\n\n\n<p><a href=\"https:\/\/www.msn.com\/fr-xl\/actualite\/other\/la-famille-de-kamala-harris-tout-ce-qu-il-faut-savoir\/vi-AA1pfu0j\"><\/a><\/p>\n","protected":false},"excerpt":{"rendered":"<p>Le S\u00e9n\u00e9gal vient de voir la cr\u00e9ation d\u2019une nouvelle coalition, appel\u00e9e \u00ab bloc des lib\u00e9raux et d\u00e9mocrates \u00bb (BLD) &#8211; Takku (\u00ab s&rsquo;unir \u00bb en wolof). L&rsquo;ancien pr\u00e9sident du S\u00e9n\u00e9gal Macky Sall pose avant une interview avec l&rsquo;Associated Press au palais pr\u00e9sidentiel de Dakar, au S\u00e9n\u00e9gal, le 9 f\u00e9vrier 2024.\u00a9&nbsp;Sylvain Cherkaoui\/ Le S\u00e9n\u00e9gal vient de [&hellip;]<\/p>\n","protected":false},"author":2,"featured_media":58826,"comment_status":"open","ping_status":"open","sticky":false,"template":"","format":"standard","meta":{"footnotes":""},"categories":[1],"tags":[],"class_list":["post-58825","post","type-post","status-publish","format-standard","has-post-thumbnail","hentry","category-aucun"],"_links":{"self":[{"href":"https:\/\/lestracesdelinfo.com\/index.php\/wp-json\/wp\/v2\/posts\/58825","targetHints":{"allow":["GET"]}}],"collection":[{"href":"https:\/\/lestracesdelinfo.com\/index.php\/wp-json\/wp\/v2\/posts"}],"about":[{"href":"https:\/\/lestracesdelinfo.com\/index.php\/wp-json\/wp\/v2\/types\/post"}],"author":[{"embeddable":true,"href":"https:\/\/lestracesdelinfo.com\/index.php\/wp-json\/wp\/v2\/users\/2"}],"replies":[{"embeddable":true,"href":"https:\/\/lestracesdelinfo.com\/index.php\/wp-json\/wp\/v2\/comments?post=58825"}],"version-history":[{"count":1,"href":"https:\/\/lestracesdelinfo.com\/index.php\/wp-json\/wp\/v2\/posts\/58825\/revisions"}],"predecessor-version":[{"id":58827,"href":"https:\/\/lestracesdelinfo.com\/index.php\/wp-json\/wp\/v2\/posts\/58825\/revisions\/58827"}],"wp:featuredmedia":[{"embeddable":true,"href":"https:\/\/lestracesdelinfo.com\/index.php\/wp-json\/wp\/v2\/media\/58826"}],"wp:attachment":[{"href":"https:\/\/lestracesdelinfo.com\/index.php\/wp-json\/wp\/v2\/media?parent=58825"}],"wp:term":[{"taxonomy":"category","embeddable":true,"href":"https:\/\/lestracesdelinfo.com\/index.php\/wp-json\/wp\/v2\/categories?post=58825"},{"taxonomy":"post_tag","embeddable":true,"href":"https:\/\/lestracesdelinfo.com\/index.php\/wp-json\/wp\/v2\/tags?post=58825"}],"curies":[{"name":"wp","href":"https:\/\/api.w.org\/{rel}","templated":true}]}}