{"id":58837,"date":"2024-08-26T09:00:18","date_gmt":"2024-08-26T09:00:18","guid":{"rendered":"https:\/\/lestracesdelinfo.com\/?p=58837"},"modified":"2024-08-26T09:00:23","modified_gmt":"2024-08-26T09:00:23","slug":"en-tunisie-le-president-kais-saied-procede-a-un-vaste-remaniement-ministeriel","status":"publish","type":"post","link":"https:\/\/lestracesdelinfo.com\/index.php\/2024\/08\/26\/en-tunisie-le-president-kais-saied-procede-a-un-vaste-remaniement-ministeriel\/","title":{"rendered":"\u00a0En Tunisie, le pr\u00e9sident Ka\u00efs Sa\u00efed proc\u00e8de \u00e0 un vaste remaniement minist\u00e9riel"},"content":{"rendered":"\n<figure class=\"wp-block-image size-full\"><img loading=\"lazy\" decoding=\"async\" width=\"160\" height=\"185\" src=\"https:\/\/lestracesdelinfo.com\/wp-content\/uploads\/2024\/08\/image-14.png\" alt=\"\" class=\"wp-image-58839\"\/><\/figure>\n\n\n\n<p><strong>France24 <\/strong>&#8211; Le pr\u00e9sident de Tunisie Ka\u00efs Sa\u00efed a proc\u00e9d\u00e9 dimanche 25 ao\u00fbt \u00e0 un vaste remaniement minist\u00e9riel sans donner d&rsquo;explications, \u00e0 un peu plus d&rsquo;un mois de l&rsquo;\u00e9lection pr\u00e9sidentielle.<br><br>Ce remaniement inattendu comprend le remplacement de 19 ministres, dont ceux des Affaires \u00e9trang\u00e8res et de la D\u00e9fense, et de trois secr\u00e9taires d&rsquo;\u00c9tat, apr\u00e8s le limogeage d\u00e9but ao\u00fbt du Premier ministre, qui n&rsquo;a pas \u00e9t\u00e9 remplac\u00e9 depuis.<br><br>Mohamed Ali Nafti, ancien diplomate ayant exerc\u00e9 dans plusieurs ambassades tunisiennes, notamment en Gr\u00e8ce, en Espagne et en Cor\u00e9e du Sud, est le nouveau chef de la diplomatie. Il occupait le poste de secr\u00e9taire d&rsquo;\u00c9tat aupr\u00e8s du ministre des Affaires \u00e9trang\u00e8res lorsque Ka\u00efs Sa\u00efed l&rsquo;avait d\u00e9mis de ses fonctions en 2021.<br><br>Khaled Shili, \u00e9galement ex-diplomate et ancien responsable au minist\u00e8re des Affaires \u00e9trang\u00e8res, est d\u00e9sign\u00e9 ministre de la D\u00e9fense. Il a notamment \u00e9t\u00e9 ambassadeur en Jordanie.<br><br><strong>D\u00e9rive autoritaire<\/strong><br><br>Selon la pr\u00e9sidence, les trois nouveaux secr\u00e9taires d&rsquo;\u00c9tat assisteront le ministre des Affaires \u00e9trang\u00e8res, le ministre de l&rsquo;Agriculture et des ressources hydrauliques et celui de l&rsquo;Emploi.<br><br>Le pr\u00e9sident Ka\u00efs Sa\u00efed, 66 ans, d\u00e9mocratiquement \u00e9lu en 2019, s&rsquo;est accapar\u00e9 tous les pouvoirs lors d&rsquo;un coup de force le 25 juillet 2021, et est depuis accus\u00e9 de d\u00e9rive autoritaire par l&rsquo;opposition et ses d\u00e9tracteurs. Il brigue aujourd&rsquo;hui un second mandat pr\u00e9sidentiel dans le cadre de ce qu&rsquo;il a qualifi\u00e9 de \u00ab\u00a0guerre de lib\u00e9ration et d&rsquo;autod\u00e9termination\u00a0\u00bb visant \u00e0 \u00ab\u00a0\u00e9tablir une nouvelle r\u00e9publique\u00a0\u00bb.<br><br>Face \u00e0 lui lors de cette pr\u00e9sidentielle pr\u00e9vue le 6 octobre, les deux autres candidats sont Zouhair Maghzaoui, un ex-d\u00e9put\u00e9 de la gauche panarabe, et un industriel quadrag\u00e9naire, Ayachi Zammel, chef d&rsquo;un parti lib\u00e9ral.<br><br><strong>\u00ab\u00a0Emp\u00each\u00e9s de se pr\u00e9senter\u00a0\u00bb<\/strong><br><br>Mardi, l&rsquo;ONG Human Rights Watch (HRW) avait affirm\u00e9 qu'\u00a0\u00bbau moins huit candidats potentiels ont \u00e9t\u00e9 poursuivis en justice, condamn\u00e9s ou emprisonn\u00e9s\u00a0\u00bb et, de facto, \u00ab\u00a0emp\u00each\u00e9s de se pr\u00e9senter\u00a0\u00bb. Il s&rsquo;agit notamment des dirigeants de l&rsquo;opposition Issam Chebbi et Ghazi Chaouachi, et de la cheffe du Parti destourien libre Abir Moussi, une figure de l&rsquo;opposition nostalgique des anciens r\u00e9gimes de Habib Bourguiba et Zine El Abidine Ben Ali.<br><br>\u00ab\u00a0Apr\u00e8s avoir emprisonn\u00e9 des dizaines d&rsquo;opposants et de militants de renom, les autorit\u00e9s ont \u00e9cart\u00e9 presque tous les concurrents s\u00e9rieux de la course \u00e0 la pr\u00e9sidence, r\u00e9duisant cette \u00e9lection \u00e0 une simple formalit\u00e9\u00a0\u00bb, a d\u00e9clar\u00e9 Bassam Khawaja, directeur adjoint de la division Moyen-Orient\/Afrique du Nord pour HRW.<br><br>Plusieurs candidats s&rsquo;\u00e9taient notamment plaints d&rsquo;avoir \u00e9t\u00e9 entrav\u00e9s sur le plan administratif pour obtenir les formulaires de parrainages ainsi qu&rsquo;un extrait de casier judiciaire.<br><br>Le 8 ao\u00fbt, les services du pr\u00e9sident avaient annonc\u00e9 le limogeage du Premier ministre Ahmed Hachani, sans donner d&rsquo;explications officielles.<br><br>Apr\u00e8s s&rsquo;\u00eatre octroy\u00e9 les pleins pouvoirs, Ka\u00efs Sa\u00efed a r\u00e9vis\u00e9 la Constitution pour substituer au r\u00e9gime parlementaire en vigueur, un syst\u00e8me ultrapr\u00e9sidentialiste o\u00f9 le Parlement n&rsquo;a pratiquement plus de pouvoirs. Il a, en outre, selon ses opposants, d\u00e9mantel\u00e9 la plupart des institutions de contrepoids instaur\u00e9es depuis l&rsquo;av\u00e8nement de la d\u00e9mocratie et la chute de la dictature de Ben Ali en 2011, dans le sillage du Printemps arabe.<br><br>Avec AFP<\/p>\n","protected":false},"excerpt":{"rendered":"<p>France24 &#8211; Le pr\u00e9sident de Tunisie Ka\u00efs Sa\u00efed a proc\u00e9d\u00e9 dimanche 25 ao\u00fbt \u00e0 un vaste remaniement minist\u00e9riel sans donner d&rsquo;explications, \u00e0 un peu plus d&rsquo;un mois de l&rsquo;\u00e9lection pr\u00e9sidentielle. Ce remaniement inattendu comprend le remplacement de 19 ministres, dont ceux des Affaires \u00e9trang\u00e8res et de la D\u00e9fense, et de trois secr\u00e9taires d&rsquo;\u00c9tat, apr\u00e8s le [&hellip;]<\/p>\n","protected":false},"author":2,"featured_media":58840,"comment_status":"open","ping_status":"open","sticky":false,"template":"","format":"standard","meta":{"footnotes":""},"categories":[1447],"tags":[],"class_list":["post-58837","post","type-post","status-publish","format-standard","has-post-thumbnail","hentry","category-afrique"],"_links":{"self":[{"href":"https:\/\/lestracesdelinfo.com\/index.php\/wp-json\/wp\/v2\/posts\/58837","targetHints":{"allow":["GET"]}}],"collection":[{"href":"https:\/\/lestracesdelinfo.com\/index.php\/wp-json\/wp\/v2\/posts"}],"about":[{"href":"https:\/\/lestracesdelinfo.com\/index.php\/wp-json\/wp\/v2\/types\/post"}],"author":[{"embeddable":true,"href":"https:\/\/lestracesdelinfo.com\/index.php\/wp-json\/wp\/v2\/users\/2"}],"replies":[{"embeddable":true,"href":"https:\/\/lestracesdelinfo.com\/index.php\/wp-json\/wp\/v2\/comments?post=58837"}],"version-history":[{"count":1,"href":"https:\/\/lestracesdelinfo.com\/index.php\/wp-json\/wp\/v2\/posts\/58837\/revisions"}],"predecessor-version":[{"id":58841,"href":"https:\/\/lestracesdelinfo.com\/index.php\/wp-json\/wp\/v2\/posts\/58837\/revisions\/58841"}],"wp:featuredmedia":[{"embeddable":true,"href":"https:\/\/lestracesdelinfo.com\/index.php\/wp-json\/wp\/v2\/media\/58840"}],"wp:attachment":[{"href":"https:\/\/lestracesdelinfo.com\/index.php\/wp-json\/wp\/v2\/media?parent=58837"}],"wp:term":[{"taxonomy":"category","embeddable":true,"href":"https:\/\/lestracesdelinfo.com\/index.php\/wp-json\/wp\/v2\/categories?post=58837"},{"taxonomy":"post_tag","embeddable":true,"href":"https:\/\/lestracesdelinfo.com\/index.php\/wp-json\/wp\/v2\/tags?post=58837"}],"curies":[{"name":"wp","href":"https:\/\/api.w.org\/{rel}","templated":true}]}}