{"id":58853,"date":"2024-08-27T18:41:51","date_gmt":"2024-08-27T18:41:51","guid":{"rendered":"https:\/\/lestracesdelinfo.com\/?p=58853"},"modified":"2024-08-27T18:41:53","modified_gmt":"2024-08-27T18:41:53","slug":"guinee-les-inondations-a-conakry-consequence-de-pluies-diluviennes-et-de-decennies-de-negligence","status":"publish","type":"post","link":"https:\/\/lestracesdelinfo.com\/index.php\/2024\/08\/27\/guinee-les-inondations-a-conakry-consequence-de-pluies-diluviennes-et-de-decennies-de-negligence\/","title":{"rendered":"Guin\u00e9e\u00a0: les inondations \u00e0 Conakry, cons\u00e9quence de pluies diluviennes et de \u00ab\u00a0d\u00e9cennies de n\u00e9gligence\u00a0"},"content":{"rendered":"\n<figure class=\"wp-block-image size-full\"><img loading=\"lazy\" decoding=\"async\" width=\"556\" height=\"371\" src=\"https:\/\/lestracesdelinfo.com\/wp-content\/uploads\/2024\/08\/012de1d_1724768023843-gvw8s2axcaa9kez.jpg\" alt=\"\" class=\"wp-image-58854\" srcset=\"https:\/\/lestracesdelinfo.com\/wp-content\/uploads\/2024\/08\/012de1d_1724768023843-gvw8s2axcaa9kez.jpg 556w, https:\/\/lestracesdelinfo.com\/wp-content\/uploads\/2024\/08\/012de1d_1724768023843-gvw8s2axcaa9kez-300x200.jpg 300w\" sizes=\"auto, (max-width: 556px) 100vw, 556px\" \/><\/figure>\n\n\n\n<p>Selon un bilan officiel, les fortes pr\u00e9cipitations qui se sont abattues sur la capitale ce week-end ont fait deux morts et un disparu. Des habitants d\u00e9noncent des infrastructures inadapt\u00e9es.<\/p>\n\n\n\n<p id=\"js-authors-trigger\">Par\u00a0<a href=\"\/signataires\/judith-renoult\/\">Judith Renoult<\/a> <\/p>\n\n\n\n<figure class=\"wp-block-image\"><img decoding=\"async\" src=\"https:\/\/img.lemde.fr\/2024\/08\/27\/0\/238\/727\/485\/664\/0\/75\/0\/012de1d_1724768023843-gvw8s2axcaa9kez.jpg\" alt=\"Une photo des inondations \u00e0 Conakry, publi\u00e9e le 24\u00a0ao\u00fbt 2024\u00a0sur le compte X du premier ministre guin\u00e9en, Amadou Oury Bah.\"\/><figcaption class=\"wp-element-caption\">Une photo des inondations \u00e0 Conakry, publi\u00e9e le 24&nbsp;ao\u00fbt 2024&nbsp;sur le compte X du premier ministre guin\u00e9en, Amadou Oury Bah. @PMGUINEE17&nbsp;\/ X<\/figcaption><\/figure>\n\n\n\n<p>Des torrents d\u2019eau marron se sont d\u00e9vers\u00e9s dans les rues de Conakry suite aux pluies diluviennes survenues samedi&nbsp;24&nbsp;et dimanche 25&nbsp;ao\u00fbt. Le bilan officiel de ces intemp\u00e9ries \u00e9tait de deux morts et un disparu mardi, d\u2019apr\u00e8s Radio France internationale (RFI) et d\u2019autres m\u00e9dias en <a href=\"https:\/\/www.lemonde.fr\/guinee\/\">Guin\u00e9e<\/a>. Samedi, l\u2019Agence nationale de gestion des urgences et catastrophes humanitaires (Anguch) \u00e9tablissait que plus de 17&nbsp;000&nbsp;personnes \u00e9taient affect\u00e9es.<\/p>\n\n\n\n<p>Dans certains quartiers de la capitale, l\u2019eau a presque enti\u00e8rement submerg\u00e9 les voitures et d\u00e9truit des murs d\u2019habitations. L\u2019Agence nationale de la m\u00e9t\u00e9orologie (ANM) avait alert\u00e9 au pr\u00e9alable les populations des fortes pluies \u00e0 venir, mais ses avertissements sont rest\u00e9s sans cons\u00e9quence. Dans plusieurs vid\u00e9os circulant sur les r\u00e9seaux sociaux, on peut voir des habitants, seau \u00e0 la main, tentant d\u2019\u00e9vacuer l\u2019eau de leur maison. Certains racontent avoir failli \u00eatre emport\u00e9s par le courant.<\/p>\n\n\n\n<p><em>\u00ab<\/em>&nbsp;<em>Pour sauver des vies, nous devons corriger des d\u00e9cennies de n\u00e9gligence administrative&nbsp;\u00bb, <\/em>a expliqu\u00e9 lundi le premier ministre, Amadou Oury Bah, sur le r\u00e9seau social X. <em>\u00ab<\/em>&nbsp;<em>Des op\u00e9rations d\u2019ouverture des voies de ruissellement des eaux pluviales seront men\u00e9es partout o\u00f9 cela est n\u00e9cessaire&nbsp;\u00bb,<\/em> a-t-il assur\u00e9 apr\u00e8s une r\u00e9union technique tenue au lendemain des inondations.<\/p>\n\n\n\n<p><\/p>\n","protected":false},"excerpt":{"rendered":"<p>Selon un bilan officiel, les fortes pr\u00e9cipitations qui se sont abattues sur la capitale ce week-end ont fait deux morts et un disparu. Des habitants d\u00e9noncent des infrastructures inadapt\u00e9es. Par\u00a0Judith Renoult Des torrents d\u2019eau marron se sont d\u00e9vers\u00e9s dans les rues de Conakry suite aux pluies diluviennes survenues samedi&nbsp;24&nbsp;et dimanche 25&nbsp;ao\u00fbt. Le bilan officiel de [&hellip;]<\/p>\n","protected":false},"author":2,"featured_media":58854,"comment_status":"open","ping_status":"open","sticky":false,"template":"","format":"standard","meta":{"footnotes":""},"categories":[1447],"tags":[],"class_list":["post-58853","post","type-post","status-publish","format-standard","has-post-thumbnail","hentry","category-afrique"],"_links":{"self":[{"href":"https:\/\/lestracesdelinfo.com\/index.php\/wp-json\/wp\/v2\/posts\/58853","targetHints":{"allow":["GET"]}}],"collection":[{"href":"https:\/\/lestracesdelinfo.com\/index.php\/wp-json\/wp\/v2\/posts"}],"about":[{"href":"https:\/\/lestracesdelinfo.com\/index.php\/wp-json\/wp\/v2\/types\/post"}],"author":[{"embeddable":true,"href":"https:\/\/lestracesdelinfo.com\/index.php\/wp-json\/wp\/v2\/users\/2"}],"replies":[{"embeddable":true,"href":"https:\/\/lestracesdelinfo.com\/index.php\/wp-json\/wp\/v2\/comments?post=58853"}],"version-history":[{"count":1,"href":"https:\/\/lestracesdelinfo.com\/index.php\/wp-json\/wp\/v2\/posts\/58853\/revisions"}],"predecessor-version":[{"id":58855,"href":"https:\/\/lestracesdelinfo.com\/index.php\/wp-json\/wp\/v2\/posts\/58853\/revisions\/58855"}],"wp:featuredmedia":[{"embeddable":true,"href":"https:\/\/lestracesdelinfo.com\/index.php\/wp-json\/wp\/v2\/media\/58854"}],"wp:attachment":[{"href":"https:\/\/lestracesdelinfo.com\/index.php\/wp-json\/wp\/v2\/media?parent=58853"}],"wp:term":[{"taxonomy":"category","embeddable":true,"href":"https:\/\/lestracesdelinfo.com\/index.php\/wp-json\/wp\/v2\/categories?post=58853"},{"taxonomy":"post_tag","embeddable":true,"href":"https:\/\/lestracesdelinfo.com\/index.php\/wp-json\/wp\/v2\/tags?post=58853"}],"curies":[{"name":"wp","href":"https:\/\/api.w.org\/{rel}","templated":true}]}}