{"id":58856,"date":"2024-08-27T18:44:52","date_gmt":"2024-08-27T18:44:52","guid":{"rendered":"https:\/\/lestracesdelinfo.com\/?p=58856"},"modified":"2024-08-29T08:01:39","modified_gmt":"2024-08-29T08:01:39","slug":"election-a-la-presidence-de-la-bad-le-mauritanien-ousmane-kane-dans-les-starting-blocks","status":"publish","type":"post","link":"https:\/\/lestracesdelinfo.com\/index.php\/2024\/08\/27\/election-a-la-presidence-de-la-bad-le-mauritanien-ousmane-kane-dans-les-starting-blocks\/","title":{"rendered":"\u00c9lection \u00e0 la pr\u00e9sidence de la BAD: le mauritanien Ousmane Kane dans les starting-blocks"},"content":{"rendered":"\n<p><img decoding=\"async\" src=\"https:\/\/platform-cdn.sharethis.com\/img\/twitter.svg\" alt=\"twitter sharing button\"><\/p>\n\n\n\n<figure class=\"wp-block-image\"><img decoding=\"async\" src=\"https:\/\/platform-cdn.sharethis.com\/img\/messenger.svg\" alt=\"messenger sharing button\"\/><\/figure>\n\n\n\n<figure class=\"wp-block-image\"><a href=\"https:\/\/news.abidjan.net\/photos\/895162-election-a-la-presidence-de-la-bad-le-mauritanien-ousmane-kane-dans-les-starting-blocks\"><img decoding=\"async\" src=\"https:\/\/media-files.abidjan.net\/photo\/election-a-la-presidence-de-la-bad-le-mauritanien-ousmane-kane-dans-les-sta_skhpw5ih3wa.jpg\" alt=\"\"\/><\/a><\/figure>\n\n\n\n<p>\u00a9 Abidjan.net Par DR<br>\u00c9lection \u00e0 la pr\u00e9sidence de la BAD: le mauritanien Ousmane Kane dans les starting-blocks<\/p>\n\n\n\n<p>La Banque africaine de d\u00e9veloppement (BAD), une institution financi\u00e8re multinationale de d\u00e9veloppement bas\u00e9e \u00e0 Abidjan en C\u00f4te d\u2019Ivoire, \u00e9lira un nouveau pr\u00e9sident en mai 2025.<\/p>\n\n\n\n<p>A quelques mois de l&rsquo;ouverture des candidatures pour cette \u00e9lection pr\u00e9vue en septembre prochain, plusieurs candidats sont dans les starting-blocks.<\/p>\n\n\n\n<p>Selon une note d&rsquo;information transmise le lundi 27 ao\u00fbt 2024 \u00e0 Abidjan.net, \u00ab\u00a0parmi les noms qui circulent avec insistance \u00ab\u00a0, celui du mauritanien Ousmane Kane,&nbsp;une personnalit\u00e9 proche du pr\u00e9sident de la Mauritanie Mohamed Ould El Ghazaouani qui a travaill\u00e9 pendant une quinzaine d&rsquo;ann\u00e9es \u00e0 plusieurs postes de responsabilit\u00e9 \u00e0 la BAD dont celui de vice-pr\u00e9sident charg\u00e9 des services institutionnels.<\/p>\n\n\n\n<p>\u00a0\u00bb Ousmane Kane a toujours pr\u00f4n\u00e9 une approche inclusive et durable du d\u00e9veloppement. Cela s&rsquo;\u00e9tait refl\u00e9t\u00e9 d\u00e9j\u00e0 en&nbsp;2003 dans le premier plan strat\u00e9gique pour la p\u00e9riode 2003-2007 de la BAD qu&rsquo;il avait \u00e9labor\u00e9 avec ses \u00e9quipes en qualit\u00e9 de directeur de la planification de l&rsquo;institution. Aussi dans ses d\u00e9clarations r\u00e9centes, il a soulign\u00e9 l&rsquo;importance de renforcer les infrastructures, d&rsquo;encourager l&rsquo;innovation et de promouvoir une int\u00e9gration r\u00e9gionale accrue \u00ab\u00a0, a fait savoir la note.<\/p>\n\n\n\n<p>Par ailleurs, \u00e0 en croire le document, \u00a0\u00bb fort d&rsquo;une carri\u00e8re impressionnante\u00a0\u00bb&nbsp;au service de l&rsquo;\u00e9conomie de son pays et de l&rsquo;Afrique en g\u00e9n\u00e9ral,&nbsp;M. Kane a \u00e9t\u00e9 approch\u00e9 par plusieurs personnalit\u00e9s du continent afin de se porter candidat \u00e0 la pr\u00e9sidence de la BAD.<\/p>\n\n\n\n<p>\u00a0\u00bb Sa candidature b\u00e9n\u00e9ficie d&rsquo;un large soutien au sein de plusieurs pays membres africains et non africains, des organisations de la soci\u00e9t\u00e9 civile et des milieux d&rsquo;affaires. Des personnalit\u00e9s influentes du secteur financier et des gouvernements africains ont exprim\u00e9 leur confiance en son leadership et sa capacit\u00e9 \u00e0 naviguer dans les complexit\u00e9s \u00e9conomiques de notre \u00e9poque. Sa r\u00e9ponse est vivement attendue \u00ab\u00a0, a pr\u00e9cis\u00e9 le document.<\/p>\n\n\n\n<p>En outre, la note estime que cette \u00e9lection \u00e0 la pr\u00e9sidence de la BAD pr\u00e9vue en mai 2025 \u00a0\u00bb rev\u00eat une importance capitale\u00a0\u00bb pour cette institution.<\/p>\n\n\n\n<p>Dipl\u00f4m\u00e9 de la prestigieuse \u00e9cole polytechnique de Paris et de l&rsquo;\u00e9cole nationale sup\u00e9rieure des mines de Saint-Etienne, Ousmane Kane a travaill\u00e9 pr\u00e8s de 15 ans au sein de la BAD.<\/p>\n\n\n\n<p>Il a occup\u00e9, entre autres, les postes de directeur des ressources humaines, directeur de la planification strat\u00e9gique et vice-pr\u00e9sident charg\u00e9 des services institutionnels de la BAD.<\/p>\n\n\n\n<p>Hormis M. Ousmane Kane, plusieurs autres personnalit\u00e9s sont pressenties pour se porter candidat \u00e0 la pr\u00e9sidence de la BAD.<\/p>\n\n\n\n<p>L&rsquo;on peut citer entre autres,&nbsp;le b\u00e9ninois Romuald Wadagni, le tchadien Abbas Mahamat Tolli et le S\u00e9n\u00e9galais Amadou Hott.<\/p>\n\n\n\n<p>L.Barro<\/p>\n","protected":false},"excerpt":{"rendered":"<p>\u00a9 Abidjan.net Par DR\u00c9lection \u00e0 la pr\u00e9sidence de la BAD: le mauritanien Ousmane Kane dans les starting-blocks La Banque africaine de d\u00e9veloppement (BAD), une institution financi\u00e8re multinationale de d\u00e9veloppement bas\u00e9e \u00e0 Abidjan en C\u00f4te d\u2019Ivoire, \u00e9lira un nouveau pr\u00e9sident en mai 2025. A quelques mois de l&rsquo;ouverture des candidatures pour cette \u00e9lection pr\u00e9vue en septembre [&hellip;]<\/p>\n","protected":false},"author":2,"featured_media":58857,"comment_status":"open","ping_status":"open","sticky":false,"template":"","format":"standard","meta":{"footnotes":""},"categories":[1447],"tags":[],"class_list":["post-58856","post","type-post","status-publish","format-standard","has-post-thumbnail","hentry","category-afrique"],"_links":{"self":[{"href":"https:\/\/lestracesdelinfo.com\/index.php\/wp-json\/wp\/v2\/posts\/58856","targetHints":{"allow":["GET"]}}],"collection":[{"href":"https:\/\/lestracesdelinfo.com\/index.php\/wp-json\/wp\/v2\/posts"}],"about":[{"href":"https:\/\/lestracesdelinfo.com\/index.php\/wp-json\/wp\/v2\/types\/post"}],"author":[{"embeddable":true,"href":"https:\/\/lestracesdelinfo.com\/index.php\/wp-json\/wp\/v2\/users\/2"}],"replies":[{"embeddable":true,"href":"https:\/\/lestracesdelinfo.com\/index.php\/wp-json\/wp\/v2\/comments?post=58856"}],"version-history":[{"count":1,"href":"https:\/\/lestracesdelinfo.com\/index.php\/wp-json\/wp\/v2\/posts\/58856\/revisions"}],"predecessor-version":[{"id":58858,"href":"https:\/\/lestracesdelinfo.com\/index.php\/wp-json\/wp\/v2\/posts\/58856\/revisions\/58858"}],"wp:featuredmedia":[{"embeddable":true,"href":"https:\/\/lestracesdelinfo.com\/index.php\/wp-json\/wp\/v2\/media\/58857"}],"wp:attachment":[{"href":"https:\/\/lestracesdelinfo.com\/index.php\/wp-json\/wp\/v2\/media?parent=58856"}],"wp:term":[{"taxonomy":"category","embeddable":true,"href":"https:\/\/lestracesdelinfo.com\/index.php\/wp-json\/wp\/v2\/categories?post=58856"},{"taxonomy":"post_tag","embeddable":true,"href":"https:\/\/lestracesdelinfo.com\/index.php\/wp-json\/wp\/v2\/tags?post=58856"}],"curies":[{"name":"wp","href":"https:\/\/api.w.org\/{rel}","templated":true}]}}