{"id":58859,"date":"2024-08-28T10:42:37","date_gmt":"2024-08-28T10:42:37","guid":{"rendered":"https:\/\/lestracesdelinfo.com\/?p=58859"},"modified":"2024-08-28T10:42:40","modified_gmt":"2024-08-28T10:42:40","slug":"declaration-conjointe-entre-la-republique-islamique-de-mauritanie-et-le-royaume-despagne","status":"publish","type":"post","link":"https:\/\/lestracesdelinfo.com\/index.php\/2024\/08\/28\/declaration-conjointe-entre-la-republique-islamique-de-mauritanie-et-le-royaume-despagne\/","title":{"rendered":"D\u00e9claration conjointe entre la R\u00e9publique Islamique de Mauritanie et le Royaume d\u2019Espagne"},"content":{"rendered":"\n<p>AMI<\/p>\n\n\n\n<figure class=\"wp-block-image\"><a href=\"https:\/\/ami.mr\/fr\/wp-content\/uploads\/2024\/08\/22222.jpg\"><img decoding=\"async\" src=\"https:\/\/ami.mr\/fr\/wp-content\/uploads\/2024\/08\/22222-750x430.jpg\" alt=\"\"\/><\/a><\/figure>\n\n\n\n<p>Son Excellence le Pr\u00e9sident de la R\u00e9publique, Pr\u00e9sident de l\u2019Union Africaine, Monsieur Mohamed Ould Cheikh El-Ghazouani a re\u00e7u, le 27 ao\u00fbt 2024 Son Excellence Monsieur Pedro Sanchez, pr\u00e9sident du gouvernement du Royaume d\u2019Espagne.<\/p>\n\n\n\n<p>Cette visite intervient apr\u00e8s la r\u00e9\u00e9lection du Pr\u00e9sident Mohamed Ould Cheikh El Ghazouani qui marque l\u2019ouverture d\u2019une nouvelle \u00e9tape.<\/p>\n\n\n\n<p>Les deux Pr\u00e9sidents ont soulign\u00e9 la profondeur et la richesse des relations de voisinage et d\u2019amiti\u00e9 entre leurs deux pays, unis par des liens culturels et historiques.<\/p>\n\n\n\n<p>Renforcer le multilat\u00e9ralisme et la relation entre la Mauritanie et l\u2019UE<\/p>\n\n\n\n<p>1. La Mauritanie et l\u2019Espagne r\u00e9affirment leur plein engagement en faveur d\u2019un ordre international plus juste et un multilat\u00e9ralisme plus d\u00e9mocratique, plus \u00e9quitable et plus inclusif et expriment leur adh\u00e9sion aux buts et aux principes \u00e9nonc\u00e9s dans la Charte des Nations Unies. Les deux pays consid\u00e8rent que les principes de souverainet\u00e9 nationale et d\u2019int\u00e9grit\u00e9 territoriale, de m\u00eame que la protection des droits humains, sont les pierres angulaires de la coexistence pacifique entre les peuples.<\/p>\n\n\n\n<p>2. Le Pr\u00e9sident du Gouvernement de l\u2019Espagne souligne le r\u00f4le majeur de la Mauritanie sur la sc\u00e8ne internationale, dont t\u00e9moigne sa pr\u00e9sidence actuelle de l\u2019Union africaine. L\u2019exercice de cette pr\u00e9sidence conf\u00e8re \u00e0 la Mauritanie un r\u00f4le privil\u00e9gi\u00e9 dans diverses enceintes internationales, y compris le G-20. Les deux pays conviennent de la n\u00e9cessit\u00e9 de maintenir leur engagement envers le Sahel. \u00c0 cet \u00e9gard, le Pr\u00e9sident S\u00e1nchez rel\u00e8ve \u00e9galement l\u2019importance de la r\u00e9union des Envoy\u00e9s sp\u00e9ciaux pour le Sahel, tenue \u00e0 Nouakchott en 2023 et coorganis\u00e9e par l\u2019Espagne \u00e0 l\u2019occasion de sa pr\u00e9sidence tournante du Conseil de l\u2019UE.<\/p>\n\n\n\n<p>3. Le Pr\u00e9sident de la Mauritanie met en avant le r\u00f4le essentiel de l\u2019Espagne au sein de l\u2019Union europ\u00e9enne, du G-20 et des Nations Unies. Il rappelle l\u2019engagement et le leadership de l\u2019Espagne dans l\u2019impulsion donn\u00e9e \u00e0 la politique europ\u00e9enne en M\u00e9diterran\u00e9e et au Sahel, et salue son r\u00f4le de relais aupr\u00e8s de l\u2019UE, illustr\u00e9 par la visite conjointe du Pr\u00e9sident S\u00e1nchez et de la Pr\u00e9sidente de la Commission europ\u00e9enne, Mme Ursula von der Leyen, en Mauritanie en f\u00e9vrier 2024. Ce travail de relais permet \u00e0 l\u2019UE de conna\u00eetre les pr\u00e9occupations de la Mauritanie et d\u2019y r\u00e9pondre.<\/p>\n\n\n\n<p>4. Les deux pays se f\u00e9licitent du soutien apport\u00e9 par l\u2019Union europ\u00e9enne \u00e0 la Mauritanie en f\u00e9vrier dernier, lors de la visite conjointe de la Pr\u00e9sidente de la Commission europ\u00e9enne et du Pr\u00e9sident S\u00e1nchez, au cours de laquelle l\u2019UE a annonc\u00e9 la mobilisation de 210 millions d\u2019euros suppl\u00e9mentaires pour la Mauritanie en 2024. L\u2019Espagne poursuit son travail de plaidoyer aupr\u00e8s de l\u2019Union europ\u00e9enne pour que l\u2019allocation de ces fonds se fasse dans le cadre d\u2019un dialogue qui tienne compte avant tout des priorit\u00e9s de la Mauritanie, conform\u00e9ment au principe d\u2019appropriation et dans le droit fil de l\u2019esprit \u00ab \u00c9quipe Europe \u00bb.<\/p>\n\n\n\n<p>5. La Mauritanie et l\u2019Espagne soulignent l\u2019importance de la quatri\u00e8me Conf\u00e9rence internationale sur le financement du d\u00e9veloppement qui se tiendra \u00e0 S\u00e9ville en 2025, et insistent sur l\u2019urgence d\u2019adopter des r\u00e9formes pour accro\u00eetre le financement du d\u00e9veloppement durable et acc\u00e9l\u00e9rer la mise en \u0153uvre de l\u2019Agenda 2030.<\/p>\n\n\n\n<p>6. Face \u00e0 l\u2019ampleur de l\u2019urgence climatique, la Mauritanie et l\u2019Espagne soulignent qu\u2019il faut acc\u00e9l\u00e9rer la mise en \u0153uvre des mesures d\u2019att\u00e9nuation et d\u2019adaptation et intensifier les efforts mondiaux visant \u00e0 faciliter l\u2019acc\u00e8s au financement, \u00e0 la technologie et au renforcement des capacit\u00e9s climatiques pour les pays en d\u00e9veloppement vuln\u00e9rables, dans la perspective de r\u00e9duire \u00e0 z\u00e9ro les \u00e9missions mondiales nettes de gaz \u00e0 effet de serre aux environs du milieu du si\u00e8cle et de maintenir l\u2019objectif de 1,5\u00b0C. Les deux pays r\u00e9affirment leur d\u00e9termination \u00e0 renforcer leur coop\u00e9ration en mati\u00e8re de protection de l\u2019environnement, de conservation de la biodiversit\u00e9, de gestion de la pollution et de promotion d\u2019une croissance durable. Ils conviennent d\u2019\u0153uvrer de mani\u00e8re constructive au succ\u00e8s de la COP29 de Bakou, qui devra notamment produire des r\u00e9sultats concrets, avec l\u2019adoption du nouvel objectif collectif quantifi\u00e9, et conduire \u00e0 des progr\u00e8s en mati\u00e8re d\u2019att\u00e9nuation. Ils entendent \u00e9galement travailler \u00e0 la mise en \u0153uvre du Fonds pour les pertes et dommages.<\/p>\n\n\n\n<p>7. Les deux pays mettent en avant l\u2019importance de promouvoir la coop\u00e9ration internationale pour faire face \u00e0 la d\u00e9sertification et aux s\u00e9cheresses. \u00c0 cet \u00e9gard, ils saluent les progr\u00e8s de l\u2019Alliance internationale pour la r\u00e9silience face \u00e0 la s\u00e9cheresse (IDRA), lanc\u00e9e officiellement par l\u2019Espagne et le S\u00e9n\u00e9gal lors de la COP27 de 2022 en \u00c9gypte, dont la Mauritanie est membre fondateur.<\/p>\n\n\n\n<p>Promouvoir les relations bilat\u00e9rales entre la Mauritanie et l\u2019Espagne<\/p>\n\n\n\n<p>8. La Mauritanie et l\u2019Espagne constatent l\u2019excellence des relations bilat\u00e9rales et soulignent notamment la ratification du Trait\u00e9 d\u2019amiti\u00e9, de bon voisinage et de coop\u00e9ration, qui \u00e9l\u00e8ve ces relations au plus haut niveau politique. Les deux pays se f\u00e9licitent de la mise en place de divers m\u00e9canismes de collaboration dans les domaines de la sant\u00e9, des migrations et de la s\u00e9curit\u00e9, et manifestent leur volont\u00e9 de renforcer davantage la coop\u00e9ration dans ces secteurs traditionnels et de l\u2019\u00e9tendre \u00e0 de nouveaux domaines d\u2019int\u00e9r\u00eat mutuel. Ils annoncent la tenue de la 1\u00e8re R\u00e9union de haut niveau Mauritanie-Espagne en 2025.<\/p>\n\n\n\n<p>9. La Mauritanie et l\u2019Espagne sont confront\u00e9es \u00e0 des enjeux, des menaces et des d\u00e9fis communs en mati\u00e8re de s\u00e9curit\u00e9. Les deux pays s\u2019engagent \u00e0 renforcer leur coop\u00e9ration, tant \u00e0 l\u2019\u00e9chelle bilat\u00e9rale que multilat\u00e9rale. Ils mettent l\u2019accent sur la n\u00e9cessit\u00e9 d\u2019identifier des objectifs communs dans la lutte contre le terrorisme, la radicalisation et le crime organis\u00e9, y compris le trafic et la traite des \u00eatres humains, tout en r\u00e9it\u00e9rant leur d\u00e9termination \u00e0 renforcer les consultations mutuelles et la coop\u00e9ration dans tous les domaines pertinents. \u00c0 cet \u00e9gard, la Mauritanie et l\u2019Espagne saluent l\u2019adoption d\u2019une d\u00e9claration visant \u00e0 promouvoir la coop\u00e9ration dans la lutte contre les organisations et les r\u00e9seaux criminels internationaux.<\/p>\n\n\n\n<p>10. Le Pr\u00e9sident S\u00e1nchez salue l\u2019\u00e9volution tr\u00e8s positive de la Mauritanie ces derni\u00e8res ann\u00e9es, en particulier la consolidation d\u00e9mocratique en cours depuis les \u00e9lections pr\u00e9sidentielles de 2019. Il souligne que les r\u00e9sultats obtenus en mati\u00e8re de stabilit\u00e9 et de s\u00e9curit\u00e9 constituent un atout remarquable dans le contexte r\u00e9gional.<\/p>\n\n\n\n<p>11. Dans le domaine de la d\u00e9fense, la Mauritanie et l\u2019Espagne se r\u00e9jouissent de l\u2019avanc\u00e9e majeure que repr\u00e9sente l\u2019approbation, au sein de l\u2019Otan, du plan d\u2019action de l\u2019Alliance pour le Sud, qui s\u2019inscrit dans la continuit\u00e9 du sommet de Madrid. Ce plan d\u2019action permettra de renforcer les relations, d\u00e9j\u00e0 excellentes, entre les deux minist\u00e8res de la D\u00e9fense. Les deux pays s\u2019engagent \u00e0 poursuivre la tenue r\u00e9guli\u00e8re de commissions mixtes bilat\u00e9rales et \u00e0 approfondir leur collaboration, notamment en ce qui concerne le renforcement des capacit\u00e9s, la formation et la coop\u00e9ration dans le cadre d\u2019initiatives multilat\u00e9rales, y compris la participation \u00e0 des exercices conjoints.<\/p>\n\n\n\n<p>12. Sur le plan \u00e9conomique, la Mauritanie et l\u2019Espagne se f\u00e9licitent de leurs excellentes relations bilat\u00e9rales qui ont donn\u00e9 lieu \u00e0 la signature de plusieurs accords \u00e9conomiques. Ainsi, l\u2019Accord sur la promotion et la protection r\u00e9ciproque des investissements (APPRI), le Programme de conversion de la dette ext\u00e9rieure (PCD) de 2008 et l\u2019Initiative de suspension du service de la dette (ISSD) du G-20 demeurent en vigueur. Les deux pays conviennent de l\u2019importance de dynamiser les relations d\u2019affaires et d\u2019investissement et se f\u00e9licitent du lancement du Forum d\u2019affaires bilat\u00e9ral Mauritanie-Espagne, qui contribuera \u00e0 renforcer les relations entre leurs secteurs priv\u00e9s respectifs.<\/p>\n\n\n\n<p>13. Les deux pays travailleront ensemble afin d\u2019identifier les opportunit\u00e9s et de veiller \u00e0 ce que de bonnes conditions soient r\u00e9unies pour promouvoir la coop\u00e9ration \u00e9conomique et les investissements. Ce travail s\u2019appuiera sur l\u2019enveloppe financi\u00e8re annonc\u00e9e lors de la visite du Pr\u00e9sident S\u00e1nchez en f\u00e9vrier 2024, dont le montant s\u2019\u00e9l\u00e8ve \u00e0 200 millions d\u2019euros et qui est principalement destin\u00e9e au financement de projets et d\u2019investissements dans les secteurs de l\u2019\u00e9nergie renouvelable, de l\u2019hydrog\u00e8ne vert et de l\u2019eau et de l\u2019assainissement en Mauritanie. Les relations commerciales, quant \u00e0 elles, sont solides et offrent un \u00e9norme potentiel de d\u00e9veloppement.<\/p>\n\n\n\n<p>14. La Mauritanie et l\u2019Espagne reconnaissent l\u2019importance de la coop\u00e9ration culturelle pour le renforcement des liens humains entre leurs peuples. L\u2019Espagne se f\u00e9licite de l\u2019int\u00e9r\u00eat de la Mauritanie pour l\u2019apprentissage de la langue espagnole et pr\u00e9voit d\u2019ouvrir une antenne de l\u2019Instituto Cervantes \u00e0 Nouakchott en r\u00e9ponse \u00e0 la demande des autorit\u00e9s mauritaniennes.<\/p>\n\n\n\n<p>Travailler ensemble pour un d\u00e9veloppement inclusif et durable et pour des migrations s\u00fbres, ordonn\u00e9es et r\u00e9guli\u00e8res dans un environnement s\u00fbr et prot\u00e9g\u00e9 pour les biens et les personnes<\/p>\n\n\n\n<p>15. La Mauritanie et l\u2019Espagne constatent l\u2019importance de la coop\u00e9ration au d\u00e9veloppement pour les relations bilat\u00e9rales et rappellent que la Mauritanie est un pays prioritaire pour la coop\u00e9ration espagnole. Le nouveau \u00ab Cadre de partenariat-pays \u00bb, sign\u00e9 en f\u00e9vrier dernier, a permis de mettre \u00e0 jour les priorit\u00e9s communes aux deux pays. Le nouveau document s\u2019aligne sur la Strat\u00e9gie de croissance acc\u00e9l\u00e9r\u00e9e et de prosp\u00e9rit\u00e9 partag\u00e9e (SCAPP 2016-2030) et sur le Programme prioritaire \u00e9largi du Pr\u00e9sident.<\/p>\n\n\n\n<p>16. Les deux Pr\u00e9sidents se f\u00e9licitent de l\u2019excellente relation bilat\u00e9rale en mati\u00e8re migratoire. Ils expriment leur engagement \u00e0 \u0153uvrer ensemble \u00e0 la promotion de migrations s\u00fbres, ordonn\u00e9es et r\u00e9guli\u00e8res et consid\u00e8rent que la coop\u00e9ration en mati\u00e8re migratoire est l\u2019un des axes prioritaires de la relation entre les deux pays. L\u2019Accord sur les flux migratoires sign\u00e9 en 2007 constitue un point de d\u00e9part pour une entente en la mati\u00e8re.<\/p>\n\n\n\n<p>17. Ils reconnaissent la contribution positive des migrants \u00e0 la croissance inclusive et au d\u00e9veloppement durable de leurs pays respectifs. Ils s\u2019engagent \u00e0 continuer \u00e0 travailler ensemble pour g\u00e9rer les flux migratoires selon une approche int\u00e9grale garantissant un traitement juste et humain des migrants, et insistent sur la n\u00e9cessit\u00e9 de lutter contre le racisme et la x\u00e9nophobie sous toutes leurs formes, en s\u2019engageant \u00e0 unir leurs efforts en ce sens.<\/p>\n\n\n\n<p>18. Conscients des difficult\u00e9s suppl\u00e9mentaires auxquelles les femmes sont confront\u00e9es dans les mobilit\u00e9s humaines, les deux pays s\u2019engagent \u00e0 adopter une approche fond\u00e9e sur le genre qui tienne compte de la d\u00e9fense des droits des femmes et des filles dans tous les domaines des relations bilat\u00e9rales en mati\u00e8re de migration.<\/p>\n\n\n\n<p>19. Les deux pays soulignent que le dialogue sur les migrations entre la Mauritanie et l\u2019Union europ\u00e9enne leur offre de nouvelles opportunit\u00e9s pour continuer de montrer leur volont\u00e9 de travailler ensemble \u00e0 la recherche de solutions durables aux enjeux migratoires.<\/p>\n\n\n\n<p>20. Les deux Pr\u00e9sidents consid\u00e8rent que la signature d\u2019un m\u00e9morandum d\u2019entente pour la r\u00e9gulation et l\u2019organisation des flux migratoires sera utile \u00e0 la mise en \u0153uvre d\u2019un programme pour des migrations s\u00fbres, ordonn\u00e9es et r\u00e9guli\u00e8res entre les deux pays, comprenant notamment des programmes de migration circulaire, pionniers en Europe, qui accordent une place particuli\u00e8re aux jeunes et aux femmes.<\/p>\n\n\n\n<p>21. \u00c0 ce jour, des r\u00e9sultats remarquables ont d\u00e9j\u00e0 \u00e9t\u00e9 obtenus en la mati\u00e8re. La visite a donc permis de renforcer l\u2019engagement en faveur de la coop\u00e9ration dans les domaines de la s\u00e9curit\u00e9 et des affaires int\u00e9rieures, ainsi que dans ceux couverts par la Convention sur la coop\u00e9ration en mati\u00e8re de s\u00e9curit\u00e9 de 2018 et par les conclusions de la derni\u00e8re commission de suivi, tenue \u00e0 Madrid en 2023.<\/p>\n","protected":false},"excerpt":{"rendered":"<p>AMI Son Excellence le Pr\u00e9sident de la R\u00e9publique, Pr\u00e9sident de l\u2019Union Africaine, Monsieur Mohamed Ould Cheikh El-Ghazouani a re\u00e7u, le 27 ao\u00fbt 2024 Son Excellence Monsieur Pedro Sanchez, pr\u00e9sident du gouvernement du Royaume d\u2019Espagne. Cette visite intervient apr\u00e8s la r\u00e9\u00e9lection du Pr\u00e9sident Mohamed Ould Cheikh El Ghazouani qui marque l\u2019ouverture d\u2019une nouvelle \u00e9tape. Les deux [&hellip;]<\/p>\n","protected":false},"author":2,"featured_media":58860,"comment_status":"open","ping_status":"open","sticky":false,"template":"","format":"standard","meta":{"footnotes":""},"categories":[1449],"tags":[],"class_list":["post-58859","post","type-post","status-publish","format-standard","has-post-thumbnail","hentry","category-national"],"_links":{"self":[{"href":"https:\/\/lestracesdelinfo.com\/index.php\/wp-json\/wp\/v2\/posts\/58859","targetHints":{"allow":["GET"]}}],"collection":[{"href":"https:\/\/lestracesdelinfo.com\/index.php\/wp-json\/wp\/v2\/posts"}],"about":[{"href":"https:\/\/lestracesdelinfo.com\/index.php\/wp-json\/wp\/v2\/types\/post"}],"author":[{"embeddable":true,"href":"https:\/\/lestracesdelinfo.com\/index.php\/wp-json\/wp\/v2\/users\/2"}],"replies":[{"embeddable":true,"href":"https:\/\/lestracesdelinfo.com\/index.php\/wp-json\/wp\/v2\/comments?post=58859"}],"version-history":[{"count":1,"href":"https:\/\/lestracesdelinfo.com\/index.php\/wp-json\/wp\/v2\/posts\/58859\/revisions"}],"predecessor-version":[{"id":58861,"href":"https:\/\/lestracesdelinfo.com\/index.php\/wp-json\/wp\/v2\/posts\/58859\/revisions\/58861"}],"wp:featuredmedia":[{"embeddable":true,"href":"https:\/\/lestracesdelinfo.com\/index.php\/wp-json\/wp\/v2\/media\/58860"}],"wp:attachment":[{"href":"https:\/\/lestracesdelinfo.com\/index.php\/wp-json\/wp\/v2\/media?parent=58859"}],"wp:term":[{"taxonomy":"category","embeddable":true,"href":"https:\/\/lestracesdelinfo.com\/index.php\/wp-json\/wp\/v2\/categories?post=58859"},{"taxonomy":"post_tag","embeddable":true,"href":"https:\/\/lestracesdelinfo.com\/index.php\/wp-json\/wp\/v2\/tags?post=58859"}],"curies":[{"name":"wp","href":"https:\/\/api.w.org\/{rel}","templated":true}]}}