{"id":58874,"date":"2024-08-30T09:02:28","date_gmt":"2024-08-30T09:02:28","guid":{"rendered":"https:\/\/lestracesdelinfo.com\/?p=58874"},"modified":"2024-08-30T09:02:30","modified_gmt":"2024-08-30T09:02:30","slug":"home-actualite-diplomatie-senegal-espagne-le-president-diomaye-faye-a-recu-le-pm-espagnol-pedro-sanchez","status":"publish","type":"post","link":"https:\/\/lestracesdelinfo.com\/index.php\/2024\/08\/30\/home-actualite-diplomatie-senegal-espagne-le-president-diomaye-faye-a-recu-le-pm-espagnol-pedro-sanchez\/","title":{"rendered":"\u00a0Home\/Actualit\u00e9\/Diplomatie S\u00e9n\u00e9gal\/Espagne: Le pr\u00e9sident Diomaye Faye a re\u00e7u le PM espagnol, Pedro S\u00e1nchez"},"content":{"rendered":"\n<figure class=\"wp-block-image\"><img decoding=\"async\" src=\"https:\/\/www.rewmi.com\/wp-content\/uploads\/2024\/08\/Pedro-Sanchez-bassirou-diomaye-faye-2-1024x576-1-660x330.webp\" alt=\"Pedro Sanchez bassirou diomaye faye 2 1024x576 1\" title=\"Diplomatie S\u00e9n\u00e9gal\/Espagne: Le pr\u00e9sident Diomaye Faye a re\u00e7u le PM espagnol, Pedro S\u00e1nchez 1\"\/><\/figure>\n\n\n\n<h1 class=\"wp-block-heading\">Diplomatie S\u00e9n\u00e9gal\/Espagne: Le pr\u00e9sident Diomaye Faye a re\u00e7u le PM espagnol, Pedro S\u00e1nchez<\/h1>\n\n\n\n<h4 class=\"wp-block-heading\">Le pr\u00e9sident de le R\u00e9publique, Bassirou Diomaye Faye, a accueilli ce jeudi 29 ao\u00fbt 2024 le pr\u00e9sident du gouvernement espagnol, Pedro S\u00e1nchez, au Palais pr\u00e9sidentiel \u00e0 Dakar.&nbsp;Cette rencontre s\u2019inscrit dans le cadre d\u2019une tourn\u00e9e africaine de Pedro S\u00e1nchez, centr\u00e9e sur la question migratoire. \u00c0 l\u2019issue de leur \u00e9change, les deux chefs d\u2019\u00c9tat ont tenu une d\u00e9claration conjointe devant les m\u00e9dias.<\/h4>\n\n\n\n<p>Le Pr\u00e9sident de la R\u00e9publique, Bassirou Diomaye Faye, a re\u00e7u aujourd\u2019hui le Pr\u00e9sident du gouvernement du royaume d\u2019Espagne, Pedro Sanchez, en tourn\u00e9e en Afrique de l\u2019Ouest. Cette rencontre, qui s\u2019inscrit dans un contexte de renforcement des relations bilat\u00e9rales entre le S\u00e9n\u00e9gal et l\u2019Espagne, a permis d\u2019aborder des questions cruciales portant sur la migration, l\u2019agriculture, la formation technique et professionnelle et les infrastructures. Deux accords ont \u00e9t\u00e9 sign\u00e9s entre le S\u00e9n\u00e9gal et l\u2019Espagne pour renforcer la coop\u00e9ration en mati\u00e8re de migration et de lutte contre le crime transnational.<\/p>\n\n\n\n<p>Le pr\u00e9sident Diomaye Faye a soulign\u00e9 l\u2019importance de cette coop\u00e9ration, qui vise non seulement \u00e0 offrir des opportunit\u00e9s \u00e9conomiques aux S\u00e9n\u00e9galais, mais aussi \u00e0 lutter contre les dangers de la migration irr\u00e9guli\u00e8re.&nbsp;Il a exprim\u00e9 sa gratitude pour le soutien de l\u2019Espagne dans les efforts du S\u00e9n\u00e9gal pour endiguer ce fl\u00e9au, notamment par le renforcement des capacit\u00e9s en mati\u00e8re de s\u00e9curit\u00e9 et la lutte contre les r\u00e9seaux de traite des \u00eatres humains.<\/p>\n\n\n\n<p>Pedro S\u00e1nchez, pour sa part, a r\u00e9affirm\u00e9 l\u2019engagement de l\u2019Espagne en faveur d\u2019une migration ordonn\u00e9e, qu\u2019il consid\u00e8re comme b\u00e9n\u00e9fique pour les pays d\u2019origine et de destination. Il a insist\u00e9 sur les dangers de la migration irr\u00e9guli\u00e8re, qualifiant la situation de \u00ab&nbsp;v\u00e9ritable enfer&nbsp;\u00bb pour les migrants, souvent victimes de conditions d\u2019exploitation extr\u00eames et d\u2019un risque \u00e9lev\u00e9 de mort.<\/p>\n\n\n\n<p>Egalement, on informe que cette visite fait suite \u00e0 des discussions similaires en Mauritanie et en Gambie, avec pour objectif principal de renforcer la gestion de la migration circulaire.&nbsp; Ce concept, au c\u0153ur du m\u00e9morandum sign\u00e9 entre les deux nations, vise \u00e0 encadrer la migration de mani\u00e8re ordonn\u00e9e, permettant aux travailleurs s\u00e9n\u00e9galais d\u2019acc\u00e9der \u00e0 des emplois saisonniers en Espagne tout en assurant leur retour dans leur pays \u00e0 la fin de leur contrat.<\/p>\n","protected":false},"excerpt":{"rendered":"<p>Diplomatie S\u00e9n\u00e9gal\/Espagne: Le pr\u00e9sident Diomaye Faye a re\u00e7u le PM espagnol, Pedro S\u00e1nchez Le pr\u00e9sident de le R\u00e9publique, Bassirou Diomaye Faye, a accueilli ce jeudi 29 ao\u00fbt 2024 le pr\u00e9sident du gouvernement espagnol, Pedro S\u00e1nchez, au Palais pr\u00e9sidentiel \u00e0 Dakar.&nbsp;Cette rencontre s\u2019inscrit dans le cadre d\u2019une tourn\u00e9e africaine de Pedro S\u00e1nchez, centr\u00e9e sur la question [&hellip;]<\/p>\n","protected":false},"author":2,"featured_media":58875,"comment_status":"open","ping_status":"open","sticky":false,"template":"","format":"standard","meta":{"footnotes":""},"categories":[1447],"tags":[],"class_list":["post-58874","post","type-post","status-publish","format-standard","has-post-thumbnail","hentry","category-afrique"],"_links":{"self":[{"href":"https:\/\/lestracesdelinfo.com\/index.php\/wp-json\/wp\/v2\/posts\/58874","targetHints":{"allow":["GET"]}}],"collection":[{"href":"https:\/\/lestracesdelinfo.com\/index.php\/wp-json\/wp\/v2\/posts"}],"about":[{"href":"https:\/\/lestracesdelinfo.com\/index.php\/wp-json\/wp\/v2\/types\/post"}],"author":[{"embeddable":true,"href":"https:\/\/lestracesdelinfo.com\/index.php\/wp-json\/wp\/v2\/users\/2"}],"replies":[{"embeddable":true,"href":"https:\/\/lestracesdelinfo.com\/index.php\/wp-json\/wp\/v2\/comments?post=58874"}],"version-history":[{"count":1,"href":"https:\/\/lestracesdelinfo.com\/index.php\/wp-json\/wp\/v2\/posts\/58874\/revisions"}],"predecessor-version":[{"id":58876,"href":"https:\/\/lestracesdelinfo.com\/index.php\/wp-json\/wp\/v2\/posts\/58874\/revisions\/58876"}],"wp:featuredmedia":[{"embeddable":true,"href":"https:\/\/lestracesdelinfo.com\/index.php\/wp-json\/wp\/v2\/media\/58875"}],"wp:attachment":[{"href":"https:\/\/lestracesdelinfo.com\/index.php\/wp-json\/wp\/v2\/media?parent=58874"}],"wp:term":[{"taxonomy":"category","embeddable":true,"href":"https:\/\/lestracesdelinfo.com\/index.php\/wp-json\/wp\/v2\/categories?post=58874"},{"taxonomy":"post_tag","embeddable":true,"href":"https:\/\/lestracesdelinfo.com\/index.php\/wp-json\/wp\/v2\/tags?post=58874"}],"curies":[{"name":"wp","href":"https:\/\/api.w.org\/{rel}","templated":true}]}}