{"id":58890,"date":"2024-08-31T12:17:16","date_gmt":"2024-08-31T12:17:16","guid":{"rendered":"https:\/\/lestracesdelinfo.com\/?p=58890"},"modified":"2024-08-31T12:17:23","modified_gmt":"2024-08-31T12:17:23","slug":"precisions-du-parquet-sur-le-contenu-du-point-de-presse-de-lequipe-de-defense-de-laccuse-mohamed-ould-abdel-aziz","status":"publish","type":"post","link":"https:\/\/lestracesdelinfo.com\/index.php\/2024\/08\/31\/precisions-du-parquet-sur-le-contenu-du-point-de-presse-de-lequipe-de-defense-de-laccuse-mohamed-ould-abdel-aziz\/","title":{"rendered":"Pr\u00e9cisions du Parquet sur le contenu du point de presse de l\u2019\u00e9quipe de d\u00e9fense de l\u2019accus\u00e9 Mohamed Ould Abdel Aziz"},"content":{"rendered":"\n<p>AMI<\/p>\n\n\n\n<figure class=\"wp-block-image\"><a href=\"https:\/\/ami.mr\/fr\/wp-content\/uploads\/2024\/08\/5588.jpg\"><img decoding=\"async\" src=\"https:\/\/ami.mr\/fr\/wp-content\/uploads\/2024\/08\/5588-750x430.jpg\" alt=\"\"\/><\/a><\/figure>\n\n\n\n<p>Le Procureur pr\u00e8s la Cour d\u2019Appel de Nouakchott- Ouest a apport\u00e9 vendredi soir des pr\u00e9cisions sur le contenu du point de presse de la d\u00e9fense de l\u2019accus\u00e9 Mohamed Ould Abdel Aziz.<\/p>\n\n\n\n<p>Voici le texte de la d\u00e9claration du parquet dont une copie est parvenue \u00e0 l\u2019Agence Mauritanienne d\u2019Information (AMI).<\/p>\n\n\n\n<p>\u00ab Nous avons \u00e9t\u00e9 surpris par un point de presse \u00e9manant de Me Mohameden Ould Ichidou, au nom de l\u2019\u00e9quipe de d\u00e9fense de l\u2019accus\u00e9 Mohamed Ould Abdel Aziz, comprenant plusieurs paragraphes publi\u00e9s sans contr\u00f4le et contenant des informations qui \u00e9taient pour le moins impr\u00e9cises dans leur int\u00e9gralit\u00e9. Il \u00e9tait donc n\u00e9cessaire d\u2019y r\u00e9pondre afin de clarifier les faits et d\u2019exposer la situation telle qu\u2019elle est.<\/p>\n\n\n\n<p>Nous allons examiner cette question en r\u00e9pondant aux paragraphes de la note d\u2019information et en donnant les informations correctes :<\/p>\n\n\n\n<p>Le briefing indique que la d\u00e9fense a soumis une lettre au ministre de la Justice lui rappelant la gravit\u00e9 de l\u2019\u00e9tat de sant\u00e9 de leur client. Il convient de noter que le ministre de la Justice re\u00e7oit du courrier mais aussi des personnes et traite tout cela de mani\u00e8re qui sied \u00e0 chaque situation. Toutefois, le dossier en question rel\u00e8ve de la comp\u00e9tence exclusive de la juridiction concern\u00e9e et toute ing\u00e9rence du ministre de la Justice viole le principe de la s\u00e9paration des pouvoirs consacr\u00e9 par la Constitution.<\/p>\n\n\n\n<p>Quant \u00e0 la r\u00e9f\u00e9rence, dans le m\u00e9moire, \u00e0 la gravit\u00e9 de l\u2019\u00e9tat de sant\u00e9 de l\u2019int\u00e9ress\u00e9, elle est sans fondement. Le d\u00e9tenu, comme les autres d\u2019ailleurs, b\u00e9n\u00e9ficie de son plein droit aux soins de sant\u00e9 n\u00e9cessaires aux frais de l\u2019\u00c9tat et ce, de mani\u00e8re r\u00e9guli\u00e8re et appropri\u00e9e. Il b\u00e9n\u00e9ficie d\u2019un privil\u00e8ge particulier, puisqu\u2019il est suivi par un m\u00e9decin de son choix.<\/p>\n\n\n\n<p>Ce m\u00e9decin a d\u00e9clar\u00e9 \u00e0 plusieurs reprises suivre r\u00e9guli\u00e8rement son \u00e9tat de sant\u00e9 qui se pr\u00e9sente plut\u00f4t dans de bonnes conditions et que les autorit\u00e9s comp\u00e9tentes coop\u00e8rent pleinement avec lui. Ledit m\u00e9decin a \u00e9galement proc\u00e9d\u00e9 aux consultations et examens n\u00e9cessaires \u00e0 l\u2019issue desquels il \u00e9tablit, le cas \u00e9ch\u00e9ant, des rapports m\u00e9dicaux. Le plus r\u00e9cent de ces rapports est \u00e9tabli conjointement avec un chirurgien orthop\u00e9dique (choisi par le m\u00e9decin de l\u2019int\u00e9ress\u00e9), qui indique que celui- ci souffre d\u2019une infection du genou qui le fait souffrir et qui n\u00e9cessite un traitement qui, selon le rapport, peut \u00eatre effectu\u00e9 sur place.<\/p>\n\n\n\n<p>Lorsque le Parquet a re\u00e7u ce rapport et examin\u00e9 les recommandations qu\u2019il contenait, il a rendu une ordonnance enjoignant aux deux m\u00e9decins en question d\u2019entreprendre le traitement n\u00e9cessaire, de choisir tout \u00e9tablissement de sant\u00e9 appropri\u00e9, qu\u2019il soit public ou priv\u00e9 et de prendre toutes les mesures n\u00e9cessaires, y compris le recours \u00e0 une expertise \u00e9trang\u00e8re si n\u00e9cessaire. Tous les moyens n\u00e9cessaires \u00e0 l\u2019accomplissement de la mission ont \u00e9t\u00e9 mis \u00e0 leur disposition. Cependant, lorsque les deux m\u00e9decins ont contact\u00e9 le patient pour pr\u00e9parer le traitement, celui-ci a d\u00e9clin\u00e9 son refus total de subir un quelconque traitement.<\/p>\n\n\n\n<p>En ce qui concerne la question de la \u00ab d\u00e9tention arbitraire \u00bb et la violation de l\u2019article 470 du code de proc\u00e9dure p\u00e9nale, il convient de noter que cet article n\u2019est pas applicable \u00e0 la situation de la personne concern\u00e9e.<\/p>\n\n\n\n<p>S\u2019agissant de la fourniture d\u2019une copie originale du rapport m\u00e9dical aux avocats de la d\u00e9fense, comme indiqu\u00e9 dans le point de presse, nous rappelons que les conclusions m\u00e9dicales sont de nature personnelle et sont prot\u00e9g\u00e9es par le secret m\u00e9dical et professionnel conform\u00e9ment \u00e0 la loi. Elles ne constituent donc pas un \u00e9l\u00e9ment du dossier judiciaire qui doit \u00eatre mis \u00e0 la disposition de la d\u00e9fense, et restent une affaire personnelle que l\u2019int\u00e9ress\u00e9 peut du reste partager avec qui il veut.<\/p>\n\n\n\n<p>Quant \u00e0 emp\u00eacher la d\u00e9fense de visiter l\u2019accus\u00e9, c\u2019est tout simplement une all\u00e9gation sans fondement. L\u2019accus\u00e9 est autoris\u00e9 \u00e0 rencontrer son avocat et ses proches, conform\u00e9ment \u00e0 la r\u00e8glementation en vigueur.<\/p>\n\n\n\n<p>En plus de ce qui pr\u00e9c\u00e8de, l\u2019accus\u00e9 participe \u00e0 des activit\u00e9s sportives et de divertissement moyennant finance \u00e0 la charge de l\u2019\u00c9tat, lit librement les livres de son choix et rencontre certains membres de sa famille trois fois par jour.<\/p>\n\n\n\n<p>Dans ces conditions, quels sont les droits confisqu\u00e9s comme le pr\u00e9tend ledit briefing ?<\/p>\n\n\n\n<p>En tout \u00e9tat de cause, les pouvoirs publics restent conscients de la responsabilit\u00e9 qui leur incombe par rapport \u00e0 tous les individus priv\u00e9s de libert\u00e9 et veillent \u00e0 leur acc\u00e8s \u00e0 leurs droits. Ces m\u00eames pouvoirs reconnaissent l\u2019importance des soins de sant\u00e9 dont ils ont besoin, qui doivent leur \u00eatre fournis gratuitement en conformit\u00e9 avec les lois et r\u00e8glements en vigueur en R\u00e9publique Islamique de Mauritanie\u00bb.<\/p>\n\n\n\n<p><a href=\"https:\/\/www.facebook.com\/sharer\/sharer.php?u=https%3A%2F%2Fami.mr%2Ffr%2Farchives%2F253185\" rel=\"noreferrer noopener\" target=\"_blank\"><\/a><a href=\"https:\/\/twitter.com\/intent\/tweet?text=Pr%C3%A9cisions%20du%20Parquet%20sur%20le%20contenu%20du%20point%20de%20presse%20de%20l%27%C3%A9quipe%20de%20d%C3%A9fense%20de%20l%27accus%C3%A9%20Mohamed%20Ould%20Abdel%20Aziz&amp;url=https%3A%2F%2Fami.mr%2Ffr%2Farchives%2F253185\" rel=\"noreferrer noopener\" target=\"_blank\"><\/a><a href=\"https:\/\/api.whatsapp.com\/send?text=Pr%C3%A9cisions%20du%20Parquet%20sur%20le%20contenu%20du%20point%20de%20presse%20de%20l%27%C3%A9quipe%20de%20d%C3%A9fense%20de%20l%27accus%C3%A9%20Mohamed%20Ould%20Abdel%20Aziz%20https%3A%2F%2Fami.mr%2Ffr%2Farchives%2F253185\" rel=\"noreferrer noopener\" target=\"_blank\"><\/a><a href=\"https:\/\/www.instagram.com\/\" rel=\"noreferrer noopener\" target=\"_blank\"><\/a><a href=\"https:\/\/ami.mr\/fr\/archives\/253185\"><\/a><\/p>\n","protected":false},"excerpt":{"rendered":"<p>AMI Le Procureur pr\u00e8s la Cour d\u2019Appel de Nouakchott- Ouest a apport\u00e9 vendredi soir des pr\u00e9cisions sur le contenu du point de presse de la d\u00e9fense de l\u2019accus\u00e9 Mohamed Ould Abdel Aziz. Voici le texte de la d\u00e9claration du parquet dont une copie est parvenue \u00e0 l\u2019Agence Mauritanienne d\u2019Information (AMI). \u00ab Nous avons \u00e9t\u00e9 surpris [&hellip;]<\/p>\n","protected":false},"author":2,"featured_media":58891,"comment_status":"open","ping_status":"open","sticky":false,"template":"","format":"standard","meta":{"footnotes":""},"categories":[1449],"tags":[],"class_list":["post-58890","post","type-post","status-publish","format-standard","has-post-thumbnail","hentry","category-national"],"_links":{"self":[{"href":"https:\/\/lestracesdelinfo.com\/index.php\/wp-json\/wp\/v2\/posts\/58890","targetHints":{"allow":["GET"]}}],"collection":[{"href":"https:\/\/lestracesdelinfo.com\/index.php\/wp-json\/wp\/v2\/posts"}],"about":[{"href":"https:\/\/lestracesdelinfo.com\/index.php\/wp-json\/wp\/v2\/types\/post"}],"author":[{"embeddable":true,"href":"https:\/\/lestracesdelinfo.com\/index.php\/wp-json\/wp\/v2\/users\/2"}],"replies":[{"embeddable":true,"href":"https:\/\/lestracesdelinfo.com\/index.php\/wp-json\/wp\/v2\/comments?post=58890"}],"version-history":[{"count":1,"href":"https:\/\/lestracesdelinfo.com\/index.php\/wp-json\/wp\/v2\/posts\/58890\/revisions"}],"predecessor-version":[{"id":58892,"href":"https:\/\/lestracesdelinfo.com\/index.php\/wp-json\/wp\/v2\/posts\/58890\/revisions\/58892"}],"wp:featuredmedia":[{"embeddable":true,"href":"https:\/\/lestracesdelinfo.com\/index.php\/wp-json\/wp\/v2\/media\/58891"}],"wp:attachment":[{"href":"https:\/\/lestracesdelinfo.com\/index.php\/wp-json\/wp\/v2\/media?parent=58890"}],"wp:term":[{"taxonomy":"category","embeddable":true,"href":"https:\/\/lestracesdelinfo.com\/index.php\/wp-json\/wp\/v2\/categories?post=58890"},{"taxonomy":"post_tag","embeddable":true,"href":"https:\/\/lestracesdelinfo.com\/index.php\/wp-json\/wp\/v2\/tags?post=58890"}],"curies":[{"name":"wp","href":"https:\/\/api.w.org\/{rel}","templated":true}]}}