{"id":58893,"date":"2024-08-31T12:23:11","date_gmt":"2024-08-31T12:23:11","guid":{"rendered":"https:\/\/lestracesdelinfo.com\/?p=58893"},"modified":"2024-08-31T12:25:39","modified_gmt":"2024-08-31T12:25:39","slug":"la-russie-propose-un-renforcement-de-la-collaboration-militaire-avec-le-senegal","status":"publish","type":"post","link":"https:\/\/lestracesdelinfo.com\/index.php\/2024\/08\/31\/la-russie-propose-un-renforcement-de-la-collaboration-militaire-avec-le-senegal\/","title":{"rendered":"LA RUSSIE PROPOSE UN RENFORCEMENT DE LA COLLABORATION MILITAIRE AVEC LE S\u00c9N\u00c9GAL"},"content":{"rendered":"\n<h3 class=\"wp-block-heading\">Lors de sa visite en Russie, la ministre s\u00e9n\u00e9galaise Yacine Fall a rencontr\u00e9 Serge\u00ef Lavrov, qui a fait cette proposition face \u00e0 la menace croissante du terrorisme dans le Sahel.<\/h3>\n\n\n\n<figure class=\"wp-block-image\"><a href=\"http:\/\/seneplus.com\/\"><img decoding=\"async\" src=\"https:\/\/www.seneplus.com\/sites\/default\/files\/styles\/thumbnail\/public\/seneplus_main_logo%20%28300x100%29.jpg?itok=EcyuNTY0\" alt=\"\"\/><\/a><\/figure>\n\n\n\n<figure class=\"wp-block-image\"><img decoding=\"async\" src=\"https:\/\/www.seneplus.com\/sites\/default\/files\/styles\/section_hero\/public\/raw_photos\/whatsapp_image_2024-08-29_at_16.53.32.jpeg?itok=xd-hUv67\" alt=\"\"\/><\/figure>\n\n\n\n<ul class=\"wp-block-list\">\n<li><a href=\"https:\/\/www.addtoany.com\/share#url=https%3A%2F%2Fwww.seneplus.com%2Finternational%2Fla-russie-propose-un-renforcement-de-la-collaboration-militaire&amp;title=LA%20RUSSIE%20PROPOSE%20UN%20RENFORCEMENT%20DE%20LA%20COLLABORATION%20MILITAIRE%20AVEC%20LE%20S%C3%89N%C3%89GAL\">Partager<\/a>\u00a0<a href=\"https:\/\/www.seneplus.com\/#facebook\" target=\"_blank\" rel=\"noreferrer noopener\">Facebook<\/a>\u00a0<a href=\"https:\/\/www.seneplus.com\/#twitter\" target=\"_blank\" rel=\"noreferrer noopener\">Twitter<\/a>\u00a0<a href=\"https:\/\/www.seneplus.com\/#pinterest\" target=\"_blank\" rel=\"noreferrer noopener\">Pinterest<\/a>\u00a0<a href=\"https:\/\/www.seneplus.com\/#linkedin\" target=\"_blank\" rel=\"noreferrer noopener\">LinkedIn<\/a>\u00a0<a href=\"https:\/\/www.seneplus.com\/#whatsapp\" target=\"_blank\" rel=\"noreferrer noopener\">WhatsApp<\/a><\/li>\n<\/ul>\n\n\n\n<p>Mme Yacine Fall, la ministre de l\u2019Int\u00e9gration africaine et des Affaires \u00e9trang\u00e8res du S\u00e9n\u00e9gal est en Russie ce jeudi. Elle a eu une s\u00e9ance de travail avec son Homologue Serge\u00ef Lavrov. Ce dernier a tendu la main aux autorit\u00e9s s\u00e9n\u00e9galaises, quant \u00e0 une collaboration sur le plan militaire.<\/p>\n\n\n\n<p>Les autorit\u00e9s Russes se disent gravement pr\u00e9occup\u00e9e par la menace terroriste croissante dans le Sahel. Selon Serge\u00ef Lavrov, ministre des affaires \u00e9trang\u00e8res du pays, les groupes islamistes affili\u00e9s \u00e0 l\u2019Etat islamique et \u00e0 Al Qa\u00efda \u00ab\u00e9tendent progressivement, mais s\u00fbrement, leur influence et leurs activit\u00e9s&nbsp; aux pays d\u2019Afrique de l\u2019Ouest, y compris aux voisins du S\u00e9n\u00e9gal.\u00bb Pour lui, il y a int\u00e9r\u00eat \u00e0 unir les efforts pour lutter contre ces menaces.<\/p>\n\n\n\n<p>D\u2019ailleurs, il a propos\u00e9 au S\u00e9n\u00e9gal une collaboration militaire : \u00abLa Russie est pr\u00eate \u00e0&nbsp; aider le S\u00e9n\u00e9gal et d\u2019autres pays africains \u00e0 renforcer leurs capacit\u00e9s de d\u00e9fense et \u00e0 am\u00e9liorer la pr\u00e9paration antiterroriste de leurs forces arm\u00e9es et de leurs services sp\u00e9ciaux\u00bb, a propos\u00e9 le patron de la diplomatie russe. Il s&rsquo;exprimait lors d\u2019une conf\u00e9rence de presse conjointe avec Yacine Fall, ministre de l\u2019int\u00e9gration africaine et des Affaires \u00e9trang\u00e8res du S\u00e9n\u00e9gal.<\/p>\n","protected":false},"excerpt":{"rendered":"<p>Lors de sa visite en Russie, la ministre s\u00e9n\u00e9galaise Yacine Fall a rencontr\u00e9 Serge\u00ef Lavrov, qui a fait cette proposition face \u00e0 la menace croissante du terrorisme dans le Sahel. Mme Yacine Fall, la ministre de l\u2019Int\u00e9gration africaine et des Affaires \u00e9trang\u00e8res du S\u00e9n\u00e9gal est en Russie ce jeudi. Elle a eu une s\u00e9ance de [&hellip;]<\/p>\n","protected":false},"author":2,"featured_media":58894,"comment_status":"open","ping_status":"open","sticky":false,"template":"","format":"standard","meta":{"footnotes":""},"categories":[1447],"tags":[],"class_list":["post-58893","post","type-post","status-publish","format-standard","has-post-thumbnail","hentry","category-afrique"],"_links":{"self":[{"href":"https:\/\/lestracesdelinfo.com\/index.php\/wp-json\/wp\/v2\/posts\/58893","targetHints":{"allow":["GET"]}}],"collection":[{"href":"https:\/\/lestracesdelinfo.com\/index.php\/wp-json\/wp\/v2\/posts"}],"about":[{"href":"https:\/\/lestracesdelinfo.com\/index.php\/wp-json\/wp\/v2\/types\/post"}],"author":[{"embeddable":true,"href":"https:\/\/lestracesdelinfo.com\/index.php\/wp-json\/wp\/v2\/users\/2"}],"replies":[{"embeddable":true,"href":"https:\/\/lestracesdelinfo.com\/index.php\/wp-json\/wp\/v2\/comments?post=58893"}],"version-history":[{"count":1,"href":"https:\/\/lestracesdelinfo.com\/index.php\/wp-json\/wp\/v2\/posts\/58893\/revisions"}],"predecessor-version":[{"id":58895,"href":"https:\/\/lestracesdelinfo.com\/index.php\/wp-json\/wp\/v2\/posts\/58893\/revisions\/58895"}],"wp:featuredmedia":[{"embeddable":true,"href":"https:\/\/lestracesdelinfo.com\/index.php\/wp-json\/wp\/v2\/media\/58894"}],"wp:attachment":[{"href":"https:\/\/lestracesdelinfo.com\/index.php\/wp-json\/wp\/v2\/media?parent=58893"}],"wp:term":[{"taxonomy":"category","embeddable":true,"href":"https:\/\/lestracesdelinfo.com\/index.php\/wp-json\/wp\/v2\/categories?post=58893"},{"taxonomy":"post_tag","embeddable":true,"href":"https:\/\/lestracesdelinfo.com\/index.php\/wp-json\/wp\/v2\/tags?post=58893"}],"curies":[{"name":"wp","href":"https:\/\/api.w.org\/{rel}","templated":true}]}}