{"id":58896,"date":"2024-08-31T12:29:29","date_gmt":"2024-08-31T12:29:29","guid":{"rendered":"https:\/\/lestracesdelinfo.com\/?p=58896"},"modified":"2024-08-31T12:31:39","modified_gmt":"2024-08-31T12:31:39","slug":"communique-de-presse-du-parti-ufp","status":"publish","type":"post","link":"https:\/\/lestracesdelinfo.com\/index.php\/2024\/08\/31\/communique-de-presse-du-parti-ufp\/","title":{"rendered":"Communiqu\u00e9 de presse du parti UFP"},"content":{"rendered":"\n<p><img loading=\"lazy\" decoding=\"async\" src=\"https:\/\/cridem.org\/media\/photos\/photo\/biram_ould_maouloud_29428437.jpeg\" alt=\"Communiqu\u00e9 de presse du parti UFP \" width=\"300\" height=\"200\"><\/p>\n\n\n\n<p><strong>UFP<\/strong>&nbsp;&#8211; Le jeudi 29 Aout 2024, le Pr\u00e9sident de l&rsquo;Ira Biram Dah Ould Abeid a pris l&rsquo;initiative de rendre visite au Pr\u00e9sident Mohamed Ould Maouloud au si\u00e8ge de l&rsquo;UFP pour mettre fin \u00e0 la discorde qui a pr\u00e9valu dans leurs rapports au cours de ces derniers mois. Il \u00e9tait accompagn\u00e9 par Oumar Ould Yali Pr\u00e9sident du RAG et son Vice Pr\u00e9sident Mohamed Ould Abdel Aziz ainsi que par M. Ahmed Oubeid Vice Pr\u00e9sident de Sewab.<br><br>La rencontre s&rsquo;est d\u00e9roul\u00e9e en pr\u00e9sence des principaux responsables du parti, dans une ambiance fraternelle. A cette occasion, le Pr\u00e9sident Biram Dah O\/ Abeid, apr\u00e8s amples explications, a pr\u00e9sent\u00e9 ses excuses sur les incidents qui ont affect\u00e9 leurs relations.<br><br>Le Pr\u00e9sident Mohamed O\/ Maouloud \u00e0 son tour, a appr\u00e9ci\u00e9 cette d\u00e9marche courageuse et responsable et a accept\u00e9 ces excuses.<br><br>Les deux dirigeants ont convenu de consid\u00e9rer cet \u00e9pisode regrettable de leurs rapports comme d\u00e9pass\u00e9.<br><br>Dans le m\u00eame esprit le Pr\u00e9sident Mohamed o\/ Maouloud a d\u00e9cid\u00e9 de mettre fin \u00e0 la proc\u00e9dure en cours et de retirer ainsi sa plainte devant la justice, permettant de tourner cette page pour faire face aux exigences de la situation que traverse le pays.<br><br>Nouakchott le 30 Aout 2024<br><br>D\u00e9partement de communication&nbsp;<strong>UFP<\/strong><\/p>\n","protected":false},"excerpt":{"rendered":"<p>UFP&nbsp;&#8211; Le jeudi 29 Aout 2024, le Pr\u00e9sident de l&rsquo;Ira Biram Dah Ould Abeid a pris l&rsquo;initiative de rendre visite au Pr\u00e9sident Mohamed Ould Maouloud au si\u00e8ge de l&rsquo;UFP pour mettre fin \u00e0 la discorde qui a pr\u00e9valu dans leurs rapports au cours de ces derniers mois. Il \u00e9tait accompagn\u00e9 par Oumar Ould Yali Pr\u00e9sident [&hellip;]<\/p>\n","protected":false},"author":2,"featured_media":58897,"comment_status":"open","ping_status":"open","sticky":false,"template":"","format":"standard","meta":{"footnotes":""},"categories":[1306],"tags":[],"class_list":["post-58896","post","type-post","status-publish","format-standard","has-post-thumbnail","hentry","category-politique-general-politique-general"],"_links":{"self":[{"href":"https:\/\/lestracesdelinfo.com\/index.php\/wp-json\/wp\/v2\/posts\/58896","targetHints":{"allow":["GET"]}}],"collection":[{"href":"https:\/\/lestracesdelinfo.com\/index.php\/wp-json\/wp\/v2\/posts"}],"about":[{"href":"https:\/\/lestracesdelinfo.com\/index.php\/wp-json\/wp\/v2\/types\/post"}],"author":[{"embeddable":true,"href":"https:\/\/lestracesdelinfo.com\/index.php\/wp-json\/wp\/v2\/users\/2"}],"replies":[{"embeddable":true,"href":"https:\/\/lestracesdelinfo.com\/index.php\/wp-json\/wp\/v2\/comments?post=58896"}],"version-history":[{"count":1,"href":"https:\/\/lestracesdelinfo.com\/index.php\/wp-json\/wp\/v2\/posts\/58896\/revisions"}],"predecessor-version":[{"id":58898,"href":"https:\/\/lestracesdelinfo.com\/index.php\/wp-json\/wp\/v2\/posts\/58896\/revisions\/58898"}],"wp:featuredmedia":[{"embeddable":true,"href":"https:\/\/lestracesdelinfo.com\/index.php\/wp-json\/wp\/v2\/media\/58897"}],"wp:attachment":[{"href":"https:\/\/lestracesdelinfo.com\/index.php\/wp-json\/wp\/v2\/media?parent=58896"}],"wp:term":[{"taxonomy":"category","embeddable":true,"href":"https:\/\/lestracesdelinfo.com\/index.php\/wp-json\/wp\/v2\/categories?post=58896"},{"taxonomy":"post_tag","embeddable":true,"href":"https:\/\/lestracesdelinfo.com\/index.php\/wp-json\/wp\/v2\/tags?post=58896"}],"curies":[{"name":"wp","href":"https:\/\/api.w.org\/{rel}","templated":true}]}}