{"id":58970,"date":"2024-09-07T08:37:09","date_gmt":"2024-09-07T08:37:09","guid":{"rendered":"https:\/\/lestracesdelinfo.com\/?p=58970"},"modified":"2024-09-07T08:37:13","modified_gmt":"2024-09-07T08:37:13","slug":"le-president-de-la-republique-regagne-nouakchott-en-provenance-de-beijing","status":"publish","type":"post","link":"https:\/\/lestracesdelinfo.com\/index.php\/2024\/09\/07\/le-president-de-la-republique-regagne-nouakchott-en-provenance-de-beijing\/","title":{"rendered":"Le Pr\u00e9sident de la R\u00e9publique regagne Nouakchott en provenance de Beijing"},"content":{"rendered":"\n<p>On&nbsp;<strong>11:34 PM | 6 Sep 2024<\/strong><\/p>\n\n\n\n<figure class=\"wp-block-image\"><a href=\"https:\/\/ami.mr\/fr\/wp-content\/uploads\/2024\/09\/%D8%A7%D9%84%D8%B9%D9%88%D8%AF%D8%A9.jpg\"><img decoding=\"async\" src=\"https:\/\/ami.mr\/fr\/wp-content\/uploads\/2024\/09\/%D8%A7%D9%84%D8%B9%D9%88%D8%AF%D8%A9-750x430.jpg\" alt=\"\"\/><\/a><\/figure>\n\n\n\n<p>Le Pr\u00e9sident de la R\u00e9publique, Pr\u00e9sident de l\u2019Union africaine, Son Excellence Monsieur Mohamed Ould Cheikh El-Ghazouani, a regagn\u00e9 Nouakchott, vendredi soir, en provenance de Beijing apr\u00e8s avoir particip\u00e9, \u00e0 l\u2019invitation de son homologue chinois, Son Excellence Xi Jinping, au Sommet du Forum sur la coop\u00e9ration sino-africaine (FOCAC).<\/p>\n\n\n\n<p>Son Excellence le Pr\u00e9sident de la R\u00e9publique a \u00e9t\u00e9 accueilli \u00e0 l\u2019a\u00e9roport international de Nouakchott Oum Tounsi par le Premier Ministre, M. Mokhtar Ould Diay, le Secr\u00e9taire g\u00e9n\u00e9ral de la Pr\u00e9sidence de la R\u00e9publique, le ministre Conseiller \u00e0 la Pr\u00e9sidence de la R\u00e9publique, plusieurs membres du gouvernement, la directrice Adjointe du Cabinet du Pr\u00e9sident de la R\u00e9publique, le wali de Nouakchott Ouest et le Vice-Pr\u00e9sident de la R\u00e9gion de Nouakchott.<\/p>\n\n\n\n<p>Au cours de ce voyage, Son Excellence le Pr\u00e9sident de la R\u00e9publique \u00e9tait accompagn\u00e9 d\u2019une importante d\u00e9l\u00e9gation comprenant MM :<\/p>\n\n\n\n<p>\u2013 La Premi\u00e8re Dame, Dr Mariem Fadel Dah<\/p>\n\n\n\n<p>\u2013 Nany Ould Chrougha, Ministre Charg\u00e9 du Cabinet du Pr\u00e9sident de la R\u00e9publique,<\/p>\n\n\n\n<p>\u2013 Mohamed Salem Ould Merzoug, ministre des Affaires \u00e9trang\u00e8res, de la Coop\u00e9ration africaine et des Mauritaniens de l\u2019Etranger,<\/p>\n\n\n\n<p>\u2013 Sid Ahmed Ould Bouh, ministre de l\u2019Economie et des Finances,<\/p>\n\n\n\n<p>\u2013 Mohamed ABdellahi El Boukhary El Vilaly, ambassadeur de notre pays \u00e0 Beijing,<\/p>\n\n\n\n<p>\u2013 Khadijetou Mint Mbarek Vall, ambassadrice de Mauritanie aupr\u00e8s de l\u2019Union africaine,<\/p>\n\n\n\n<p>\u2013 Mohamed Ould Abdel Vettah, Haut-commissaire de l\u2019OMVS,<\/p>\n\n\n\n<p>\u2013 Ahmed Ould Bahine, charg\u00e9 de mission \u00e0 la Pr\u00e9sidence de la R\u00e9publique,<\/p>\n\n\n\n<p>\u2013 Ahmedou Ould Mohamed Radhi, conseiller \u00e0 la Pr\u00e9sidence de la R\u00e9publique,<\/p>\n\n\n\n<p>\u2013 El Hacen Ould Ahmed, Directeur g\u00e9n\u00e9ral du protocole d\u2019Etat.<\/p>\n","protected":false},"excerpt":{"rendered":"<p>On&nbsp;11:34 PM | 6 Sep 2024 Le Pr\u00e9sident de la R\u00e9publique, Pr\u00e9sident de l\u2019Union africaine, Son Excellence Monsieur Mohamed Ould Cheikh El-Ghazouani, a regagn\u00e9 Nouakchott, vendredi soir, en provenance de Beijing apr\u00e8s avoir particip\u00e9, \u00e0 l\u2019invitation de son homologue chinois, Son Excellence Xi Jinping, au Sommet du Forum sur la coop\u00e9ration sino-africaine (FOCAC). Son Excellence [&hellip;]<\/p>\n","protected":false},"author":2,"featured_media":58971,"comment_status":"open","ping_status":"open","sticky":false,"template":"","format":"standard","meta":{"footnotes":""},"categories":[1449],"tags":[],"class_list":["post-58970","post","type-post","status-publish","format-standard","has-post-thumbnail","hentry","category-national"],"_links":{"self":[{"href":"https:\/\/lestracesdelinfo.com\/index.php\/wp-json\/wp\/v2\/posts\/58970","targetHints":{"allow":["GET"]}}],"collection":[{"href":"https:\/\/lestracesdelinfo.com\/index.php\/wp-json\/wp\/v2\/posts"}],"about":[{"href":"https:\/\/lestracesdelinfo.com\/index.php\/wp-json\/wp\/v2\/types\/post"}],"author":[{"embeddable":true,"href":"https:\/\/lestracesdelinfo.com\/index.php\/wp-json\/wp\/v2\/users\/2"}],"replies":[{"embeddable":true,"href":"https:\/\/lestracesdelinfo.com\/index.php\/wp-json\/wp\/v2\/comments?post=58970"}],"version-history":[{"count":1,"href":"https:\/\/lestracesdelinfo.com\/index.php\/wp-json\/wp\/v2\/posts\/58970\/revisions"}],"predecessor-version":[{"id":58972,"href":"https:\/\/lestracesdelinfo.com\/index.php\/wp-json\/wp\/v2\/posts\/58970\/revisions\/58972"}],"wp:featuredmedia":[{"embeddable":true,"href":"https:\/\/lestracesdelinfo.com\/index.php\/wp-json\/wp\/v2\/media\/58971"}],"wp:attachment":[{"href":"https:\/\/lestracesdelinfo.com\/index.php\/wp-json\/wp\/v2\/media?parent=58970"}],"wp:term":[{"taxonomy":"category","embeddable":true,"href":"https:\/\/lestracesdelinfo.com\/index.php\/wp-json\/wp\/v2\/categories?post=58970"},{"taxonomy":"post_tag","embeddable":true,"href":"https:\/\/lestracesdelinfo.com\/index.php\/wp-json\/wp\/v2\/tags?post=58970"}],"curies":[{"name":"wp","href":"https:\/\/api.w.org\/{rel}","templated":true}]}}