{"id":58983,"date":"2024-09-08T09:33:48","date_gmt":"2024-09-08T09:33:48","guid":{"rendered":"https:\/\/lestracesdelinfo.com\/?p=58983"},"modified":"2024-09-08T09:33:51","modified_gmt":"2024-09-08T09:33:51","slug":"lassemblee-nationale-adopte-la-declaration-de-politique-generale-du-gouvernement","status":"publish","type":"post","link":"https:\/\/lestracesdelinfo.com\/index.php\/2024\/09\/08\/lassemblee-nationale-adopte-la-declaration-de-politique-generale-du-gouvernement\/","title":{"rendered":"L\u2019Assembl\u00e9e Nationale adopte la d\u00e9claration de politique g\u00e9n\u00e9rale du Gouvernement"},"content":{"rendered":"\n<p><\/p>\n\n\n\n<figure class=\"wp-block-image\"><a href=\"https:\/\/ami.mr\/fr\/wp-content\/uploads\/2024\/09\/IMG-20240908-WA0001.jpg\"><img decoding=\"async\" src=\"https:\/\/ami.mr\/fr\/wp-content\/uploads\/2024\/09\/IMG-20240908-WA0001.jpg\" alt=\"\"\/><\/a><\/figure>\n\n\n\n<p>L\u2019Assembl\u00e9e Nationale a adopt\u00e9 hier soir la d\u00e9claration de politique g\u00e9n\u00e9rale du Gouvernement pr\u00e9sent\u00e9e par le Premier ministre, M. Moctar Ould Diay , mercredi dernier devant l\u2019Assembl\u00e9e Nationale.<\/p>\n\n\n\n<p>Le pr\u00e9sident de l\u2019Assembl\u00e9e Nationale, M. Mohamed Bamba Meguet a pr\u00e9cis\u00e9 que les r\u00e9sultats du vote des d\u00e9put\u00e9s, au nombre de 176, sont venus comme suit:<\/p>\n\n\n\n<p>Nombre des votants par oui: 140<\/p>\n\n\n\n<p>Nombre des votants par non: 25<\/p>\n\n\n\n<p>Nombre des votants qui se sont abstenus: 0.<\/p>\n\n\n\n<p>Il a indiqu\u00e9 qu\u2019\u00e9tant donn\u00e9 les dispositions des articles 42, 74 et 75 de la constitution et des articles 73, 131 et 132 du r\u00e8glement int\u00e9rieur de l\u2019Assembl\u00e9e Nationale et \u00e9tant donn\u00e9 que les votes par non n\u2019ont atteint que 25, l\u2019Assembl\u00e9e Nationale a donc donn\u00e9 sa confiance au Gouvernement.<\/p>\n\n\n\n<p><a href=\"https:\/\/www.facebook.com\/sharer\/sharer.php?u=https%3A%2F%2Fami.mr%2Ffr%2Farchives%2F253717\" rel=\"noreferrer noopener\" target=\"_blank\"><\/a><a href=\"https:\/\/twitter.com\/intent\/tweet?text=L%27Assembl%C3%A9e%20Nationale%20adopte%20la%20d%C3%A9claration%20de%20politique%20g%C3%A9n%C3%A9rale%20du%20Gouvernement&amp;url=https%3A%2F%2Fami.mr%2Ffr%2Farchives%2F253717\" rel=\"noreferrer noopener\" target=\"_blank\"><\/a><a href=\"https:\/\/api.whatsapp.com\/send?text=L%27Assembl%C3%A9e%20Nationale%20adopte%20la%20d%C3%A9claration%20de%20politique%20g%C3%A9n%C3%A9rale%20du%20Gouvernement%20https%3A%2F%2Fami.mr%2Ffr%2Farchives%2F253717\" rel=\"noreferrer noopener\" target=\"_blank\"><\/a><a href=\"https:\/\/www.instagram.com\/\" rel=\"noreferrer noopener\" target=\"_blank\"><\/a><a href=\"https:\/\/ami.mr\/fr\/archives\/253717\"><\/a><\/p>\n","protected":false},"excerpt":{"rendered":"<p>L\u2019Assembl\u00e9e Nationale a adopt\u00e9 hier soir la d\u00e9claration de politique g\u00e9n\u00e9rale du Gouvernement pr\u00e9sent\u00e9e par le Premier ministre, M. Moctar Ould Diay , mercredi dernier devant l\u2019Assembl\u00e9e Nationale. Le pr\u00e9sident de l\u2019Assembl\u00e9e Nationale, M. Mohamed Bamba Meguet a pr\u00e9cis\u00e9 que les r\u00e9sultats du vote des d\u00e9put\u00e9s, au nombre de 176, sont venus comme suit: Nombre [&hellip;]<\/p>\n","protected":false},"author":2,"featured_media":58984,"comment_status":"open","ping_status":"open","sticky":false,"template":"","format":"standard","meta":{"footnotes":""},"categories":[1449],"tags":[],"class_list":["post-58983","post","type-post","status-publish","format-standard","has-post-thumbnail","hentry","category-national"],"_links":{"self":[{"href":"https:\/\/lestracesdelinfo.com\/index.php\/wp-json\/wp\/v2\/posts\/58983","targetHints":{"allow":["GET"]}}],"collection":[{"href":"https:\/\/lestracesdelinfo.com\/index.php\/wp-json\/wp\/v2\/posts"}],"about":[{"href":"https:\/\/lestracesdelinfo.com\/index.php\/wp-json\/wp\/v2\/types\/post"}],"author":[{"embeddable":true,"href":"https:\/\/lestracesdelinfo.com\/index.php\/wp-json\/wp\/v2\/users\/2"}],"replies":[{"embeddable":true,"href":"https:\/\/lestracesdelinfo.com\/index.php\/wp-json\/wp\/v2\/comments?post=58983"}],"version-history":[{"count":1,"href":"https:\/\/lestracesdelinfo.com\/index.php\/wp-json\/wp\/v2\/posts\/58983\/revisions"}],"predecessor-version":[{"id":58985,"href":"https:\/\/lestracesdelinfo.com\/index.php\/wp-json\/wp\/v2\/posts\/58983\/revisions\/58985"}],"wp:featuredmedia":[{"embeddable":true,"href":"https:\/\/lestracesdelinfo.com\/index.php\/wp-json\/wp\/v2\/media\/58984"}],"wp:attachment":[{"href":"https:\/\/lestracesdelinfo.com\/index.php\/wp-json\/wp\/v2\/media?parent=58983"}],"wp:term":[{"taxonomy":"category","embeddable":true,"href":"https:\/\/lestracesdelinfo.com\/index.php\/wp-json\/wp\/v2\/categories?post=58983"},{"taxonomy":"post_tag","embeddable":true,"href":"https:\/\/lestracesdelinfo.com\/index.php\/wp-json\/wp\/v2\/tags?post=58983"}],"curies":[{"name":"wp","href":"https:\/\/api.w.org\/{rel}","templated":true}]}}